{"id":100182,"date":"2023-07-14T07:24:00","date_gmt":"2023-07-14T05:24:00","guid":{"rendered":"https:\/\/www.greenpeace.ch\/?p=100182"},"modified":"2023-07-12T14:50:43","modified_gmt":"2023-07-12T12:50:43","slug":"klimakiller-waldbrand","status":"publish","type":"post","link":"https:\/\/www.greenpeace.ch\/de\/story\/100182\/klimakiller-waldbrand\/","title":{"rendered":"Klimakiller Waldbrand"},"content":{"rendered":"\n<p><strong>In Kanada w\u00fcteten im Juni 2023 mehrere Hundert Waldbr\u00e4nde. Die Rauchschwaden der Br\u00e4nde zogen in US-amerikanischen Metropolen wie New York und Washington D.C. Die Rauchwolke war einige Wochen nach Ausbruch der Br\u00e4nde sogar \u00fcber der Schweiz zu sehen. Die brennenden W\u00e4lder haben gravierende \u00f6kologische Folgen.<\/strong><\/p>\n\n<h2 class=\"wp-block-heading\">Gesundheit von Mensch und Tier bedroht<\/h2>\n\n<p>Die Br\u00e4nde in Kanada und in vielen anderen L\u00e4ndern auf der ganzen Welt zeigen uns das erschreckende Ausmass der Klimakrise. Feuer f\u00fchren durch Russ und Rauch zu hoher Luftverschmutzung und zu Atemwegserkrankungen. Sie vernichten den Lebensraum vieler Tier- und Pflanzenarten und bedrohen Menschenleben und Siedlungen. Die Br\u00e4nde haben gravierende \u00f6kologische Folgen \u2013 auch f\u00fcr das Klima.<\/p>\n\n<h2 class=\"wp-block-heading\">Br\u00e4nde verursachen massiv Emissionen<\/h2>\n\n<p>Wald-, Savannen-, Torfmoorbr\u00e4nde sowie solche in der Landwirtschaft verursachen globale CO2 Emissionen von 7,3 Milliarden Tonnen j\u00e4hrlich. Zus\u00e4tzlich setzen sie grosse Mengen an klimawirksamen Schadstoffen wie Methan und Russ frei, die erheblich zur Klimakrise beitragen. Die Menge an Emissionen ist gr\u00f6sser als die, die&nbsp; der globale Verkehr ausst\u00f6sst. Sie entspricht knapp der H\u00e4lfte der globalen Emissionen aus der Kohle-Verbrennung und heizt den Klimawandel massiv an.&nbsp;<\/p>\n<div data-hydrate=\"planet4-blocks\/gallery\" data-attributes=\"{&quot;attributes&quot;:{&quot;multiple_image&quot;:&quot;100188,100191&quot;,&quot;image_data&quot;:[{&quot;url&quot;:&quot;https:\\\/\\\/www.greenpeace.ch\\\/static\\\/planet4-switzerland-stateless\\\/2023\\\/07\\\/6acc60d2-gp0stuh5s_web_size.jpeg&quot;,&quot;focalPoint&quot;:{&quot;x&quot;:0.5,&quot;y&quot;:0.5},&quot;id&quot;:100188},{&quot;url&quot;:&quot;https:\\\/\\\/www.greenpeace.ch\\\/static\\\/planet4-switzerland-stateless\\\/2023\\\/07\\\/5484964e-gp0stuqt3_web_size.jpeg&quot;,&quot;focalPoint&quot;:{&quot;x&quot;:0.5,&quot;y&quot;:0.5},&quot;id&quot;:100191}],&quot;gallery_block_style&quot;:0,&quot;gallery_block_title&quot;:&quot;&quot;,&quot;gallery_block_description&quot;:&quot;&quot;,&quot;gallery_block_focus_points&quot;:&quot;&quot;,&quot;images&quot;:[{&quot;image_src&quot;:&quot;https:\\\/\\\/www.greenpeace.ch\\\/static\\\/planet4-switzerland-stateless\\\/2023\\\/07\\\/6acc60d2-gp0stuh5s_web_size.jpeg&quot;,&quot;image_srcset&quot;:&quot;https:\\\/\\\/www.greenpeace.ch\\\/static\\\/planet4-switzerland-stateless\\\/2023\\\/07\\\/6acc60d2-gp0stuh5s_web_size.jpeg 800w, https:\\\/\\\/www.greenpeace.ch\\\/static\\\/planet4-switzerland-stateless\\\/2023\\\/07\\\/6acc60d2-gp0stuh5s_web_size-300x200.jpeg 300w, https:\\\/\\\/www.greenpeace.ch\\\/static\\\/planet4-switzerland-stateless\\\/2023\\\/07\\\/6acc60d2-gp0stuh5s_web_size-768x512.jpeg 768w, https:\\\/\\\/www.greenpeace.ch\\\/static\\\/planet4-switzerland-stateless\\\/2023\\\/07\\\/6acc60d2-gp0stuh5s_web_size-510x340.jpeg 510w&quot;,&quot;image_sizes&quot;:false,&quot;alt_text&quot;:&quot;&quot;,&quot;caption&quot;:&quot;&quot;,&quot;focus_image&quot;:&quot;&quot;,&quot;credits&quot;:&quot;\\u00a9 Wason Wanichakorn \\\/ Greenpeace&quot;},{&quot;image_src&quot;:&quot;https:\\\/\\\/www.greenpeace.ch\\\/static\\\/planet4-switzerland-stateless\\\/2023\\\/07\\\/5484964e-gp0stuqt3_web_size.jpeg&quot;,&quot;image_srcset&quot;:&quot;https:\\\/\\\/www.greenpeace.ch\\\/static\\\/planet4-switzerland-stateless\\\/2023\\\/07\\\/5484964e-gp0stuqt3_web_size.jpeg 800w, https:\\\/\\\/www.greenpeace.ch\\\/static\\\/planet4-switzerland-stateless\\\/2023\\\/07\\\/5484964e-gp0stuqt3_web_size-300x200.jpeg 300w, https:\\\/\\\/www.greenpeace.ch\\\/static\\\/planet4-switzerland-stateless\\\/2023\\\/07\\\/5484964e-gp0stuqt3_web_size-768x512.jpeg 768w, https:\\\/\\\/www.greenpeace.ch\\\/static\\\/planet4-switzerland-stateless\\\/2023\\\/07\\\/5484964e-gp0stuqt3_web_size-510x340.jpeg 510w&quot;,&quot;image_sizes&quot;:false,&quot;alt_text&quot;:&quot;&quot;,&quot;caption&quot;:&quot;&quot;,&quot;focus_image&quot;:&quot;&quot;,&quot;credits&quot;:&quot;\\u00a9 David McNew \\\/ Greenpeace&quot;}]}}\"><section class=\"block carousel-wrap \"><div class=\"carousel slide\"><div class=\"carousel-inner\" role=\"listbox\"><\/div><\/div><\/section><\/div>\t\t\t<section\n\t\t\tclass=\"boxout  \"\n\t\t\t\n\t\t>\n\t\t\t<a\n\t\t\t\tdata-ga-category=\"Take Action Boxout\"\n\t\t\t\tdata-ga-action=\"Image\"\n\t\t\t\tdata-ga-label=\"n\/a\"\n\t\t\t\tclass=\"cover-card-overlay\"\n\t\t\t\thref=\"https:\/\/www.greenpeace.ch\/de\/unsere-waelder-brennen\/\" \n\t\t\t><\/a>\n\t\t\t\t\t\t\t<img\n\t\t\t\t\t\tsrc=\"https:\/\/www.greenpeace.ch\/static\/planet4-switzerland-stateless\/2022\/07\/964293a6-header-wald-lp-1-1024x487.png\"\n\t\t\t\t\t\tsrcset=\"https:\/\/www.greenpeace.ch\/static\/planet4-switzerland-stateless\/2022\/07\/964293a6-header-wald-lp-1-300x143.png 300w, https:\/\/www.greenpeace.ch\/static\/planet4-switzerland-stateless\/2022\/07\/964293a6-header-wald-lp-1-1024x487.png 1024w, https:\/\/www.greenpeace.ch\/static\/planet4-switzerland-stateless\/2022\/07\/964293a6-header-wald-lp-1-768x366.png 768w, https:\/\/www.greenpeace.ch\/static\/planet4-switzerland-stateless\/2022\/07\/964293a6-header-wald-lp-1-510x243.png 510w, https:\/\/www.greenpeace.ch\/static\/planet4-switzerland-stateless\/2022\/07\/964293a6-header-wald-lp-1.png 1536w\"\n\t\t\t\t\t\tsizes=\"(min-width: 1000px) 358px, (min-width: 780px) 313px, 88px\"\n\t\t\t\t\t\talt=\"\" title=\"\"\n\t\t\t\t\/>\n            \t\t\t<div class=\"boxout-content\">\n\t\t\t\t\t\t\t\t\t<a\n\t\t\t\t\t\tclass=\"boxout-heading medium\"\n\t\t\t\t\t\tdata-ga-category=\"Take Action Boxout\"\n\t\t\t\t\t\tdata-ga-action=\"Title\"\n\t\t\t\t\t\tdata-ga-label=\"n\/a\"\n\t\t\t\t\t\thref=\"https:\/\/www.greenpeace.ch\/de\/unsere-waelder-brennen\/\"\n\t\t\t\t\t\t\n\t\t\t\t\t>\n\t\t\t\t\t\tSch\u00fctzen wir unsere W\u00e4lder!\n\t\t\t\t\t<\/a>\n\t\t\t\t\t\t\t\t\t\t\t\t\t<p class=\"boxout-excerpt\">Die Br\u00e4nde haben gravierende \u00f6kologische Folgen \u2013 auch f\u00fcr das Klima. Mit deiner Spende hilfst du uns, unsere W\u00e4lder zu sch\u00fctzen.<\/p>\n\t\t\t\t                                    <a\n                        class=\"btn btn-primary\"\n                        data-ga-category=\"Take Action Boxout\"\n                        data-ga-action=\"Call to Action\"\n                        data-ga-label=\"n\/a\"\n                        href=\"https:\/\/www.greenpeace.ch\/de\/unsere-waelder-brennen\/\"\n                        \n                    >\n                        Jetzt spenden\n                    <\/a>\n                \t\t\t<\/div>\n\t\t\t\t\t<\/section>\n\t\n<h2 class=\"wp-block-heading\">Zerst\u00f6rte Waldfl\u00e4chen in Europa<\/h2>\n\n<p>Auch in Europa nimmt die Waldfl\u00e4che, die j\u00e4hrlich abbrennt, zu. Anhaltende Hitze und Trockenheit wirken wie Brandbeschleuniger. Vor allem knochentrockene Kiefern- und Fichtenforste sowie andere Nadelbaum-Plantagen, die wenig Wasser speichern k\u00f6nnen, sind betroffen. Die zerst\u00f6rten Fl\u00e4chen sind stark ausgetrocknet und k\u00f6nnen nicht mehr so viel CO2 aus der Atmosph\u00e4re entfernen und binden wie vorher &#8211; das beg\u00fcnstigt die globale Erw\u00e4rmung weiter.<\/p>\n\n<h2 class=\"wp-block-heading\">Mischw\u00e4lder statt Monokulturen<\/h2>\n\n<p>Die Schweiz setzt seit l\u00e4ngerem vermehrt auf Mischw\u00e4lder statt Monokulturen. Diese Entwicklung muss sich auch im Rest Europas durchsetzen: Die Forstwirtschaft darf nicht l\u00e4nger auf leicht brennbare Nadelbaumforste wie Kiefern- und Fichten-Monokulturen setzen, sondern sollte sie in Mischw\u00e4lder mit mehr Laubb\u00e4umen \u00fcberf\u00fchren. Diese k\u00f6nnen mehr Wasser speichern, sind weniger brennbar und \u00fcberstehen D\u00fcrren und Hitzewellen besser. Ausserdem bieten sie vielen Tier- und Pflanzenarten einen Lebensraum und k\u00f6nnen viel CO2 binden, womit sie helfen, das Klima zu sch\u00fctzen.<\/p>\n","protected":false},"excerpt":{"rendered":"<p>In Kanada w\u00fcteten im Juni 2023 mehrere Hundert Waldbr\u00e4nde. Die Rauchschwaden der Br\u00e4nde zogen in US-amerikanischen Metropolen wie New York und Washington D.C. Die Rauchwolke war einige Wochen nach Ausbruch der Br\u00e4nde sogar \u00fcber der Schweiz zu sehen.<\/p>\n","protected":false},"author":89,"featured_media":100185,"comment_status":"closed","ping_status":"closed","sticky":false,"template":"","format":"standard","meta":{"_acf_changed":false,"_planet4_optimize_post_is_variant":false,"_planet4_optimize_experiment_name":"","_planet4_optimize_variant_name":"","ep_exclude_from_search":false,"p4_og_title":"","p4_og_description":"","p4_og_image":"","p4_og_image_id":"","p4_seo_canonical_url":"","p4_campaign_name":"","p4_local_project":"","p4_basket_name":"","p4_department":"","footnotes":""},"categories":[1],"tags":[40],"p4-page-type":[75],"gpch-article-type":[],"class_list":["post-100182","post","type-post","status-publish","format-standard","has-post-thumbnail","hentry","category-unkategorisiert","tag-wald","p4-page-type-story"],"acf":[],"_links":{"self":[{"href":"https:\/\/www.greenpeace.ch\/de\/wp-json\/wp\/v2\/posts\/100182","targetHints":{"allow":["GET"]}}],"collection":[{"href":"https:\/\/www.greenpeace.ch\/de\/wp-json\/wp\/v2\/posts"}],"about":[{"href":"https:\/\/www.greenpeace.ch\/de\/wp-json\/wp\/v2\/types\/post"}],"author":[{"embeddable":true,"href":"https:\/\/www.greenpeace.ch\/de\/wp-json\/wp\/v2\/users\/89"}],"replies":[{"embeddable":true,"href":"https:\/\/www.greenpeace.ch\/de\/wp-json\/wp\/v2\/comments?post=100182"}],"version-history":[{"count":0,"href":"https:\/\/www.greenpeace.ch\/de\/wp-json\/wp\/v2\/posts\/100182\/revisions"}],"wp:featuredmedia":[{"embeddable":true,"href":"https:\/\/www.greenpeace.ch\/de\/wp-json\/wp\/v2\/media\/100185"}],"wp:attachment":[{"href":"https:\/\/www.greenpeace.ch\/de\/wp-json\/wp\/v2\/media?parent=100182"}],"wp:term":[{"taxonomy":"category","embeddable":true,"href":"https:\/\/www.greenpeace.ch\/de\/wp-json\/wp\/v2\/categories?post=100182"},{"taxonomy":"post_tag","embeddable":true,"href":"https:\/\/www.greenpeace.ch\/de\/wp-json\/wp\/v2\/tags?post=100182"},{"taxonomy":"p4-page-type","embeddable":true,"href":"https:\/\/www.greenpeace.ch\/de\/wp-json\/wp\/v2\/p4-page-type?post=100182"},{"taxonomy":"gpch-article-type","embeddable":true,"href":"https:\/\/www.greenpeace.ch\/de\/wp-json\/wp\/v2\/gpch-article-type?post=100182"}],"curies":[{"name":"wp","href":"https:\/\/api.w.org\/{rel}","templated":true}]}}