{"id":100213,"date":"2023-07-22T07:39:00","date_gmt":"2023-07-22T05:39:00","guid":{"rendered":"https:\/\/www.greenpeace.ch\/?p=100213"},"modified":"2023-07-12T14:55:18","modified_gmt":"2023-07-12T12:55:18","slug":"7-tipps-um-waldbraende-zu-vermeiden","status":"publish","type":"post","link":"https:\/\/www.greenpeace.ch\/de\/story\/100213\/7-tipps-um-waldbraende-zu-vermeiden\/","title":{"rendered":"7 Tipps, um Waldbr\u00e4nde zu vermeiden"},"content":{"rendered":"\n<p><strong>Waldbr\u00e4nde werden in den n\u00e4chsten Jahren aller Voraussicht nach aufgrund der Klimakrise stark zunehmen \u2013 auch in der Schweiz. 7 Tipps, wie wir alle Waldbr\u00e4nde verhindern k\u00f6nnen.<\/strong><\/p>\n\n<h2 class=\"wp-block-heading\"><strong>Was sind Gr\u00fcnde f\u00fcr Waldbr\u00e4nde?<\/strong><\/h2>\n\n<p>Je nach Region sind bis zu 90% der Waldbr\u00e4nde menschengemacht. H\u00e4ufig werden gezielt Feuer gelegt, um W\u00e4lder in landwirtschaftliche Fl\u00e4chen umzuwandeln: im Amazonasgebiet in Rinderweiden oder Sojafelder, in Indonesien in Palm\u00f6lplantagen.<\/p>\n\n<p>In der Schweiz ist unvorsichtiges Verhalten w\u00e4hrend l\u00e4ngerer D\u00fcrrezeiten h\u00e4ufig die Ursache daf\u00fcr, dass Waldbr\u00e4nde entstehen und sich ausbreiten. Nat\u00fcrliche Ursachen, wie zum Beispiel Blitzschlag, sind hingegen \u00e4usserst selten Ausl\u00f6ser.<\/p>\n\n<h2 class=\"wp-block-heading\"><strong>Wie kann man Waldbr\u00e4nde verhindern?<\/strong><\/h2>\n\n<p>Wir k\u00f6nnen Waldbr\u00e4nde auf zwei Arten verhindern: ganz direkt und indirekt durch die langfristigen Auswirkungen unseres Konsums und Verhaltens.<\/p>\n\n<p>Das k\u00f6nnen wir direkt tun:<\/p>\n\n<ul class=\"wp-block-list\">\n<li><strong>Nicht im Wald rauchen, keine Zigaretten aus dem Auto werfen<br><\/strong>Leicht kann eine glimmende Kippe ein Feuer verursachen, das sich in der Trockenheit besonders schnell ausbreitet. Daher sollte man im Wald nicht rauchen.<\/li>\n\n\n\n<li><strong>Bei Waldbrandgefahr: Keine Lagerfeuer<br><\/strong>Lagerfeuer entz\u00fcnden und Grillen ist grunds\u00e4tzlich \u00fcberall erlaubt, wo es das Gesetz nicht untersagt. Doch es gilt: Auf Rasenfl\u00e4chen nur hochbeinige Grills mit mindestens 30 cm Abstand zum Boden verwenden. Die Asche muss man vor dem Entsorgen immer gut ausk\u00fchlen lassen oder mit Wasser l\u00f6schen. Und man sollte den Grill nie unbeaufsichtigt lassen. In trockenen Zeiten mit Waldbrandgefahr bitte ganz darauf verzichten, auch wenn es gegebenenfalls nicht ausdr\u00fccklich verboten ist. Die Bestimmungen k\u00f6nnen von Kanton zu Kanton variieren.<\/li>\n\n\n\n<li><strong>Keine Kerzen, Fackeln oder Laternen im Wald nutzen<br><\/strong>Offene Flammen geh\u00f6ren nicht in den Wald, von ihnen geht eine hohe Gefahr f\u00fcr Waldbr\u00e4nde aus.<\/li>\n\n\n\n<li><strong>Nicht mit dem Auto im Wald wild parken<\/strong><strong><br><\/strong>Wer mit dem Auto anreist, sollte ausschliesslich auf offiziellen Parkpl\u00e4tzen parken. Heisse Auspuffe und Katalysatoren k\u00f6nnen trockenes Gras entz\u00fcnden und zu Waldbr\u00e4nden f\u00fchren.<\/li>\n<\/ul>\n\n<p>Auch wenn wir keine brennende Zigarette wegwerfen, bleiben Faktoren bestehen, die Waldbr\u00e4nde in grossem Masse beg\u00fcnstigen. Die folgenden Punkte k\u00f6nnen die meisten von uns zumindest indirekt beeinflussen:<\/p>\n\n<ul class=\"wp-block-list\">\n<li><strong>\u00d6kologische Forstwirtschaft fordern<br><\/strong>Besonders junge und lichte Nadelbaumw\u00e4lder aus Fichten oder Kiefern sind stark waldbrandgef\u00e4hrdet. Greenpeace macht sich f\u00fcr mehr naturnahe Laubw\u00e4lder stark und dass Politik, Forstwirtschaft und Waldbesitzende einen anderen Umgang mit W\u00e4ldern umsetzen.<\/li>\n\n\n\n<li><strong>(Fleisch-)Konsum reduzieren<br><\/strong>In vielen Teilen der Erde wird f\u00fcr Rinderweiden Wald gerodet und angez\u00fcndet. Diese Feuer geraten besonders in trockenen Zeiten schnell ausser Kontrolle. Hier k\u00f6nnen wir selbst unseren Konsum einschr\u00e4nken, aber es braucht auch entsprechende Gesetze. Ein erster Schritt in die richtige Richtung ist das<a href=\"https:\/\/www.greenpeace.de\/biodiversitaet\/waelder\/waelder-erde\/endlich-eu-gesetz-weltweiten-waldschutz\"> EU-Gesetz f\u00fcr weltweiten Waldschutz<\/a>, f\u00fcr das sich Greenpeace mit vielen anderen Organisationen und der Unterst\u00fctzung vieler engagierter Menschen lange eingesetzt hat. Das Gesetz verbietet Produkte aus Waldzerst\u00f6rung auf dem EU-Markt.<\/li>\n\n\n\n<li><strong>Klima sch\u00fctzen<br><\/strong>Durch Extremwetter wie D\u00fcrren entsteht grosse Trockenheit in W\u00e4ldern und Wiesen, dadurch steigt die Waldbrandgefahr. Gleichzeitig befeuert das durch die Waldbr\u00e4nde freigesetzte CO2 wiederum die Klimakrise. Alle Faktoren, die das Klima weiter anheizen, m\u00fcssen daher minimiert werden.<\/li>\n<\/ul>\n\t\t\t<section\n\t\t\tclass=\"boxout  \"\n\t\t\t\n\t\t>\n\t\t\t<a\n\t\t\t\tdata-ga-category=\"Take Action Boxout\"\n\t\t\t\tdata-ga-action=\"Image\"\n\t\t\t\tdata-ga-label=\"n\/a\"\n\t\t\t\tclass=\"cover-card-overlay\"\n\t\t\t\thref=\"https:\/\/www.greenpeace.ch\/de\/unsere-waelder-brennen\/\" \n\t\t\t><\/a>\n\t\t\t\t\t\t\t<img\n\t\t\t\t\t\tsrc=\"https:\/\/www.greenpeace.ch\/static\/planet4-switzerland-stateless\/2022\/07\/964293a6-header-wald-lp-1-1024x487.png\"\n\t\t\t\t\t\tsrcset=\"https:\/\/www.greenpeace.ch\/static\/planet4-switzerland-stateless\/2022\/07\/964293a6-header-wald-lp-1-300x143.png 300w, https:\/\/www.greenpeace.ch\/static\/planet4-switzerland-stateless\/2022\/07\/964293a6-header-wald-lp-1-1024x487.png 1024w, https:\/\/www.greenpeace.ch\/static\/planet4-switzerland-stateless\/2022\/07\/964293a6-header-wald-lp-1-768x366.png 768w, https:\/\/www.greenpeace.ch\/static\/planet4-switzerland-stateless\/2022\/07\/964293a6-header-wald-lp-1-510x243.png 510w, https:\/\/www.greenpeace.ch\/static\/planet4-switzerland-stateless\/2022\/07\/964293a6-header-wald-lp-1.png 1536w\"\n\t\t\t\t\t\tsizes=\"(min-width: 1000px) 358px, (min-width: 780px) 313px, 88px\"\n\t\t\t\t\t\talt=\"\" title=\"\"\n\t\t\t\t\/>\n            \t\t\t<div class=\"boxout-content\">\n\t\t\t\t\t\t\t\t\t<a\n\t\t\t\t\t\tclass=\"boxout-heading medium\"\n\t\t\t\t\t\tdata-ga-category=\"Take Action Boxout\"\n\t\t\t\t\t\tdata-ga-action=\"Title\"\n\t\t\t\t\t\tdata-ga-label=\"n\/a\"\n\t\t\t\t\t\thref=\"https:\/\/www.greenpeace.ch\/de\/unsere-waelder-brennen\/\"\n\t\t\t\t\t\t\n\t\t\t\t\t>\n\t\t\t\t\t\tSch\u00fctzen wir unsere W\u00e4lder!\n\t\t\t\t\t<\/a>\n\t\t\t\t\t\t\t\t\t\t\t\t\t<p class=\"boxout-excerpt\">Die Br\u00e4nde haben gravierende \u00f6kologische Folgen \u2013 auch f\u00fcr das Klima. Mit deiner Spende hilfst du uns, unsere W\u00e4lder zu sch\u00fctzen.<\/p>\n\t\t\t\t                                    <a\n                        class=\"btn btn-primary\"\n                        data-ga-category=\"Take Action Boxout\"\n                        data-ga-action=\"Call to Action\"\n                        data-ga-label=\"n\/a\"\n                        href=\"https:\/\/www.greenpeace.ch\/de\/unsere-waelder-brennen\/\"\n                        \n                    >\n                        Jetzt spenden\n                    <\/a>\n                \t\t\t<\/div>\n\t\t\t\t\t<\/section>\n\t\n<h2 class=\"wp-block-heading\">Was kann man gegen Waldbr\u00e4nde tun?<\/h2>\n\n<p>Und was ist zu tun, wenn es tats\u00e4chlich brennt? Welche M\u00f6glichkeiten gibt es, einen Waldbrand zu l\u00f6schen? In einigen L\u00e4ndern hat Greenpeace speziell ausgebildete L\u00f6schteams, zum Beispiel&nbsp; in Indonesien und bis 2023 auch in Russland. In der Schweiz ist die Feuerwehr relativ gut aufgestellt. Da sich Waldbr\u00e4nde k\u00fcnftig aber h\u00e4ufen und ver\u00e4ndern werden, sollten sich Kantone und Verwaltungen entsprechend darauf einstellen. Forschung, Ausbildung und nationaler wie internationaler Austausch spielen hierbei eine grosse Rolle. Wir als Privatpersonen sollten nicht selbst versuchen, Waldbr\u00e4nde zu l\u00f6schen, sondern den Notruf w\u00e4hlen, wenn wir ein Feuer entdecken und den Ort m\u00f6glichst genau angeben.<\/p>\n","protected":false},"excerpt":{"rendered":"<p>Waldbr\u00e4nde werden in den n\u00e4chsten Jahren aller Voraussicht nach aufgrund der Klimakrise stark zunehmen \u2013 auch in der Schweiz. 7 Tipps, wie wir alle Waldbr\u00e4nde verhindern k\u00f6nnen.<\/p>\n","protected":false},"author":89,"featured_media":100216,"comment_status":"closed","ping_status":"closed","sticky":false,"template":"","format":"standard","meta":{"_acf_changed":false,"_planet4_optimize_post_is_variant":false,"_planet4_optimize_experiment_name":"","_planet4_optimize_variant_name":"","ep_exclude_from_search":false,"p4_og_title":"","p4_og_description":"","p4_og_image":"","p4_og_image_id":"","p4_seo_canonical_url":"","p4_campaign_name":"","p4_local_project":"","p4_basket_name":"","p4_department":"","footnotes":""},"categories":[1],"tags":[40],"p4-page-type":[75],"gpch-article-type":[],"class_list":["post-100213","post","type-post","status-publish","format-standard","has-post-thumbnail","hentry","category-unkategorisiert","tag-wald","p4-page-type-story"],"acf":[],"_links":{"self":[{"href":"https:\/\/www.greenpeace.ch\/de\/wp-json\/wp\/v2\/posts\/100213","targetHints":{"allow":["GET"]}}],"collection":[{"href":"https:\/\/www.greenpeace.ch\/de\/wp-json\/wp\/v2\/posts"}],"about":[{"href":"https:\/\/www.greenpeace.ch\/de\/wp-json\/wp\/v2\/types\/post"}],"author":[{"embeddable":true,"href":"https:\/\/www.greenpeace.ch\/de\/wp-json\/wp\/v2\/users\/89"}],"replies":[{"embeddable":true,"href":"https:\/\/www.greenpeace.ch\/de\/wp-json\/wp\/v2\/comments?post=100213"}],"version-history":[{"count":0,"href":"https:\/\/www.greenpeace.ch\/de\/wp-json\/wp\/v2\/posts\/100213\/revisions"}],"wp:featuredmedia":[{"embeddable":true,"href":"https:\/\/www.greenpeace.ch\/de\/wp-json\/wp\/v2\/media\/100216"}],"wp:attachment":[{"href":"https:\/\/www.greenpeace.ch\/de\/wp-json\/wp\/v2\/media?parent=100213"}],"wp:term":[{"taxonomy":"category","embeddable":true,"href":"https:\/\/www.greenpeace.ch\/de\/wp-json\/wp\/v2\/categories?post=100213"},{"taxonomy":"post_tag","embeddable":true,"href":"https:\/\/www.greenpeace.ch\/de\/wp-json\/wp\/v2\/tags?post=100213"},{"taxonomy":"p4-page-type","embeddable":true,"href":"https:\/\/www.greenpeace.ch\/de\/wp-json\/wp\/v2\/p4-page-type?post=100213"},{"taxonomy":"gpch-article-type","embeddable":true,"href":"https:\/\/www.greenpeace.ch\/de\/wp-json\/wp\/v2\/gpch-article-type?post=100213"}],"curies":[{"name":"wp","href":"https:\/\/api.w.org\/{rel}","templated":true}]}}