{"id":10106,"date":"2015-09-21T00:00:00","date_gmt":"2015-09-20T22:00:00","guid":{"rendered":"https:\/\/master.greenpeace.ch\/beitrag\/10106\/ein-oldtimer-der-unsere-sicherheit-gefaehrdet\/"},"modified":"2019-05-30T10:23:02","modified_gmt":"2019-05-30T08:23:02","slug":"ein-oldtimer-der-unsere-sicherheit-gefaehrdet","status":"publish","type":"post","link":"https:\/\/www.greenpeace.ch\/de\/story\/10106\/ein-oldtimer-der-unsere-sicherheit-gefaehrdet\/","title":{"rendered":"Ein Oldtimer, der unsere Sicherheit gef\u00e4hrdet"},"content":{"rendered":"<p><b>Zum Auftakt der Energiewende-Debatte im St\u00e4nderat ist ein Oldtimer auf den Bundesplatz gerollt. Der Opel Olympia wurde 1969 in den Verkehr gesetzt \u2013 im gleichen Jahr nahm das \u00e4lteste AKW der Welt, Beznau 1, seinen Betrieb auf. Die Allianz Atomausstieg f\u00fchrt so den St\u00e4nder\u00e4tinnen und -r\u00e4ten vor Augen, dass die b\u00fcrgerlichen Atom-Liebhaber an einer veralteten Technologie festhalten.<\/b><\/p>\n<div class=\"post-content\">\n<div>\n<p><strong>Zum Auftakt der Energiewende-Debatte im St\u00e4nderat ist ein Oldtimer auf den Bundesplatz gerollt. Der Opel Olympia wurde 1969 in den Verkehr gesetzt \u2013 im gleichen Jahr nahm das \u00e4lteste AKW der Welt, Beznau 1, seinen Betrieb auf. Die Allianz Atomausstieg f\u00fchrt so den St\u00e4nder\u00e4tinnen und -r\u00e4ten vor Augen, dass die b\u00fcrgerlichen Atom-Liebhaber an einer veralteten Technologie festhalten.<\/strong><\/p>\n<\/p>\n<div class=\"events-box big-box left\">\n<div class=\"frame\">\n        <a class=\"open-img EnlargeImage\" href=\"https:\/\/www.greenpeace.ch\/static\/planet4-switzerland-stateless\/2019\/05\/42e43485-42e43485-opel_beznau_101ce_21-09-15_2.jpg\" title=\"\"><br \/>\n            <img decoding=\"async\" id=\"ctl00_cphContentArea_epiEntryContent_ctl00_ctl02_Image1\" class=\"Thumbnail\" src=\"https:\/\/www.greenpeace.ch\/static\/planet4-switzerland-stateless\/2019\/05\/42e43485-42e43485-opel_beznau_101ce_21-09-15_2.jpg\" alt=\"\" style=\"border-width:0px;\"><\/p>\n<p>        <\/a>\n    <\/div>\n<div class=\"events-content no-title\">\n        <span class=\"date\"><\/span><br \/>\n        <strong><\/strong><\/p>\n<p>\n            Diese Rostlaube ist so alt wie das AKW Beznau: Die Allianz Atomausstieg hat einen Opel Olympia aus dem Jahr 1969 auf den Bundesplatz gebracht. \u00a9 Charles Ellena\n        <\/p>\n<\/p>\n<\/div>\n<\/div>\n<p>\u00a0<\/p>\n<p>Heute Nachmittag beginnt der St\u00e4nderat die Debatte zur Energiestrategie 2050. Diese Strategie sollte eigentlich den Weg aufzeigen weg von dreckiger und gef\u00e4hrlicher Energie-Erzeugung in eine saubere und sichere Energiezukunft. Kernst\u00fcck ist die Diskussion um den Atomausstieg. Doch es sieht derzeit nicht danach aus, dass der St\u00e4nderat das \u00fcberalterte AKW Beznau endg\u00fcltig vom Netz nimmt.<\/p>\n<p><strong>Liebhaberobjekt Beznau?<br \/><\/strong>Dass es f\u00fcr diese Abschaltung h\u00f6chste Zeit w\u00e4re, f\u00fchrt der rostige Opel Olympia auf dem Bundesplatz sinnbildlich vor Augen. Autos aus jener Zeit taugen heute bloss noch als Liebhaberobjekte: Nur mit teuren Nachr\u00fcstungen sind die Oldtimer noch strassentauglich und eignen sich nicht, um sicher, zuverl\u00e4ssig und schadstoffarm von A nach B zu kommen.<\/p>\n<p>Ein AKW hingegen taugt aufgrund seines Gefahrenpotenzials nicht einmal mehr als Liebhaberobjekt \u2013 ausser offenbar f\u00fcr SVP, FDP und Teile der CVP. Mit dieser r\u00fcckw\u00e4rtsgewandten Politik muss endlich Schluss sein. Die Zukunft geh\u00f6rt moderner, sicherer und sauberer Technologie: Energie aus Sonne, Wind, Biomasse und Wasser.<\/p>\n<p><a href=\"http:\/\/www.parlament.ch\/D\/SESSIONEN\/WEBTVLIVE\/Seiten\/default.aspx?rat=s\" target=\"_blank\" rel=\"noopener noreferrer\">Die St\u00e4nderats-Debatte kann hier live mitverfolgt werden<\/a><\/p>\n<\/p>\n<div class=\"embedded-image-gallery promo general-form\">\n<h2>Ein Oldtimer, der unsere Sicherheit gef\u00e4hrdet<\/h2>\n<div class=\"gallery\">\n<div class=\"img-nav\">\n<div class=\"carousel\">\n<ul class=\"img-list galleria\">\n<li class=\"active\">\n                            <a title=\"Aktion Opel Beznau\" href=\"\/switzerland\/de\/News_Stories\/Opel_Beznau_Bern\/Aktion-Opel-Beznau\/\" rel=\"Zum Auftakt der Energiewende-Debatte im St\u00e4nderat ist ein Oldtimer auf den Bundesplatz gerollt. Der Opel Olympia wurde 1969 in den Verkehr gesetzt \u2013 im gleichen Jahr nahm das \u00e4lteste AKW der Welt, Beznau 1, seinen Betrieb auf. Die Allianz Atomausstieg f\u00fchrt so den St\u00e4nder\u00e4tinnen und -r\u00e4ten vor Augen, dass die b\u00fcrgerlichen Atom-Liebhaber an einer veralteten Technologie festhalten.~^Charles Ellena                                  ~^https:\/\/www.greenpeace.ch\/static\/planet4-switzerland-stateless\/2019\/05\/7a1ae545-7a1ae545-opel_beznau_036ce_21-09-15.jpg~^470585\"><br \/>\n                                <img decoding=\"async\" id=\"ctl00_cphContentArea_epiEntryContent_ctl00_ctl04_ctl00_repImages_ctl00_thumbImg\" title=\"Aktion Opel Beznau\" src=\"https:\/\/www.greenpeace.ch\/static\/planet4-switzerland-stateless\/2019\/05\/7a1ae545-7a1ae545-opel_beznau_036ce_21-09-15.jpg\" alt=\"Aktion Opel Beznau\" style=\"border-width:0px;\"><br \/>\n                            <\/a>\n                        <\/li>\n<li>\n                            <a title=\"Aktion Opel Beznau\" href=\"\/switzerland\/de\/News_Stories\/Opel_Beznau_Bern\/Aktion-Opel-Beznau1\/\" rel=\"Zum Auftakt der Energiewende-Debatte im St\u00e4nderat ist ein Oldtimer auf den Bundesplatz gerollt. Der Opel Olympia wurde 1969 in den Verkehr gesetzt \u2013 im gleichen Jahr nahm das \u00e4lteste AKW der Welt, Beznau 1, seinen Betrieb auf. Die Allianz Atomausstieg f\u00fchrt so den St\u00e4nder\u00e4tinnen und -r\u00e4ten vor Augen, dass die b\u00fcrgerlichen Atom-Liebhaber an einer veralteten Technologie festhalten.~^Charles Ellena                                  ~^https:\/\/www.greenpeace.ch\/static\/planet4-switzerland-stateless\/2019\/05\/febb6e78-febb6e78-opel_beznau_101ce_21-09-15.jpg~^470586\"><br \/>\n                                <img decoding=\"async\" id=\"ctl00_cphContentArea_epiEntryContent_ctl00_ctl04_ctl00_repImages_ctl01_thumbImg\" title=\"Aktion Opel Beznau\" src=\"https:\/\/www.greenpeace.ch\/static\/planet4-switzerland-stateless\/2019\/05\/febb6e78-febb6e78-opel_beznau_101ce_21-09-15.jpg\" alt=\"Aktion Opel Beznau\" style=\"border-width:0px;\"><br \/>\n                            <\/a>\n                        <\/li>\n<li>\n                            <a title=\"Aktion Opel Beznau\" href=\"\/switzerland\/de\/News_Stories\/Opel_Beznau_Bern\/Aktion-Opel-Beznau2\/\" rel=\"Zum Auftakt der Energiewende-Debatte im St\u00e4nderat ist ein Oldtimer auf den Bundesplatz gerollt. Der Opel Olympia wurde 1969 in den Verkehr gesetzt \u2013 im gleichen Jahr nahm das \u00e4lteste AKW der Welt, Beznau 1, seinen Betrieb auf. Die Allianz Atomausstieg f\u00fchrt so den St\u00e4nder\u00e4tinnen und -r\u00e4ten vor Augen, dass die b\u00fcrgerlichen Atom-Liebhaber an einer veralteten Technologie festhalten.~^Charles Ellena                                  ~^https:\/\/www.greenpeace.ch\/static\/planet4-switzerland-stateless\/2019\/05\/7b14118f-7b14118f-opel_beznau_123ce_21-09-15.jpg~^470587\"><br \/>\n                                <img decoding=\"async\" id=\"ctl00_cphContentArea_epiEntryContent_ctl00_ctl04_ctl00_repImages_ctl02_thumbImg\" title=\"Aktion Opel Beznau\" src=\"https:\/\/www.greenpeace.ch\/static\/planet4-switzerland-stateless\/2019\/05\/7b14118f-7b14118f-opel_beznau_123ce_21-09-15.jpg\" alt=\"Aktion Opel Beznau\" style=\"border-width:0px;\"><br \/>\n                            <\/a>\n                        <\/li>\n<li>\n                            <a title=\"Aktion Opel Beznau\" href=\"\/switzerland\/de\/News_Stories\/Opel_Beznau_Bern\/Aktion-Opel-Beznau3\/\" rel=\"Zum Auftakt der Energiewende-Debatte im St\u00e4nderat ist ein Oldtimer auf den Bundesplatz gerollt. Der Opel Olympia wurde 1969 in den Verkehr gesetzt \u2013 im gleichen Jahr nahm das \u00e4lteste AKW der Welt, Beznau 1, seinen Betrieb auf. Die Allianz Atomausstieg f\u00fchrt so den St\u00e4nder\u00e4tinnen und -r\u00e4ten vor Augen, dass die b\u00fcrgerlichen Atom-Liebhaber an einer veralteten Technologie festhalten.~^Charles Ellena                                  ~^https:\/\/www.greenpeace.ch\/static\/planet4-switzerland-stateless\/2019\/05\/86718c6f-86718c6f-opel_beznau_139ce_21-09-15.jpg~^470588\"><br \/>\n                                <img decoding=\"async\" id=\"ctl00_cphContentArea_epiEntryContent_ctl00_ctl04_ctl00_repImages_ctl03_thumbImg\" title=\"Aktion Opel Beznau\" src=\"https:\/\/www.greenpeace.ch\/static\/planet4-switzerland-stateless\/2019\/05\/86718c6f-86718c6f-opel_beznau_139ce_21-09-15.jpg\" alt=\"Aktion Opel Beznau\" style=\"border-width:0px;\"><br \/>\n                            <\/a>\n                        <\/li>\n<li>\n                            <a title=\"Aktion Opel Beznau\" href=\"\/switzerland\/de\/News_Stories\/Opel_Beznau_Bern\/Aktion-Opel-Beznau4\/\" rel=\"Zum Auftakt der Energiewende-Debatte im St\u00e4nderat ist ein Oldtimer auf den Bundesplatz gerollt. Der Opel Olympia wurde 1969 in den Verkehr gesetzt \u2013 im gleichen Jahr nahm das \u00e4lteste AKW der Welt, Beznau 1, seinen Betrieb auf. Die Allianz Atomausstieg f\u00fchrt so den St\u00e4nder\u00e4tinnen und -r\u00e4ten vor Augen, dass die b\u00fcrgerlichen Atom-Liebhaber an einer veralteten Technologie festhalten.~^Charles Ellena                                  ~^https:\/\/www.greenpeace.ch\/static\/planet4-switzerland-stateless\/2019\/05\/0ce17a2d-0ce17a2d-opel_beznau_206ce_21-09-15.jpg~^470589\"><br \/>\n                                <img decoding=\"async\" id=\"ctl00_cphContentArea_epiEntryContent_ctl00_ctl04_ctl00_repImages_ctl04_thumbImg\" title=\"Aktion Opel Beznau\" src=\"https:\/\/www.greenpeace.ch\/static\/planet4-switzerland-stateless\/2019\/05\/0ce17a2d-0ce17a2d-opel_beznau_206ce_21-09-15.jpg\" alt=\"Aktion Opel Beznau\" style=\"border-width:0px;\"><br \/>\n                            <\/a>\n                        <\/li>\n<\/ul>\n<\/div>\n<\/div>\n<\/div>\n<div class=\"text\">\n<p class=\"description\">Zum Auftakt der Energiewende-Debatte im St\u00e4nderat ist ein Oldtimer auf den Bundesplatz gerollt. Der Opel Olympia wurde 1969 in den Verkehr gesetzt \u2013 im gleichen Jahr nahm das \u00e4lteste AKW der Welt, Beznau 1, seinen Betrieb auf. Die Allianz Atomausstieg f\u00fchrt so den St\u00e4nder\u00e4tinnen und -r\u00e4ten vor Augen, dass die b\u00fcrgerlichen Atom-Liebhaber an einer veralteten Technologie festhalten.<\/p>\n<p class=\"copyright\">\u00a9 Charles Ellena<\/p>\n<\/div>\n<\/div>\n<p>\u00a0\n<\/p>\n<\/div>\n<\/div>\n","protected":false},"excerpt":{"rendered":"<p>Zum Auftakt der Energiewende-Debatte im St\u00e4nderat ist ein Oldtimer auf den Bundesplatz gerollt. Der Opel Olympia wurde 1969 in den Verkehr gesetzt \u2013 im gleichen Jahr nahm das \u00e4lteste AKW&hellip;<\/p>\n","protected":false},"author":23,"featured_media":10108,"comment_status":"closed","ping_status":"open","sticky":false,"template":"","format":"standard","meta":{"_acf_changed":false,"_planet4_optimize_post_is_variant":false,"_planet4_optimize_experiment_name":"","_planet4_optimize_variant_name":"","ep_exclude_from_search":false,"p4_og_title":"","p4_og_description":"","p4_og_image":"","p4_og_image_id":"","p4_seo_canonical_url":"","p4_campaign_name":"","p4_local_project":"","p4_basket_name":"","p4_department":"","footnotes":""},"categories":[1],"tags":[50],"p4-page-type":[75],"gpch-article-type":[],"class_list":["post-10106","post","type-post","status-publish","format-standard","has-post-thumbnail","hentry","category-unkategorisiert","tag-klima","p4-page-type-story"],"acf":[],"_links":{"self":[{"href":"https:\/\/www.greenpeace.ch\/de\/wp-json\/wp\/v2\/posts\/10106","targetHints":{"allow":["GET"]}}],"collection":[{"href":"https:\/\/www.greenpeace.ch\/de\/wp-json\/wp\/v2\/posts"}],"about":[{"href":"https:\/\/www.greenpeace.ch\/de\/wp-json\/wp\/v2\/types\/post"}],"author":[{"embeddable":true,"href":"https:\/\/www.greenpeace.ch\/de\/wp-json\/wp\/v2\/users\/23"}],"replies":[{"embeddable":true,"href":"https:\/\/www.greenpeace.ch\/de\/wp-json\/wp\/v2\/comments?post=10106"}],"version-history":[{"count":0,"href":"https:\/\/www.greenpeace.ch\/de\/wp-json\/wp\/v2\/posts\/10106\/revisions"}],"wp:featuredmedia":[{"embeddable":true,"href":"https:\/\/www.greenpeace.ch\/de\/wp-json\/wp\/v2\/media\/10108"}],"wp:attachment":[{"href":"https:\/\/www.greenpeace.ch\/de\/wp-json\/wp\/v2\/media?parent=10106"}],"wp:term":[{"taxonomy":"category","embeddable":true,"href":"https:\/\/www.greenpeace.ch\/de\/wp-json\/wp\/v2\/categories?post=10106"},{"taxonomy":"post_tag","embeddable":true,"href":"https:\/\/www.greenpeace.ch\/de\/wp-json\/wp\/v2\/tags?post=10106"},{"taxonomy":"p4-page-type","embeddable":true,"href":"https:\/\/www.greenpeace.ch\/de\/wp-json\/wp\/v2\/p4-page-type?post=10106"},{"taxonomy":"gpch-article-type","embeddable":true,"href":"https:\/\/www.greenpeace.ch\/de\/wp-json\/wp\/v2\/gpch-article-type?post=10106"}],"curies":[{"name":"wp","href":"https:\/\/api.w.org\/{rel}","templated":true}]}}