{"id":10175,"date":"2015-09-04T00:00:00","date_gmt":"2015-09-03T22:00:00","guid":{"rendered":"https:\/\/master.greenpeace.ch\/beitrag\/10175\/es-lief-alles-bestens-bis-das-akw-muehleberg-wieder-ans-netz-ging\/"},"modified":"2019-05-30T10:24:33","modified_gmt":"2019-05-30T08:24:33","slug":"es-lief-alles-bestens-bis-das-akw-muehleberg-wieder-ans-netz-ging","status":"publish","type":"post","link":"https:\/\/www.greenpeace.ch\/de\/story\/10175\/es-lief-alles-bestens-bis-das-akw-muehleberg-wieder-ans-netz-ging\/","title":{"rendered":"Es lief alles bestens &#8211; bis das AKW M\u00fchleberg wieder ans Netz ging"},"content":{"rendered":"<p><b>Mit einer Panne gleich nach der Revision ist das AKW M\u00fchleberg diese Woche wieder ans Netz gegangen. Seit dem 14. August standen in der Schweiz mindestens vier Reaktoren still. Dies hat deutlich gezeigt, dass es problemlos ohne den riskanten Atomstrom geht. Auch der Stromkonzern BKW &#8211; Betreiber des AKW M\u00fchleberg &#8211; scheint allm\u00e4hlich die Zeichen der Zeit erkannt zu haben und in Zukunft auf erneuerbare Energien und Energieeffizienz zu setzen.<\/b><\/p>\n<div class=\"post-content\">\n<div>\n<p><strong><a href=\"http:\/\/www.derbund.ch\/bern\/region\/risse-fuehren-nicht-zu-aus-fuer-akw\/story\/27862165\" target=\"_blank\" rel=\"noopener noreferrer\">Mit einer Panne gleich nach der Revision<\/a> ist das AKW M\u00fchleberg diese Woche wieder ans Netz gegangen. Seit dem 14. August standen in der Schweiz mindestens vier Reaktoren still. Dies hat deutlich gezeigt, dass es problemlos ohne den riskanten Atomstrom geht. Auch der Stromkonzern BKW &#8211; Betreiber des AKW M\u00fchleberg &#8211; scheint allm\u00e4hlich die Zeichen der Zeit erkannt zu haben und in Zukunft auf erneuerbare Energien und Energieeffizienz zu setzen<\/strong>.<\/p>\n<\/p>\n<div class=\"events-box middle-box left\">\n<div class=\"frame\">\n        <a class=\"open-img EnlargeImage\" href=\"https:\/\/www.greenpeace.ch\/static\/planet4-switzerland-stateless\/2019\/05\/18d73014-18d73014-gp02hmc_web_size.jpg\" title=\"\"><br \/>\n            <img decoding=\"async\" id=\"ctl00_cphContentArea_epiEntryContent_ctl00_ctl02_Image1\" class=\"Thumbnail\" src=\"https:\/\/www.greenpeace.ch\/static\/planet4-switzerland-stateless\/2019\/05\/18d73014-18d73014-gp02hmc_web_size.jpg\" alt=\"\" style=\"border-width:0px;\"><\/p>\n<p>        <\/a>\n    <\/div>\n<div class=\"events-content no-title\">\n        <span class=\"date\"><\/span><br \/>\n        <strong><\/strong><\/p>\n<p>\n            Trotz Risse ist das AKW M\u00fchleberg wieder am Netz<br \/>\n\u00a9 Greenpeace \/ Jacob Marcus Balzani L\u00f6\u00f6v\n        <\/p>\n<\/p>\n<\/div>\n<\/div>\n<p>\u00a0<\/p>\n<p>Ab dem n\u00e4chsten Jahr wird die BKW ihren Kundinnen und Kunden nur auf expliziten Wunsch billigen Dreckstrom verkaufen, <a href=\"http:\/\/bit.ly\/1PAi0J4\" target=\"_blank\" rel=\"noopener noreferrer\">wie sie letzte Woche bekannt gegeben hat.<\/a>\u00a0Stromkonsumentinnen und -Konsumenten der BKW werden standartm\u00e4ssig 100% erneuerbaren Strom erhalten. Wer hingegen weiterhin die Verantwortung f\u00fcr die Produktion von radioaktiven Abf\u00e4llen \u00fcbernehmen und Atomstrom beziehen will, muss diesen Wunsch explizit \u00e4ussern.<strong>\u00a0<\/strong><\/p>\n<p>\u00a0<\/p>\n<p><strong>M\u00fchleberg-Produktion f\u00fcrs Ausland, M\u00fchleberg-Risiko f\u00fcrs Inland? <\/strong><\/p>\n<p>Die Ver\u00e4nderung des Stromproduktes hat jedoch keinen Einfluss auf das Kraftwerksportfolio des Unternehmens: Die BKW wird weiterhin Dreckstrom produzieren &#8211; im AKW M\u00fchleberg gem\u00e4ss den eigenen Pl\u00e4nen bis 2019. Und das neue Kohlekraftwerk in Wilhelmshaven, an dem die BKW zu 33% beteiligt ist, wird dieses Jahr wohl vom Testbetrieb erstmals auf Vollbetrieb wechseln. Es scheint also noch weit von der Stilllegung entfernt, auch wenn <a href=\"http:\/\/www.derbund.ch\/wirtschaft\/unternehmen-und-konjunktur\/BKW-schreibt-wegen-ihres-Auslandgeschaefts-rote-Zahlen\/story\/10414405\" target=\"_blank\" rel=\"noopener noreferrer\">die Rentabilit\u00e4t zu w\u00fcnschen \u00fcbrig l\u00e4sst<\/a>.<\/p>\n<p>Wer also kauft den Atomstrom aus M\u00fchleberg, wenn dies die Kundinnen und Kunden der BKW nicht mehr tun? Es muss davon ausgegangen werden, dass die BKW ihn vermehrt auf den europ\u00e4ischen Strommarkt absetzen wird. Denn nicht nur im BKW-Einzugsgebiet, sondern <a href=\"http:\/\/www.bfe.admin.ch\/energie\/00588\/00589\/00644\/index.html?lang=de&amp;msg-id=58005\" target=\"_blank\" rel=\"noopener noreferrer\">auch im Rest der Schweiz sinkt die Nachfrage nach Dreckstrom stetig<\/a>. Was der Schweiz dann noch bleibt, ist das Sicherheitsrisiko eines der \u00e4ltesten AKW der Welt.<\/p>\n<p>\u00a0<\/p>\n<p><strong>Wer A sagt, muss auch B sagen<\/strong><\/p>\n<p>2014 produzierte die BKW gen\u00fcgend erneuerbaren Strom, um damit Kunden in der Grundversorgung (unter 100MWh Verbrauch pro Jahr) beliefern zu k\u00f6nnen. Von den 21 Terawattstunden (TWh), welches das Unternehmen 2014 erzeugte oder beschaffte, <a href=\"http:\/\/www.bkw.ch\/fileadmin\/user_upload\/4_Ueber_BKW\/Downloadcenter\/2014_Fakten_de.pdf\" target=\"_blank\" rel=\"noopener noreferrer\">verkaufte es nur 6.8 in der Schweiz<\/a>.\u00a0Diese Zahlen zeigen klar: M\u00fchleberg, welches ca. 3 TWh produziert, braucht es nicht.<\/p>\n<p>Wenn die BKW ihren Kundinnen und Kunden den Umstieg auf erneuerbare Energien kommuniziert, diesen in der Realit\u00e4t aber nicht umsetzt, besteht die Gefahr des Greenwashing. \u00a0Greenpeace fordert die BKW daher auf, nach A auch B zu sagen. Dies bedeutet die Trennung vom Kohlekraftwerk und die definitive Stilllegung des AKW M\u00fchleberg sp\u00e4testens zum Zeitpunkt der Stromprodukte-Umstellung, also am 1. Januar 2016.<\/p>\n<p><strong>\u00a0<\/strong><\/p>\n<\/div>\n<\/div>\n","protected":false},"excerpt":{"rendered":"<p>Mit einer Panne gleich nach der Revision ist das AKW M\u00fchleberg diese Woche wieder ans Netz gegangen. Seit dem 14. August standen in der Schweiz mindestens vier Reaktoren still. Dies&hellip;<\/p>\n","protected":false},"author":23,"featured_media":10177,"comment_status":"closed","ping_status":"open","sticky":false,"template":"","format":"standard","meta":{"_acf_changed":false,"_planet4_optimize_post_is_variant":false,"_planet4_optimize_experiment_name":"","_planet4_optimize_variant_name":"","ep_exclude_from_search":false,"p4_og_title":"","p4_og_description":"","p4_og_image":"","p4_og_image_id":"","p4_seo_canonical_url":"","p4_campaign_name":"","p4_local_project":"","p4_basket_name":"","p4_department":"","footnotes":""},"categories":[1],"tags":[50],"p4-page-type":[75],"gpch-article-type":[],"class_list":["post-10175","post","type-post","status-publish","format-standard","has-post-thumbnail","hentry","category-unkategorisiert","tag-klima","p4-page-type-story"],"acf":[],"_links":{"self":[{"href":"https:\/\/www.greenpeace.ch\/de\/wp-json\/wp\/v2\/posts\/10175","targetHints":{"allow":["GET"]}}],"collection":[{"href":"https:\/\/www.greenpeace.ch\/de\/wp-json\/wp\/v2\/posts"}],"about":[{"href":"https:\/\/www.greenpeace.ch\/de\/wp-json\/wp\/v2\/types\/post"}],"author":[{"embeddable":true,"href":"https:\/\/www.greenpeace.ch\/de\/wp-json\/wp\/v2\/users\/23"}],"replies":[{"embeddable":true,"href":"https:\/\/www.greenpeace.ch\/de\/wp-json\/wp\/v2\/comments?post=10175"}],"version-history":[{"count":0,"href":"https:\/\/www.greenpeace.ch\/de\/wp-json\/wp\/v2\/posts\/10175\/revisions"}],"wp:featuredmedia":[{"embeddable":true,"href":"https:\/\/www.greenpeace.ch\/de\/wp-json\/wp\/v2\/media\/10177"}],"wp:attachment":[{"href":"https:\/\/www.greenpeace.ch\/de\/wp-json\/wp\/v2\/media?parent=10175"}],"wp:term":[{"taxonomy":"category","embeddable":true,"href":"https:\/\/www.greenpeace.ch\/de\/wp-json\/wp\/v2\/categories?post=10175"},{"taxonomy":"post_tag","embeddable":true,"href":"https:\/\/www.greenpeace.ch\/de\/wp-json\/wp\/v2\/tags?post=10175"},{"taxonomy":"p4-page-type","embeddable":true,"href":"https:\/\/www.greenpeace.ch\/de\/wp-json\/wp\/v2\/p4-page-type?post=10175"},{"taxonomy":"gpch-article-type","embeddable":true,"href":"https:\/\/www.greenpeace.ch\/de\/wp-json\/wp\/v2\/gpch-article-type?post=10175"}],"curies":[{"name":"wp","href":"https:\/\/api.w.org\/{rel}","templated":true}]}}