{"id":10448,"date":"2015-04-15T00:00:00","date_gmt":"2015-04-14T22:00:00","guid":{"rendered":"https:\/\/master.greenpeace.ch\/beitrag\/10448\/gericht-stoppt-neustart-von-japanischem-akw\/"},"modified":"2019-05-30T10:32:05","modified_gmt":"2019-05-30T08:32:05","slug":"gericht-stoppt-neustart-von-japanischem-akw","status":"publish","type":"post","link":"https:\/\/www.greenpeace.ch\/de\/story\/10448\/gericht-stoppt-neustart-von-japanischem-akw\/","title":{"rendered":"Gericht stoppt Neustart von japanischem AKW"},"content":{"rendered":"<p><b>Die Atompl\u00e4ne der japanischen Regierung haben einen D\u00e4mpfer erlitten. Ein Gericht hat gestern entschieden, dass zwei Reaktoren im AKW Takahama nicht wieder hochgefahren werden d\u00fcrfen.<\/b><\/p>\n<div class=\"post-content\">\n<div>\n<p class=\"lead\"><strong>Die Atompl\u00e4ne der japanischen Regierung haben einen D\u00e4mpfer erlitten. Ein Gericht hat gestern entschieden, dass zwei Reaktoren im AKW Takahama nicht wieder hochgefahren werden d\u00fcrfen.<\/strong><\/p>\n<p class=\"lead\">\n<div class=\"events-box big-box left\">\n<div class=\"frame\">\n        <a class=\"open-img EnlargeImage\" href=\"https:\/\/www.greenpeace.ch\/static\/planet4-switzerland-stateless\/2019\/05\/a7f7f833-a7f7f833-gp0jg7.jpg\" title=\"\"><br \/>\n            <img decoding=\"async\" id=\"ctl00_cphContentArea_epiEntryContent_ctl00_ctl02_Image1\" class=\"Thumbnail\" src=\"https:\/\/www.greenpeace.ch\/static\/planet4-switzerland-stateless\/2019\/05\/a7f7f833-a7f7f833-gp0jg7.jpg\" alt=\"\" style=\"border-width:0px;\"><\/p>\n<p>        <\/a>\n    <\/div>\n<div class=\"events-content no-title\">\n        <span class=\"date\"><\/span><br \/>\n        <strong><\/strong><\/p>\n<p>\n            Das japanische AKW Takahama bleibt ausgeschaltet\n        <\/p>\n<\/p>\n<\/div>\n<\/div>\n<p class=\"lead\">Das Urteil ist erst einmal ein Erfolg f\u00fcr die Bewohner der Region, in der das AKW Takahama steht. Sie hatten sich dagegen gewehrt, dass die nach der Katastrophe von Fukushima abgeschalteten Reaktoren wieder hochgefahren werden. Gestern hat das Bezirksgericht der Provinz Fukui den Bewohnern mit einer einstweiligen Verf\u00fcgung Recht gegeben: Takahama bleibt abgeschaltet. \u00abDas ist eine empfindliche Niederlage f\u00fcr den AKW-Betreiber Kansai Electric, aber es ist ein grosser Sieg f\u00fcr die Menschen in den Regionen Fukui und Kansai\u00bb, sagt Hisayo Takada, Klima- und Energie-Campaignerin bei Greenpeace Japan.<\/p>\n<p class=\"lead\"><strong>\u00abSieg f\u00fcr die Erneuerbaren\u00bb<br \/><\/strong>Der Entscheid des Bezirksgerichts ist aber auch ein Erfolg f\u00fcr alle Japaner. Denn landesweit sind weitere \u00e4hnliche Verfahren h\u00e4ngig. Die Pl\u00e4ne der Regierung von Premierminister Shinzo Abe werden in Frage gestellt. Abe will die seit der Katastrophe von Fukushima stillstehenden AKW schnell wieder hochfahren. Aktuell diskutiert eine Arbeitsgruppe mit Vertretern aus Regierung, Handel und Industrie \u00fcber den zuk\u00fcnftigen Strommix Japans. Greenpeace-Campaignerin Takada ist \u00fcberzeugt, dass das Urteil zu Takahama diese Diskussionen beeinflussen wird: \u00abEs ist ein grosser Sieg f\u00fcr die erneuerbaren Energien \u2013 und damit f\u00fcr eine sichere und unabh\u00e4ngigere Energieversorgung Japans.\u00bb<\/p>\n<\/div>\n<\/div>\n","protected":false},"excerpt":{"rendered":"<p>Die Atompl\u00e4ne der japanischen Regierung haben einen D\u00e4mpfer erlitten. Ein Gericht hat gestern entschieden, dass zwei Reaktoren im AKW Takahama nicht wieder hochgefahren werden d\u00fcrfen. Die Atompl\u00e4ne der japanischen Regierung&hellip;<\/p>\n","protected":false},"author":23,"featured_media":10450,"comment_status":"closed","ping_status":"open","sticky":false,"template":"","format":"standard","meta":{"_acf_changed":false,"_planet4_optimize_post_is_variant":false,"_planet4_optimize_experiment_name":"","_planet4_optimize_variant_name":"","ep_exclude_from_search":false,"p4_og_title":"","p4_og_description":"","p4_og_image":"","p4_og_image_id":"","p4_seo_canonical_url":"","p4_campaign_name":"","p4_local_project":"","p4_basket_name":"","p4_department":"","footnotes":""},"categories":[1],"tags":[42],"p4-page-type":[75],"gpch-article-type":[],"class_list":["post-10448","post","type-post","status-publish","format-standard","has-post-thumbnail","hentry","category-unkategorisiert","tag-energie","p4-page-type-story"],"acf":[],"_links":{"self":[{"href":"https:\/\/www.greenpeace.ch\/de\/wp-json\/wp\/v2\/posts\/10448","targetHints":{"allow":["GET"]}}],"collection":[{"href":"https:\/\/www.greenpeace.ch\/de\/wp-json\/wp\/v2\/posts"}],"about":[{"href":"https:\/\/www.greenpeace.ch\/de\/wp-json\/wp\/v2\/types\/post"}],"author":[{"embeddable":true,"href":"https:\/\/www.greenpeace.ch\/de\/wp-json\/wp\/v2\/users\/23"}],"replies":[{"embeddable":true,"href":"https:\/\/www.greenpeace.ch\/de\/wp-json\/wp\/v2\/comments?post=10448"}],"version-history":[{"count":0,"href":"https:\/\/www.greenpeace.ch\/de\/wp-json\/wp\/v2\/posts\/10448\/revisions"}],"wp:featuredmedia":[{"embeddable":true,"href":"https:\/\/www.greenpeace.ch\/de\/wp-json\/wp\/v2\/media\/10450"}],"wp:attachment":[{"href":"https:\/\/www.greenpeace.ch\/de\/wp-json\/wp\/v2\/media?parent=10448"}],"wp:term":[{"taxonomy":"category","embeddable":true,"href":"https:\/\/www.greenpeace.ch\/de\/wp-json\/wp\/v2\/categories?post=10448"},{"taxonomy":"post_tag","embeddable":true,"href":"https:\/\/www.greenpeace.ch\/de\/wp-json\/wp\/v2\/tags?post=10448"},{"taxonomy":"p4-page-type","embeddable":true,"href":"https:\/\/www.greenpeace.ch\/de\/wp-json\/wp\/v2\/p4-page-type?post=10448"},{"taxonomy":"gpch-article-type","embeddable":true,"href":"https:\/\/www.greenpeace.ch\/de\/wp-json\/wp\/v2\/gpch-article-type?post=10448"}],"curies":[{"name":"wp","href":"https:\/\/api.w.org\/{rel}","templated":true}]}}