{"id":10458,"date":"2015-04-02T00:00:00","date_gmt":"2015-04-01T22:00:00","guid":{"rendered":"https:\/\/master.greenpeace.ch\/beitrag\/10458\/the-crossing-greenpeace-verfolgt-shells-arktis-flotte\/"},"modified":"2019-05-30T10:32:26","modified_gmt":"2019-05-30T08:32:26","slug":"the-crossing-greenpeace-verfolgt-shells-arktis-flotte","status":"publish","type":"post","link":"https:\/\/www.greenpeace.ch\/de\/story\/10458\/the-crossing-greenpeace-verfolgt-shells-arktis-flotte\/","title":{"rendered":"\u00abThe Crossing\u00bb \u2013 Greenpeace verfolgt Shells Arktis-Flotte"},"content":{"rendered":"<p><b>Die US-Administration hat die Vergabe der Lizenz f\u00fcr Arktis-\u00d6lbohrungen an Shell f\u00fcr rechtens erkl\u00e4rt. Nach einer beispiellosen Pannenserie will der \u00d6lkonzern diesen Sommer nach Alaska zur\u00fcckkehren. Ein Schweizer Konzern mischt mit.\u00a0<\/b><\/p>\n<div class=\"post-content\">\n<div>\n<p><strong>Die US-Administration hat die Vergabe der Lizenz f\u00fcr Arktis-\u00d6lbohrungen an Shell f\u00fcr rechtens erkl\u00e4rt.<\/strong> <strong>Nach einer beispiellosen Pannenserie<\/strong> <strong>will der \u00d6lkonzern diesen Sommer nach Alaska zur\u00fcckkehren. Ein Schweizer Konzern mischt mit.\u00a0<\/strong><\/p>\n<\/p>\n<div class=\"events-box big-box left\">\n<div class=\"frame\">\n        <a class=\"open-img EnlargeImage\" href=\"https:\/\/www.greenpeace.ch\/static\/planet4-switzerland-stateless\/2019\/05\/845aa332-845aa332-150401_crossing.jpg\" title=\"\"><br \/>\n            <img decoding=\"async\" id=\"ctl00_cphContentArea_epiEntryContent_ctl00_ctl02_Image1\" class=\"Thumbnail\" src=\"https:\/\/www.greenpeace.ch\/static\/planet4-switzerland-stateless\/2019\/05\/845aa332-845aa332-150401_crossing.jpg\" alt=\"\" style=\"border-width:0px;\"><\/p>\n<p>        <\/a>\n    <\/div>\n<div class=\"events-content no-title\">\n        <span class=\"date\"><\/span><br \/>\n        <strong><\/strong><\/p>\n<p>\n            Greenpeace beobachtet Shell und Transocean.\n        <\/p>\n<\/p>\n<\/div>\n<\/div>\n<p>\u00a0<\/p>\n<p>Vor zwei Wochen stach die Crew der \u00abEsperanza\u00bb bei Thailand in See, um nach der arktischen \u00d6lbohr-Flotte von Shell zu suchen. Das \u00d6lbohrschiff \u00abNoble Discoverer\u00bb sollte irgendwo mit der \u00d6lplattform <a title=\"Polar Pioneer\" href=\"http:\/\/www.rigzone.com\/data\/offshore_drilling_rigs\/1095\/Semisub\/Transocean_Ltd\/Transocean_Polar_Pioneer\" target=\"_blank\" rel=\"noopener noreferrer\">\u00abPolar Pioneer\u00bb<\/a> zusammentreffen, die dem Zuger Konzern Transocean geh\u00f6rt. Sie zu finden, war keine einfache Aufgabe. Die Arktissch\u00fctzerInnen von Greenpeace hatten aber das Gl\u00fcck der T\u00fcchtigen: <span>Die Esperanza konnte die zwei Schiffe aufsp\u00fcren und folgt ihnen jetzt durch die Balabac-Strasse hinaus in den Pazifik in Richtung Arktis<\/span>. Wir nennen diese Expedition \u00abThe Crossing\u00bb (die \u00dcberquerung).<\/p>\n<p>Die AktivistInnen an Bord der \u00abEsperanza\u00bb wollen Zeugnis ablegen \u00fcber die gef\u00e4hrlichen Machenschaften der beiden Konzerne. <a href=\"http:\/\/www.greenpeace.org\/switzerland\/de\/News_Stories\/Newsblog\/schweizer-firma-transocean-profit-mit-der-oel\/blog\/12495\/\">Transocean war an der verheerenden \u00d6lkatastrophe im Golf von Mexiko von 2010 beteiligt.<\/a> Nachdem die US-Administration die Lizenz f\u00fcr \u00d6lbohrungen in Alaska trotz <a title=\"Shells Pannenserie\" href=\"http:\/\/www.greenpeace.org\/switzerland\/de\/News_Stories\/Newsblog\/shells-arktisteam-macht-erneut-negativ-schlag\/blog\/51647\/\" target=\"_blank\" rel=\"noopener noreferrer\">Shells beispielloser Pannenserie<\/a> f\u00fcr rechtens erkl\u00e4rt hat, ist die Arktis auch dort unmittelbar in Gefahr (der russische Konzern Gazprom bohrt bereits seit Ende 2013 in der arktischen\u00a0<span>Petschorasee)<\/span>\u00a0. Wissen die Leute von Transocean, warum die <span>Arktissch\u00fctzerInnen<\/span>\u00a0auf ihrer F\u00e4hrte sind? Shell weiss es bestimmt. Auch, dass <span>Millionen Menschen weltweit unsere Kampagne f\u00fcr ein Verbot von \u00d6lbohrungen in der Arktis unterst\u00fctzen.\u00a0<\/span>Der britisch-niederl\u00e4ndische \u00d6lkonzern will am liebsten unter Ausschluss der \u00d6ffentlichkeit operieren. Wir machen ihnen einen Strich durch diese Rechnung!<\/p>\n<p>Wir wollen so viele Menschen wie m\u00f6glich mit auf diese wichtige Reise mitnehmen. Wenn Shell und Transocean in der Arktis eine \u00d6lkatastrophe verursachen, wird eines der letzten intakten \u00d6kosysteme unserer Erde verseucht, und damit die Heimat indigener V\u00f6lker und endemischer Tierarten. Ausserdem heizt \u00d6l aus der Arktis den Klimawandel weiter an.<\/p>\n<p>Kommen Sie mit uns auf die Reise. Den AktivistInnen an Bord stehen grosse Herausforderungen bevor. Sie brauchen jede Unterst\u00fctzung. <a title=\"Greenpeace verfolgt Shell-Flotte\" href=\"https:\/\/www.savethearctic.org\/de-CH\/live\/\" target=\"_blank\" rel=\"noopener noreferrer\">Verfolgen Sie ihre Erlebnisse an Bord der \u00abEsperanza\u00bb live mit und teilen Sie sie mit Ihren Freunden.<\/a><\/p>\n<p><a href=\"https:\/\/www.facebook.com\/hashtag\/thecrossing?source=feed_text&amp;story_id=10153182595767766\">Twitter: #\u200eTheCrossing<\/a><\/p>\n<p><a href=\"https:\/\/www.savethearctic.org\/de-CH\/live\/\" target=\"_blank\" rel=\"noopener noreferrer\"><img loading=\"lazy\" decoding=\"async\" src=\"https:\/\/www.greenpeace.ch\/static\/planet4-switzerland-stateless\/2019\/05\/19870cd0-19870cd0-folge_der_esperanza.png\" alt=\"Folge der Esperanza\" width=\"300\" height=\"61\"><\/a><\/p>\n<p>\u00a0<\/p>\n<p>Die Freiwilligen auf der Esperanza senden eine klare Botschaft an US-Pr\u00e4sident Barack Obama:<\/p>\n<p><iframe loading=\"lazy\" src=\"https:\/\/www.youtube.com\/embed\/9J_gDa9RZvo\" width=\"560\" height=\"315\"><\/iframe><\/p>\n<\/div>\n<\/div>\n","protected":false},"excerpt":{"rendered":"<p>Die US-Administration hat die Vergabe der Lizenz f\u00fcr Arktis-\u00d6lbohrungen an Shell f\u00fcr rechtens erkl\u00e4rt. Nach einer beispiellosen Pannenserie will der \u00d6lkonzern diesen Sommer nach Alaska zur\u00fcckkehren. Ein Schweizer Konzern mischt&hellip;<\/p>\n","protected":false},"author":23,"featured_media":10460,"comment_status":"closed","ping_status":"open","sticky":false,"template":"","format":"standard","meta":{"_acf_changed":false,"_planet4_optimize_post_is_variant":false,"_planet4_optimize_experiment_name":"","_planet4_optimize_variant_name":"","ep_exclude_from_search":false,"p4_og_title":"","p4_og_description":"","p4_og_image":"","p4_og_image_id":"","p4_seo_canonical_url":"","p4_campaign_name":"","p4_local_project":"","p4_basket_name":"","p4_department":"","footnotes":""},"categories":[1],"tags":[50],"p4-page-type":[75],"gpch-article-type":[],"class_list":["post-10458","post","type-post","status-publish","format-standard","has-post-thumbnail","hentry","category-unkategorisiert","tag-klima","p4-page-type-story"],"acf":[],"_links":{"self":[{"href":"https:\/\/www.greenpeace.ch\/de\/wp-json\/wp\/v2\/posts\/10458","targetHints":{"allow":["GET"]}}],"collection":[{"href":"https:\/\/www.greenpeace.ch\/de\/wp-json\/wp\/v2\/posts"}],"about":[{"href":"https:\/\/www.greenpeace.ch\/de\/wp-json\/wp\/v2\/types\/post"}],"author":[{"embeddable":true,"href":"https:\/\/www.greenpeace.ch\/de\/wp-json\/wp\/v2\/users\/23"}],"replies":[{"embeddable":true,"href":"https:\/\/www.greenpeace.ch\/de\/wp-json\/wp\/v2\/comments?post=10458"}],"version-history":[{"count":0,"href":"https:\/\/www.greenpeace.ch\/de\/wp-json\/wp\/v2\/posts\/10458\/revisions"}],"wp:featuredmedia":[{"embeddable":true,"href":"https:\/\/www.greenpeace.ch\/de\/wp-json\/wp\/v2\/media\/10460"}],"wp:attachment":[{"href":"https:\/\/www.greenpeace.ch\/de\/wp-json\/wp\/v2\/media?parent=10458"}],"wp:term":[{"taxonomy":"category","embeddable":true,"href":"https:\/\/www.greenpeace.ch\/de\/wp-json\/wp\/v2\/categories?post=10458"},{"taxonomy":"post_tag","embeddable":true,"href":"https:\/\/www.greenpeace.ch\/de\/wp-json\/wp\/v2\/tags?post=10458"},{"taxonomy":"p4-page-type","embeddable":true,"href":"https:\/\/www.greenpeace.ch\/de\/wp-json\/wp\/v2\/p4-page-type?post=10458"},{"taxonomy":"gpch-article-type","embeddable":true,"href":"https:\/\/www.greenpeace.ch\/de\/wp-json\/wp\/v2\/gpch-article-type?post=10458"}],"curies":[{"name":"wp","href":"https:\/\/api.w.org\/{rel}","templated":true}]}}