{"id":10478,"date":"2015-04-01T00:00:00","date_gmt":"2015-03-31T22:00:00","guid":{"rendered":"https:\/\/master.greenpeace.ch\/beitrag\/10478\/internationaler-geschaeftsleiter-von-greenpeace-tritt-zurueck\/"},"modified":"2019-05-30T10:32:53","modified_gmt":"2019-05-30T08:32:53","slug":"internationaler-geschaeftsleiter-von-greenpeace-tritt-zurueck","status":"publish","type":"post","link":"https:\/\/www.greenpeace.ch\/de\/story\/10478\/internationaler-geschaeftsleiter-von-greenpeace-tritt-zurueck\/","title":{"rendered":"Internationaler Gesch\u00e4ftsleiter von Greenpeace tritt zur\u00fcck"},"content":{"rendered":"<p><b>Kumi Naidoo, Gesch\u00e4ftsleiter von Greenpeace International, hat seinen R\u00fccktritt per Ende 2015 bekannt gegeben. Naidoo stand der Umweltorganisation f\u00fcnfeinhalb Jahre lang vor.<\/b><\/p>\n<div class=\"post-content\">\n<div>\n<p><strong>Kumi Naidoo, Gesch\u00e4ftsleiter von Greenpeace International, hat seinen R\u00fccktritt per Ende 2015 bekannt gegeben. Naidoo stand der Umweltorganisation f\u00fcnfeinhalb Jahre lang vor.<\/strong><\/p>\n<\/p>\n<div class=\"events-box big-box left\">\n<div class=\"frame\">\n        <a class=\"open-img EnlargeImage\" href=\"https:\/\/www.greenpeace.ch\/static\/planet4-switzerland-stateless\/2019\/05\/9cef2aa1-9cef2aa1-gp04kyr.jpg\" title=\"\"><br \/>\n            <img decoding=\"async\" id=\"ctl00_cphContentArea_epiEntryContent_ctl00_ctl02_Image1\" class=\"Thumbnail\" src=\"https:\/\/www.greenpeace.ch\/static\/planet4-switzerland-stateless\/2019\/05\/9cef2aa1-9cef2aa1-gp04kyr.jpg\" alt=\"\" style=\"border-width:0px;\"><\/p>\n<p>        <\/a>\n    <\/div>\n<div class=\"events-content no-title\">\n        <span class=\"date\"><\/span><br \/>\n        <strong><\/strong><\/p>\n<p>\n            \u00abIch freue mich darauf, eine noch wichtigere Rolle bei Greenpeace einzunehmen\u00bb \u2013 Kumi Naidoo wird sich in Zukunft als Freiwilliger engagieren\n        <\/p>\n<\/p>\n<\/div>\n<\/div>\n<p>Kumi Naidoo verk\u00fcndete gestern Dienstag seine Entscheidung, als internationaler Gesch\u00e4ftsleiter von Greenpeace zur\u00fcckzutreten. In Absprache mit dem Vorstand von Greenpeace International hat Naidoo entschieden, noch bis sp\u00e4testens Ende Jahr im Amt zu bleiben, um einen reibungslosen \u00dcbergang zu gew\u00e4hrleisten. Der Vorstand nimmt sich nun der schwierigen Suche nach einem Nachfolger an. In der Zwischenzeit arbeitet Naidoo weiter in seiner Funktion und treibt die Kampagnen der Organisation voran.<\/p>\n<p><strong>Umweltsch\u00fctzer und Menschenrechtler<br \/><\/strong>Kumi Naidoo war f\u00fcr die Position des Gesch\u00e4ftsleiters ausgew\u00e4hlt worden aufgrund seiner Kampagnen-Erfahrung im Bereich Menschenrechte und Umwelt-Gerechtigkeit sowie f\u00fcr die aus dieser Erfahrung resultierenden Chancen f\u00fcr Greenpeace, besser mit Organisationen aus der Zivilgesellschaft zusammenzuarbeiten.<\/p>\n<p>Mit Kumi Naidoo an der Spitze der Organisation hat sich der Kampagnen-Stil von Greenpeace ver\u00e4ndert. Um Kampagnen zu gewinnen, wurde ein neuer, offenerer Ansatz gew\u00e4hlt. Dieser r\u00fcckte die Menschen und deren Mobilisierung in den Mittelpunkt.<\/p>\n<p>In seiner Amtszeit \u00fcberwachte Naidoo zudem die gr\u00f6sste Umstrukturierung in der 44-j\u00e4hrigen Geschichte von Greenpeace. Die Organisation verwandelt sich in eine weltweite treibende Kraft f\u00fcr eine gr\u00fcne und friedliche Zukunft; die Ressourcen wurden in L\u00e4ndern geb\u00fcndelt, in denen die wichtigsten K\u00e4mpfe in Sachen Umweltschutz ausgefochten werden.<\/p>\n<p><strong>\u00abNoch wichtigere Rolle einnehmen\u00bb<br \/><\/strong>Die Entscheidung, seine Position aufzugeben, begr\u00fcndet Naidoo wie folgt: \u00abGreenpeace zu leiten war ein Privileg und eine der dankbarsten Erfahrungen meines Lebens. Die leidenschaftlichen und engagierten MitarbeiterInnen von Greenpeace, die Freiwilligen und die Millionen Unterst\u00fctzerInnen geben mir Hoffnung und Mut, dass wir die Krise unseres Planeten abwenden k\u00f6nnen, bevor es zu sp\u00e4t ist. Die vergangenen f\u00fcnfeinhalb Jahre waren so beschwerlich wie lohnend. Wenn ich gehe, freue ich mich darauf, eine noch wichtigere Rolle bei Greenpeace einzunehmen: die eines Freiwilligen.\u00bb<\/p>\n<p>Hinsichtlich seiner Zukunft sagt Naidoo: \u00abTeil meines Plans ist es, nach S\u00fcdafrika zur\u00fcckzukehren und dort den Kampf f\u00fcr eine gerechte Energiezukunft zu unterst\u00fctzen. Die Regierung bezahlt die unfassbare Summe von einer Billion Rand (rund 85 Milliarden Schweizer Franken) f\u00fcr ein von Russland gebautes Atomkraftwerk. Das lenkt mein Land auf einen gef\u00e4hrlichen Weg. S\u00fcdafrika verdient eine Zukunft, die auf dem 21. Jahrhundert aufbaut \u2013 erneuerbare Energiequellen, die nicht nur die Umwelt sch\u00fctzen, sondern auch Jobs schaffen und dazu beitragen, wirtschaftlichen Wohlstand zu sichern.\u201c<\/p>\n<p>Mit der Suche eines Nachfolgers wird der Vorstand von Greenpeace International eine externe Personalagentur beauftragen. Die Suche wird so umfassend wie nur m\u00f6glich stattfinden und interne sowie externe Beratungen einschliessen.<\/p>\n<\/div>\n<\/div>\n","protected":false},"excerpt":{"rendered":"<p>Kumi Naidoo, Gesch\u00e4ftsleiter von Greenpeace International, hat seinen R\u00fccktritt per Ende 2015 bekannt gegeben. Naidoo stand der Umweltorganisation f\u00fcnfeinhalb Jahre lang vor. Kumi Naidoo, Gesch\u00e4ftsleiter von Greenpeace International, hat seinen&hellip;<\/p>\n","protected":false},"author":23,"featured_media":10480,"comment_status":"closed","ping_status":"open","sticky":false,"template":"","format":"standard","meta":{"_acf_changed":false,"_planet4_optimize_post_is_variant":false,"_planet4_optimize_experiment_name":"","_planet4_optimize_variant_name":"","ep_exclude_from_search":false,"p4_og_title":"","p4_og_description":"","p4_og_image":"","p4_og_image_id":"","p4_seo_canonical_url":"","p4_campaign_name":"","p4_local_project":"","p4_basket_name":"","p4_department":"","footnotes":""},"categories":[1],"tags":[],"p4-page-type":[75],"gpch-article-type":[],"class_list":["post-10478","post","type-post","status-publish","format-standard","has-post-thumbnail","hentry","category-unkategorisiert","p4-page-type-story"],"acf":[],"_links":{"self":[{"href":"https:\/\/www.greenpeace.ch\/de\/wp-json\/wp\/v2\/posts\/10478","targetHints":{"allow":["GET"]}}],"collection":[{"href":"https:\/\/www.greenpeace.ch\/de\/wp-json\/wp\/v2\/posts"}],"about":[{"href":"https:\/\/www.greenpeace.ch\/de\/wp-json\/wp\/v2\/types\/post"}],"author":[{"embeddable":true,"href":"https:\/\/www.greenpeace.ch\/de\/wp-json\/wp\/v2\/users\/23"}],"replies":[{"embeddable":true,"href":"https:\/\/www.greenpeace.ch\/de\/wp-json\/wp\/v2\/comments?post=10478"}],"version-history":[{"count":0,"href":"https:\/\/www.greenpeace.ch\/de\/wp-json\/wp\/v2\/posts\/10478\/revisions"}],"wp:featuredmedia":[{"embeddable":true,"href":"https:\/\/www.greenpeace.ch\/de\/wp-json\/wp\/v2\/media\/10480"}],"wp:attachment":[{"href":"https:\/\/www.greenpeace.ch\/de\/wp-json\/wp\/v2\/media?parent=10478"}],"wp:term":[{"taxonomy":"category","embeddable":true,"href":"https:\/\/www.greenpeace.ch\/de\/wp-json\/wp\/v2\/categories?post=10478"},{"taxonomy":"post_tag","embeddable":true,"href":"https:\/\/www.greenpeace.ch\/de\/wp-json\/wp\/v2\/tags?post=10478"},{"taxonomy":"p4-page-type","embeddable":true,"href":"https:\/\/www.greenpeace.ch\/de\/wp-json\/wp\/v2\/p4-page-type?post=10478"},{"taxonomy":"gpch-article-type","embeddable":true,"href":"https:\/\/www.greenpeace.ch\/de\/wp-json\/wp\/v2\/gpch-article-type?post=10478"}],"curies":[{"name":"wp","href":"https:\/\/api.w.org\/{rel}","templated":true}]}}