{"id":10498,"date":"2015-03-31T00:00:00","date_gmt":"2015-03-30T22:00:00","guid":{"rendered":"https:\/\/master.greenpeace.ch\/beitrag\/10498\/mehr-sonnenpower-in-langnau-dank-jugendsolar\/"},"modified":"2019-05-30T10:33:33","modified_gmt":"2019-05-30T08:33:33","slug":"mehr-sonnenpower-in-langnau-dank-jugendsolar","status":"publish","type":"post","link":"https:\/\/www.greenpeace.ch\/de\/story\/10498\/mehr-sonnenpower-in-langnau-dank-jugendsolar\/","title":{"rendered":"Mehr Sonnenpower in Langnau dank Jugendsolar"},"content":{"rendered":"<p><b>Was lange w\u00e4hrt, wird endlich gut: Mitte M\u00e4rz haben die Sch\u00fclerinnen und Sch\u00fcler der Schulh\u00e4user Oberfrittenbach und Ilfis ihre Projektwoche zum Thema Solarenergie von vergangenem Herbst abschliessen k\u00f6nnen mit dem Bau einer Photovoltaik-Anlage.<\/b><\/p>\n<div class=\"post-content\">\n<div>\n<p><strong>Was lange w\u00e4hrt, wird endlich gut: Mitte M\u00e4rz haben die Sch\u00fclerinnen und Sch\u00fcler der Schulh\u00e4user Oberfrittenbach und Ilfis ihre Projektwoche zum Thema Solarenergie von vergangenem Herbst abschliessen k\u00f6nnen mit dem Bau einer Photovoltaik-Anlage.<\/strong><\/p>\n<p>Die Installation einer Solaranlage ist jeweils das Highlight der Jugendsolar-Projektwochen. Doch den Sch\u00fclerInnen der Schulh\u00e4user Oberfrittenbach und Ilfis blieb dies letzten Herbst verwehrt. Damals stand kein passendes Dach zur Verf\u00fcgung \u2013 am 19. und 20. M\u00e4rz dieses Jahres konnte der Solaranlagen-Bau nun endlich nachgeholt werden.<\/p>\n<p>Unter der Anleitung von Lukas Friedli\u00a0von der <a href=\"http:\/\/www.energieregion-emmental.ch\/\" target=\"_blank\" rel=\"noopener noreferrer\">Energieregion Emmental<\/a>\u00a0und dem Dachdecker Hans Wiedmer\u00a0haben die Sch\u00fcler und Sch\u00fclerinnen die Unterkonstruktion montiert und die Solarpanels auf dem Dach der Firma Fischer AG\u00a0angeschlossen. Passend zum Thema konnte am Freitag die partielle Sonnenfinsternis beobachtet werden.<\/p>\n<\/p>\n<div class=\"embedded-image-gallery promo general-form\">\n<h2>Jugendsolar schliesst Projekt in Langnau i. E. ab<\/h2>\n<div class=\"gallery\">\n<div class=\"img-nav\">\n<div class=\"carousel\">\n<ul class=\"img-list galleria\">\n<li class=\"active\">\n                            <a title=\"Bautage in Langnau\" href=\"\/switzerland\/de\/News_Stories\/Multimedia\/Fotos\/Bautage-in-Langnau-i-E\/Bautage-in-Langnau\/\" rel=\"Die Sch\u00fcler montieren die Unterkonstruktion.~^Jugendsolar \/ Greenpeace~^\/switzerland\/ReSizes\/ImageGalleryLarge\/Global\/switzerland\/Bautage Langnau\/DSC00081.jpg~^445252\"><br \/>\n                                <img decoding=\"async\" id=\"ctl00_cphContentArea_epiEntryContent_ctl00_ctl02_ctl00_repImages_ctl00_thumbImg\" title=\"Bautage in Langnau\" src=\"https:\/\/www.greenpeace.ch\/static\/planet4-switzerland-stateless\/2019\/05\/36fe5176-36fe5176-dsc00081.jpg\" alt=\"Bautage in Langnau\" style=\"border-width:0px;\"><br \/>\n                            <\/a>\n                        <\/li>\n<li>\n                            <a title=\"Bautage in Langnau\" href=\"\/switzerland\/de\/News_Stories\/Multimedia\/Fotos\/Bautage-in-Langnau-i-E\/Bautage-in-Langnau1\/\" rel=\"M\u00f6glichst alles Material wurde von Hand aufs Dach getragen.~^Jugendsolar \/ Greenpeace~^\/switzerland\/ReSizes\/ImageGalleryLarge\/Global\/switzerland\/Bautage Langnau\/DSC00087.jpg~^445253\"><br \/>\n                                <img decoding=\"async\" id=\"ctl00_cphContentArea_epiEntryContent_ctl00_ctl02_ctl00_repImages_ctl01_thumbImg\" title=\"Bautage in Langnau\" src=\"https:\/\/www.greenpeace.ch\/static\/planet4-switzerland-stateless\/2019\/05\/3755ecd9-3755ecd9-dsc00087.jpg\" alt=\"Bautage in Langnau\" style=\"border-width:0px;\"><br \/>\n                            <\/a>\n                        <\/li>\n<li>\n                            <a title=\"Bautage in Langnau\" href=\"\/switzerland\/de\/News_Stories\/Multimedia\/Fotos\/Bautage-in-Langnau-i-E\/Bautage-in-Langnau2\/\" rel=\"Gruppenfoto der Sch\u00fclerInnen aus dem Schulhaus Oberfrittenbach.~^Jugendsolar \/ Greenpeace~^\/switzerland\/ReSizes\/ImageGalleryLarge\/Global\/switzerland\/Bautage Langnau\/DSC00101.jpg~^445255\"><br \/>\n                                <img decoding=\"async\" id=\"ctl00_cphContentArea_epiEntryContent_ctl00_ctl02_ctl00_repImages_ctl02_thumbImg\" title=\"Bautage in Langnau\" src=\"https:\/\/www.greenpeace.ch\/static\/planet4-switzerland-stateless\/2019\/05\/297f071a-297f071a-dsc00101.jpg\" alt=\"Bautage in Langnau\" style=\"border-width:0px;\"><br \/>\n                            <\/a>\n                        <\/li>\n<li>\n                            <a title=\"Bautage in Langnau\" href=\"\/switzerland\/de\/News_Stories\/Multimedia\/Fotos\/Bautage-in-Langnau-i-E\/Bautage-in-Langnau3\/\" rel=\"Auch dank dem guten Wetter hat die Arbeit Spass gemacht.~^Jugendsolar \/ Greenpeace~^\/switzerland\/ReSizes\/ImageGalleryLarge\/Global\/switzerland\/Bautage Langnau\/DSC00144.jpg~^445256\"><br \/>\n                                <img decoding=\"async\" id=\"ctl00_cphContentArea_epiEntryContent_ctl00_ctl02_ctl00_repImages_ctl03_thumbImg\" title=\"Bautage in Langnau\" src=\"https:\/\/www.greenpeace.ch\/static\/planet4-switzerland-stateless\/2019\/05\/6a26e942-6a26e942-dsc00144.jpg\" alt=\"Bautage in Langnau\" style=\"border-width:0px;\"><br \/>\n                            <\/a>\n                        <\/li>\n<li>\n                            <a title=\"Bautage in Langnau\" href=\"\/switzerland\/de\/News_Stories\/Multimedia\/Fotos\/Bautage-in-Langnau-i-E\/Bautage-in-Langnau4\/\" rel=\"Die Panels werden vom Kran abgeladen.~^Jugendsolar \/ Greenpeace~^\/switzerland\/ReSizes\/ImageGalleryLarge\/Global\/switzerland\/Bautage Langnau\/DSC00171.jpg~^445257\"><br \/>\n                                <img decoding=\"async\" id=\"ctl00_cphContentArea_epiEntryContent_ctl00_ctl02_ctl00_repImages_ctl04_thumbImg\" title=\"Bautage in Langnau\" src=\"https:\/\/www.greenpeace.ch\/static\/planet4-switzerland-stateless\/2019\/05\/c7b6a0e4-c7b6a0e4-dsc00171.jpg\" alt=\"Bautage in Langnau\" style=\"border-width:0px;\"><br \/>\n                            <\/a>\n                        <\/li>\n<li>\n                            <a title=\"Bautage in Langnau\" href=\"\/switzerland\/de\/News_Stories\/Multimedia\/Fotos\/Bautage-in-Langnau-i-E\/Bautage-in-Langnau5\/\" rel=\"Lukas Friedli von der Energieregion Emmental informiert die Sch\u00fcler \u00fcber die Anlage.~^Jugendsolar \/ Greenpeace~^\/switzerland\/ReSizes\/ImageGalleryLarge\/Global\/switzerland\/Bautage Langnau\/DSC00176.jpg~^445258\"><br \/>\n                                <img decoding=\"async\" id=\"ctl00_cphContentArea_epiEntryContent_ctl00_ctl02_ctl00_repImages_ctl05_thumbImg\" title=\"Bautage in Langnau\" src=\"https:\/\/www.greenpeace.ch\/static\/planet4-switzerland-stateless\/2019\/05\/2df165eb-2df165eb-dsc00176.jpg\" alt=\"Bautage in Langnau\" style=\"border-width:0px;\"><br \/>\n                            <\/a>\n                        <\/li>\n<li>\n                            <a title=\"Bautage in Langnau\" href=\"\/switzerland\/de\/News_Stories\/Multimedia\/Fotos\/Bautage-in-Langnau-i-E\/Bautage-in-Langnau6\/\" rel=\"Die Panels wurden mit einem Kran aufs Dach gehoben.~^Jugendsolar \/ Greenpeace~^\/switzerland\/ReSizes\/ImageGalleryLarge\/Global\/switzerland\/Bautage Langnau\/DSC00183.jpg~^445259\"><br \/>\n                                <img decoding=\"async\" id=\"ctl00_cphContentArea_epiEntryContent_ctl00_ctl02_ctl00_repImages_ctl06_thumbImg\" title=\"Bautage in Langnau\" src=\"https:\/\/www.greenpeace.ch\/static\/planet4-switzerland-stateless\/2019\/05\/b23eff43-b23eff43-dsc00183.jpg\" alt=\"Bautage in Langnau\" style=\"border-width:0px;\"><br \/>\n                            <\/a>\n                        <\/li>\n<li>\n                            <a title=\"Bautage in Langnau\" href=\"\/switzerland\/de\/News_Stories\/Multimedia\/Fotos\/Bautage-in-Langnau-i-E\/Bautage-in-Langnau7\/\" rel=\"Selbst die Verkabelung der Panels konnte von den Sch\u00fclern erledigt werden.~^Jugendsolar \/ Greenpeace~^\/switzerland\/ReSizes\/ImageGalleryLarge\/Global\/switzerland\/Bautage Langnau\/DSC00205.jpg~^445260\"><br \/>\n                                <img decoding=\"async\" id=\"ctl00_cphContentArea_epiEntryContent_ctl00_ctl02_ctl00_repImages_ctl07_thumbImg\" title=\"Bautage in Langnau\" src=\"https:\/\/www.greenpeace.ch\/static\/planet4-switzerland-stateless\/2019\/05\/6f5a3d51-6f5a3d51-dsc00205.jpg\" alt=\"Bautage in Langnau\" style=\"border-width:0px;\"><br \/>\n                            <\/a>\n                        <\/li>\n<li>\n                            <a title=\"Bautage in Langnau\" href=\"\/switzerland\/de\/News_Stories\/Multimedia\/Fotos\/Bautage-in-Langnau-i-E\/Bautage-in-Langnau8\/\" rel=\"Der Dachdecker Hans Wiedmer erkl\u00e4rt den Sch\u00fclern was getan werden muss.~^Jugendsolar \/ Greenpeace~^\/switzerland\/ReSizes\/ImageGalleryLarge\/Global\/switzerland\/Bautage Langnau\/DSC00216.jpg~^445261\"><br \/>\n                                <img decoding=\"async\" id=\"ctl00_cphContentArea_epiEntryContent_ctl00_ctl02_ctl00_repImages_ctl08_thumbImg\" title=\"Bautage in Langnau\" src=\"https:\/\/www.greenpeace.ch\/static\/planet4-switzerland-stateless\/2019\/05\/42b289e0-42b289e0-dsc00216.jpg\" alt=\"Bautage in Langnau\" style=\"border-width:0px;\"><br \/>\n                            <\/a>\n                        <\/li>\n<li>\n                            <a title=\"Bautage in Langnau\" href=\"\/switzerland\/de\/News_Stories\/Multimedia\/Fotos\/Bautage-in-Langnau-i-E\/Bautage-in-Langnau9\/\" rel=\"Gruppenfoto der Sch\u00fclerInnen aus dem Schulhaus Ilfis.~^Jugendsolar \/ Greenpeace~^\/switzerland\/ReSizes\/ImageGalleryLarge\/Global\/switzerland\/Bautage Langnau\/DSC00220.jpg~^445262\"><br \/>\n                                <img decoding=\"async\" id=\"ctl00_cphContentArea_epiEntryContent_ctl00_ctl02_ctl00_repImages_ctl09_thumbImg\" title=\"Bautage in Langnau\" src=\"https:\/\/www.greenpeace.ch\/static\/planet4-switzerland-stateless\/2019\/05\/77a8004c-77a8004c-dsc00220.jpg\" alt=\"Bautage in Langnau\" style=\"border-width:0px;\"><br \/>\n                            <\/a>\n                        <\/li>\n<\/ul>\n<\/div>\n<\/div>\n<\/div>\n<div class=\"text\">\n<p class=\"description\">Was lange w\u00e4hrt, wird endlich gut: Mitte M\u00e4rz haben die Sch\u00fclerinnen und Sch\u00fcler der Schulh\u00e4user Oberfrittenbach und Ilfis ihre Projektwoche zum Thema Solarenergie von vergangenem Herbst abschliessen k\u00f6nnen mit dem Bau einer Photovoltaik-Anlage.<\/p>\n<p class=\"copyright\">\u00a9 Jugendsolar by Greenpeace<\/p>\n<\/div>\n<\/div>\n<p>\u00a0\n<\/p>\n<\/div>\n<\/div>\n","protected":false},"excerpt":{"rendered":"<p>Was lange w\u00e4hrt, wird endlich gut: Mitte M\u00e4rz haben die Sch\u00fclerinnen und Sch\u00fcler der Schulh\u00e4user Oberfrittenbach und Ilfis ihre Projektwoche zum Thema Solarenergie von vergangenem Herbst abschliessen k\u00f6nnen mit dem&hellip;<\/p>\n","protected":false},"author":23,"featured_media":10500,"comment_status":"closed","ping_status":"open","sticky":false,"template":"","format":"standard","meta":{"_acf_changed":false,"_planet4_optimize_post_is_variant":false,"_planet4_optimize_experiment_name":"","_planet4_optimize_variant_name":"","ep_exclude_from_search":false,"p4_og_title":"","p4_og_description":"","p4_og_image":"","p4_og_image_id":"","p4_seo_canonical_url":"","p4_campaign_name":"","p4_local_project":"","p4_basket_name":"","p4_department":"","footnotes":""},"categories":[1],"tags":[50],"p4-page-type":[75],"gpch-article-type":[],"class_list":["post-10498","post","type-post","status-publish","format-standard","has-post-thumbnail","hentry","category-unkategorisiert","tag-klima","p4-page-type-story"],"acf":[],"_links":{"self":[{"href":"https:\/\/www.greenpeace.ch\/de\/wp-json\/wp\/v2\/posts\/10498","targetHints":{"allow":["GET"]}}],"collection":[{"href":"https:\/\/www.greenpeace.ch\/de\/wp-json\/wp\/v2\/posts"}],"about":[{"href":"https:\/\/www.greenpeace.ch\/de\/wp-json\/wp\/v2\/types\/post"}],"author":[{"embeddable":true,"href":"https:\/\/www.greenpeace.ch\/de\/wp-json\/wp\/v2\/users\/23"}],"replies":[{"embeddable":true,"href":"https:\/\/www.greenpeace.ch\/de\/wp-json\/wp\/v2\/comments?post=10498"}],"version-history":[{"count":0,"href":"https:\/\/www.greenpeace.ch\/de\/wp-json\/wp\/v2\/posts\/10498\/revisions"}],"wp:featuredmedia":[{"embeddable":true,"href":"https:\/\/www.greenpeace.ch\/de\/wp-json\/wp\/v2\/media\/10500"}],"wp:attachment":[{"href":"https:\/\/www.greenpeace.ch\/de\/wp-json\/wp\/v2\/media?parent=10498"}],"wp:term":[{"taxonomy":"category","embeddable":true,"href":"https:\/\/www.greenpeace.ch\/de\/wp-json\/wp\/v2\/categories?post=10498"},{"taxonomy":"post_tag","embeddable":true,"href":"https:\/\/www.greenpeace.ch\/de\/wp-json\/wp\/v2\/tags?post=10498"},{"taxonomy":"p4-page-type","embeddable":true,"href":"https:\/\/www.greenpeace.ch\/de\/wp-json\/wp\/v2\/p4-page-type?post=10498"},{"taxonomy":"gpch-article-type","embeddable":true,"href":"https:\/\/www.greenpeace.ch\/de\/wp-json\/wp\/v2\/gpch-article-type?post=10498"}],"curies":[{"name":"wp","href":"https:\/\/api.w.org\/{rel}","templated":true}]}}