{"id":10515,"date":"2015-03-09T00:00:00","date_gmt":"2015-03-08T22:00:00","guid":{"rendered":"https:\/\/master.greenpeace.ch\/beitrag\/10515\/ueber-2000-stimmen-gegen-fracking-im-kanton-zuerich\/"},"modified":"2019-05-30T10:33:48","modified_gmt":"2019-05-30T08:33:48","slug":"ueber-2000-stimmen-gegen-fracking-im-kanton-zuerich","status":"publish","type":"post","link":"https:\/\/www.greenpeace.ch\/de\/story\/10515\/ueber-2000-stimmen-gegen-fracking-im-kanton-zuerich\/","title":{"rendered":"\u00dcber 2000 Stimmen gegen Fracking im Kanton Z\u00fcrich"},"content":{"rendered":"<p><b>AktivistInnen der Greenpeace-Regionalgruppe Winterthur haben heute Vormittag dem Z\u00fcrcher Kantonsrat eine Petition mit \u00fcber 2000 Unterschriften gegen Fracking \u00fcberreicht. Mit selbstgebackenen Bohrt\u00fcrmen machten sie den ParlamentarierInnen das Verbot der umweltsch\u00e4dlichen F\u00f6rdermethode schmackhaft.<\/b><\/p>\n<div class=\"post-content\">\n<div>\n<p><strong>AktivistInnen der Greenpeace-Regionalgruppe Winterthur haben heute Vormittag dem Z\u00fcrcher Kantonsrat eine Petition mit \u00fcber 2000 Unterschriften gegen Fracking \u00fcberreicht. Mit selbstgebackenen Bohrt\u00fcrmen machten sie den ParlamentarierInnen das Verbot der umweltsch\u00e4dlichen F\u00f6rdermethode schmackhaft.<\/strong><\/p>\n<\/p>\n<div class=\"events-box big-box left\">\n<div class=\"frame\">\n        <a class=\"open-img EnlargeImage\" href=\"\/switzerland\/Global\/switzerland\/Blogs\/Petitions%c3%bcbergabe%20Fracking.JPG\" title=\"\"><br \/>\n            <img decoding=\"async\" id=\"ctl00_cphContentArea_epiEntryContent_ctl00_ctl02_Image1\" class=\"Thumbnail\" src=\"https:\/\/www.greenpeace.ch\/static\/planet4-switzerland-stateless\/2019\/05\/8570988f-8570988f-petitions\u00fcbergabe-fracking.jpg\" alt=\"\" style=\"border-width:0px;\"><\/p>\n<p>        <\/a>\n    <\/div>\n<div class=\"events-content no-title\">\n        <span class=\"date\"><\/span><br \/>\n        <strong><\/strong><\/p>\n<p>\n            Kantonsratspr\u00e4sidentin Brigitta Johner nimmt die Petition f\u00fcr ein Fracking-Verbot entgegen\n        <\/p>\n<\/p>\n<\/div>\n<\/div>\n<p>In den n\u00e4chsten Wochen stimmt der Z\u00fcrcher Kantonsrat \u00fcber einen Vorstoss der Gr\u00fcnen ab, der ein Verbot von Fracking im Kanton fordert. Dass auch die Bev\u00f6lkerung dieses Anliegen unterst\u00fctzt, das haben rund zehn AktivistInnen und SympathisantInnen der Greenpeace-Regionalgruppe Winterthur den Volksvertretern klar machen wollen. W\u00e4hrend der Ratspause gab es dazu f\u00fcr die Kantonsr\u00e4tInnen einen kleinen Ap\u00e9ro mit selbstgebackenen Biskuits in der Form von Bohrt\u00fcrmen.\u00a0<\/p>\n<p><strong>Fracking-Pl\u00e4ne im Z\u00fcrcher Weinland<br \/><\/strong>Bohrt\u00fcrme aus Stahl und nicht aus Biskuit-Teig k\u00f6nnten dereinst im Z\u00fcrcher Weinland stehen, wenn der Kantonsrat nicht handelt. Dort, in Humlikon, will die Aktiengesellschaft f\u00fcr schweizerisches Erd\u00f6l (Seag) Erdgas per Fracking aus dem Untergrund holen. Sie nimmt dabei eine akute Gef\u00e4hrdung des Z\u00fcrcher Grundwassers und der Gesundheit der Bev\u00f6lkerung in Kauf.<\/p>\n<p><strong>Brachiale F\u00f6rdermethode<br \/><\/strong>Fracking ist n\u00e4mlich eine ziemlich brachiale Methode: Ein Gemisch aus Chemikalien, Wasser und Sand wird mit hohem Druck in den Untergrund gepresst. Durch die so entstehenden Risse im Gestein wird \u00d6l oder Gas herausgel\u00f6st. Dabei kann das Grundwasser verseucht werden und das hochwirksame Klimagas Methan austreten. Und apropos Klima: Um den Klimawandel nicht noch mehr anzuheizen, sollte m\u00f6glichst viel Erd\u00f6l und Erdgas ohnehin dort bleiben wo es hingeh\u00f6rt \u2013 im Boden. Es bleibt zu hoffen, dass die Z\u00fcrcher Kantonsr\u00e4tInnen das anerkennen und das Fracking-Verbot gebacken kriegen.\u00a0<\/p>\n<\/div>\n<\/div>\n","protected":false},"excerpt":{"rendered":"<p>AktivistInnen der Greenpeace-Regionalgruppe Winterthur haben heute Vormittag dem Z\u00fcrcher Kantonsrat eine Petition mit \u00fcber 2000 Unterschriften gegen Fracking \u00fcberreicht. Mit selbstgebackenen Bohrt\u00fcrmen machten sie den ParlamentarierInnen das Verbot der umweltsch\u00e4dlichen&hellip;<\/p>\n","protected":false},"author":23,"featured_media":10517,"comment_status":"closed","ping_status":"open","sticky":false,"template":"","format":"standard","meta":{"_acf_changed":false,"_planet4_optimize_post_is_variant":false,"_planet4_optimize_experiment_name":"","_planet4_optimize_variant_name":"","ep_exclude_from_search":false,"p4_og_title":"","p4_og_description":"","p4_og_image":"","p4_og_image_id":"","p4_seo_canonical_url":"","p4_campaign_name":"","p4_local_project":"","p4_basket_name":"","p4_department":"","footnotes":""},"categories":[1],"tags":[50],"p4-page-type":[75],"gpch-article-type":[],"class_list":["post-10515","post","type-post","status-publish","format-standard","has-post-thumbnail","hentry","category-unkategorisiert","tag-klima","p4-page-type-story"],"acf":[],"_links":{"self":[{"href":"https:\/\/www.greenpeace.ch\/de\/wp-json\/wp\/v2\/posts\/10515","targetHints":{"allow":["GET"]}}],"collection":[{"href":"https:\/\/www.greenpeace.ch\/de\/wp-json\/wp\/v2\/posts"}],"about":[{"href":"https:\/\/www.greenpeace.ch\/de\/wp-json\/wp\/v2\/types\/post"}],"author":[{"embeddable":true,"href":"https:\/\/www.greenpeace.ch\/de\/wp-json\/wp\/v2\/users\/23"}],"replies":[{"embeddable":true,"href":"https:\/\/www.greenpeace.ch\/de\/wp-json\/wp\/v2\/comments?post=10515"}],"version-history":[{"count":0,"href":"https:\/\/www.greenpeace.ch\/de\/wp-json\/wp\/v2\/posts\/10515\/revisions"}],"wp:featuredmedia":[{"embeddable":true,"href":"https:\/\/www.greenpeace.ch\/de\/wp-json\/wp\/v2\/media\/10517"}],"wp:attachment":[{"href":"https:\/\/www.greenpeace.ch\/de\/wp-json\/wp\/v2\/media?parent=10515"}],"wp:term":[{"taxonomy":"category","embeddable":true,"href":"https:\/\/www.greenpeace.ch\/de\/wp-json\/wp\/v2\/categories?post=10515"},{"taxonomy":"post_tag","embeddable":true,"href":"https:\/\/www.greenpeace.ch\/de\/wp-json\/wp\/v2\/tags?post=10515"},{"taxonomy":"p4-page-type","embeddable":true,"href":"https:\/\/www.greenpeace.ch\/de\/wp-json\/wp\/v2\/p4-page-type?post=10515"},{"taxonomy":"gpch-article-type","embeddable":true,"href":"https:\/\/www.greenpeace.ch\/de\/wp-json\/wp\/v2\/gpch-article-type?post=10515"}],"curies":[{"name":"wp","href":"https:\/\/api.w.org\/{rel}","templated":true}]}}