{"id":10532,"date":"2015-02-27T00:00:00","date_gmt":"2015-02-26T22:00:00","guid":{"rendered":"https:\/\/master.greenpeace.ch\/beitrag\/10532\/doris-leuthard-immer-noch-keine-schutzpatronin-des-klimas\/"},"modified":"2022-04-04T10:12:02","modified_gmt":"2022-04-04T08:12:02","slug":"doris-leuthard-immer-noch-keine-schutzpatronin-des-klimas","status":"publish","type":"post","link":"https:\/\/www.greenpeace.ch\/de\/story\/10532\/doris-leuthard-immer-noch-keine-schutzpatronin-des-klimas\/","title":{"rendered":"Doris Leuthard immer noch keine Schutzpatronin des Klimas"},"content":{"rendered":"<p><b>Der Weg bis zur Heiligsprechung ist im Fall von Bundesr\u00e4tin Doris Leuthard noch lang. Auch in der Klimapolitik hat sie bis jetzt keine Wunder bewirkt: Die heute vom Bundesrat vorgestellten Klimaziele f\u00fcr die Zeit ab dem Jahr 2020 sind v\u00f6llig ungen\u00fcgend. Wenn es bis zur internationalen Klimakonferenz in Paris im Dezember keinen Kurswechsel mehr gibt, kann Doris Leuthard h\u00f6chstens noch zur Schutzpatronin der Klimaerw\u00e4rmung werden.<\/b><\/p>\n<div class=\"post-content\">\n<p>Im k\u00fcrzlich erschienenen Umweltbericht\u00a0hat der Bundesrat den Klimaschutz als eine der wichtigsten Herausforderungen der Schweiz dargestellt und bisher eine negative Entwicklung festgestellt: Die zu hohen Treibhausgasemissionen haben sich zwischen 1990 und 2012 insgesamt kaum ver\u00e4ndert, heisst es im umfangreichen Bericht.<\/p>\n<p>Als es\u00a0gilt, den Tatbeweis zu erbringen, dass es die Schweiz ernst meint mit dem Klimaschutz, verspricht der Bundesrat aber nur warme Luft: Die Ziele sind weniger ambitioniert als jene der EU und der USA und leisten keinen angemessenen Beitrag zur Eind\u00e4mmung der Klimaerw\u00e4rmung auf maximal 2 Grad Celsius wie von der Wissenschaft gefordert. Dies obwohl\u00a0<a href=\"http:\/\/www.greenpeace.org\/switzerland\/de\/News_Stories\/Newsblog\/energy-revolution-die-schweiz-muss-mehr-fuer-\/blog\/47438\/\" target=\"_blank\" rel=\"noopener noreferrer\">das Energieszenario von Greenpeace Schweiz<\/a> klar aufzeigt, dass eine Energy [R]evolution fossile und nukleare Energien mit erneuerbaren problemlos ersetzen kann.<\/p>\n<div class=\"events-box big-box left\">\n<div class=\"events-content hidden-paragraph\"><strong>Protestaktion gegen Doris Leuthard w\u00e4hrend der Medienkonferenz in Bern<\/strong><\/div>\n<\/div>\n<p>Dass der Bundesrat kein Einsehen hat, ist kein gutes Omen f\u00fcr die internationalen Klimaverhandlungen und auch keine gute Visitenkarte f\u00fcr den Schweizer Kandidaten f\u00fcr das Pr\u00e4sidium des Weltklimarats, den Wissenschaftler Thomas Stocker. Wenn sogar die wohlhabende und gut informierte Schweiz sich nicht zu h\u00f6heren Anstrengungen und finanziellen Beitr\u00e4gen an die \u00e4rmeren L\u00e4nder zur Bek\u00e4mpfung des Klimawandels verpflichtet, muss man sich fragen, wer denn sonst eine Vorreiterrolle \u00fcbernehmen soll?<\/p>\n<\/div>\n","protected":false},"excerpt":{"rendered":"<p>Der Weg bis zur Heiligsprechung ist im Fall von Bundesr\u00e4tin Doris Leuthard noch lang. Auch in der Klimapolitik hat sie bis jetzt keine Wunder bewirkt: Die heute vom Bundesrat vorgestellten&hellip;<\/p>\n","protected":false},"author":23,"featured_media":10534,"comment_status":"closed","ping_status":"open","sticky":false,"template":"","format":"standard","meta":{"_acf_changed":false,"_planet4_optimize_post_is_variant":false,"_planet4_optimize_experiment_name":"","_planet4_optimize_variant_name":"","ep_exclude_from_search":false,"p4_og_title":"","p4_og_description":"","p4_og_image":"","p4_og_image_id":"","p4_seo_canonical_url":"","p4_campaign_name":"not set","p4_local_project":"not set","p4_basket_name":"not set","p4_department":"","footnotes":""},"categories":[1],"tags":[50],"p4-page-type":[75],"gpch-article-type":[],"class_list":["post-10532","post","type-post","status-publish","format-standard","has-post-thumbnail","hentry","category-unkategorisiert","tag-klima","p4-page-type-story"],"acf":[],"_links":{"self":[{"href":"https:\/\/www.greenpeace.ch\/de\/wp-json\/wp\/v2\/posts\/10532","targetHints":{"allow":["GET"]}}],"collection":[{"href":"https:\/\/www.greenpeace.ch\/de\/wp-json\/wp\/v2\/posts"}],"about":[{"href":"https:\/\/www.greenpeace.ch\/de\/wp-json\/wp\/v2\/types\/post"}],"author":[{"embeddable":true,"href":"https:\/\/www.greenpeace.ch\/de\/wp-json\/wp\/v2\/users\/23"}],"replies":[{"embeddable":true,"href":"https:\/\/www.greenpeace.ch\/de\/wp-json\/wp\/v2\/comments?post=10532"}],"version-history":[{"count":0,"href":"https:\/\/www.greenpeace.ch\/de\/wp-json\/wp\/v2\/posts\/10532\/revisions"}],"wp:featuredmedia":[{"embeddable":true,"href":"https:\/\/www.greenpeace.ch\/de\/wp-json\/wp\/v2\/media\/10534"}],"wp:attachment":[{"href":"https:\/\/www.greenpeace.ch\/de\/wp-json\/wp\/v2\/media?parent=10532"}],"wp:term":[{"taxonomy":"category","embeddable":true,"href":"https:\/\/www.greenpeace.ch\/de\/wp-json\/wp\/v2\/categories?post=10532"},{"taxonomy":"post_tag","embeddable":true,"href":"https:\/\/www.greenpeace.ch\/de\/wp-json\/wp\/v2\/tags?post=10532"},{"taxonomy":"p4-page-type","embeddable":true,"href":"https:\/\/www.greenpeace.ch\/de\/wp-json\/wp\/v2\/p4-page-type?post=10532"},{"taxonomy":"gpch-article-type","embeddable":true,"href":"https:\/\/www.greenpeace.ch\/de\/wp-json\/wp\/v2\/gpch-article-type?post=10532"}],"curies":[{"name":"wp","href":"https:\/\/api.w.org\/{rel}","templated":true}]}}