{"id":10555,"date":"2015-03-12T00:00:00","date_gmt":"2015-03-11T22:00:00","guid":{"rendered":"https:\/\/master.greenpeace.ch\/beitrag\/10555\/200-menschen-an-800-mahnwache-vor-dem-ensi\/"},"modified":"2019-05-30T10:35:02","modified_gmt":"2019-05-30T08:35:02","slug":"200-menschen-an-800-mahnwache-vor-dem-ensi","status":"publish","type":"post","link":"https:\/\/www.greenpeace.ch\/de\/story\/10555\/200-menschen-an-800-mahnwache-vor-dem-ensi\/","title":{"rendered":"200 Menschen an 800. Mahnwache vor dem ENSI"},"content":{"rendered":"<p><b>Auch vier Jahre nach der Atomkatastrophe in Fukushima l\u00e4sst der Widerstand gegen die Atomkraft nicht nach: Rund 200 Menschen haben am Mittwoch vor dem Sitz der Atomaufsichtsbeh\u00f6rde ENSI in Brugg\/AG ein friedliches Zeichen f\u00fcr eine Schweiz ohne Reaktoren gesetzt. Auch in Genf versammelten sich vor dem japanischen Konsulat Dutzende von AKW-Gegnern.<\/b><\/p>\n<div class=\"post-content\">\n<div>\n<p><strong>Auch vier Jahre nach der Atomkatastrophe in Fukushima l\u00e4sst der Widerstand gegen die Atomkraft nicht nach: Rund 200 Menschen haben am Mittwoch vor dem Sitz der Atomaufsichtsbeh\u00f6rde ENSI in Brugg\/AG ein friedliches Zeichen f\u00fcr eine Schweiz ohne Reaktoren gesetzt. Auch in Genf versammelten sich vor dem japanischen Konsulat Dutzende von AKW-Gegnern.<\/strong><\/p>\n<\/p>\n<div class=\"events-box big-box left\">\n<div class=\"frame\">\n        <a class=\"open-img EnlargeImage\" href=\"https:\/\/www.greenpeace.ch\/static\/planet4-switzerland-stateless\/2019\/05\/00680d9f-00680d9f-bild6.jpg\" title=\"\"><br \/>\n            <img decoding=\"async\" id=\"ctl00_cphContentArea_epiEntryContent_ctl00_ctl02_Image1\" class=\"Thumbnail\" src=\"https:\/\/www.greenpeace.ch\/static\/planet4-switzerland-stateless\/2019\/05\/00680d9f-00680d9f-bild6.jpg\" alt=\"\" style=\"border-width:0px;\"><\/p>\n<p>        <\/a>\n    <\/div>\n<div class=\"events-content no-title\">\n        <span class=\"date\"><\/span><br \/>\n        <strong><\/strong><\/p>\n<p>\n            Die Mahnwache in Brugg\/AG wurde von rund 200 Personen besucht.<\/p>\n<p>\u00a9 Greenpeace \/ Silvana Degonda<\/p>\n<\/p>\n<\/div>\n<\/div>\n<p>\u00a0<\/p>\n<p class=\"gpps\">In Brugg handelt es sich um die 800. Mahnwache seit der Atomkatastrophe in Fukushima am 11. M\u00e4rz 2011. \u00abWir werden protestieren, solange die Schweizer Altreaktoren am Netz bleiben\u00bb, sagte der Initiant und ehemalige Stiftungsratspr\u00e4sident von Greenpeace Schweiz, Heini Glauser, und forderte die sofortige Abschaltung des \u00e4ltesten Reaktors der Welt, des AKW Beznau.<\/p>\n<p class=\"gpps\">Der dortige Reaktor 1 wird nun zwar vorl\u00e4ufig vom Netz genommen, unter anderem um den alten Deckel des Reaktordruckbeh\u00e4lters zu ersetzen. Er k\u00f6nnte aber noch sehr lange in Betrieb bleiben, wenn das eidgen\u00f6ssische Parlament keine verbindliche Laufzeitbeschr\u00e4nkung beschliesst und das ENSI weiterhin unt\u00e4tig bleibt.<\/p>\n<p>\u00abWo das ENSI hinschaut, geschieht zu wenig und das Wenige zu sp\u00e4t\u00bb, sagte Kaspar Schuler, Gesch\u00e4ftsleiter der Allianz Atomausstieg. \u00abEs sch\u00fctzt die AKW-Betreiber optimal, aber nicht die Bev\u00f6lkerung\u00bb. <a href=\"http:\/\/www.greenpeace.org\/switzerland\/de\/News_Stories\/Newsblog\/brugger-stadtrat-gibt-der-mahnwache-gruenes-l\/blog\/52186\/\" target=\"_blank\" rel=\"noopener noreferrer\">Stattdessen wird deren Meinungsfreiheit eingeschr\u00e4nkt und die Mahnwache ist nur noch unter absurden Auflagen m\u00f6glich.<\/a>\u00a0<\/p>\n<p>Das letzte Wort ist allerdings noch nicht gesprochen und die 800 Einsprachen, die beim Bezirksgericht eingegangen sind, k\u00f6nnten die Auflagen noch r\u00fcckg\u00e4ngig machen. Es w\u00e4re ein Gebot der Vernunft, wenn die AKW-GegnerInnen ohne Einschr\u00e4nkungen das ENSI weiterhin daran erinnern k\u00f6nnten, dass eine Katastrophe wie in Fukushima auch in der Schweiz jederzeit passieren k\u00f6nnte.<\/p>\n<\/p>\n<div class=\"embedded-image-gallery promo general-form\">\n<h2>Impressionen von der  800. Mahnwache zum 4. Jahrestag von Fukushima<\/h2>\n<div class=\"gallery\">\n<div class=\"img-nav\">\n<div class=\"carousel\">\n<ul class=\"img-list galleria\">\n<li class=\"active\">\n                            <a title=\"Impressionen von der 800. Mahnwache zum 4. Jahrestag von Fukushima\" href=\"\/switzerland\/de\/News_Stories\/Multimedia\/ensi-mahnwache\/Bild1jpg\/\" rel=\"Die Mahnwache in Brugg\/AG wurde von rund 200 Personen besucht.~^Greenpeace \/ Silvana Degonda~^https:\/\/www.greenpeace.ch\/static\/planet4-switzerland-stateless\/2019\/05\/9ce8fe85-9ce8fe85-bild1.jpg~^444580\"><br \/>\n                                <img decoding=\"async\" id=\"ctl00_cphContentArea_epiEntryContent_ctl00_ctl04_ctl00_repImages_ctl00_thumbImg\" title=\"Impressionen von der 800. Mahnwache zum 4. Jahrestag von Fukushima\" src=\"https:\/\/www.greenpeace.ch\/static\/planet4-switzerland-stateless\/2019\/05\/9ce8fe85-9ce8fe85-bild1.jpg\" alt=\"Impressionen von der 800. Mahnwache zum 4. Jahrestag von Fukushima\" style=\"border-width:0px;\"><br \/>\n                            <\/a>\n                        <\/li>\n<li>\n                            <a title=\"Impressionen von der 800. Mahnwache zum 4. Jahrestag von Fukushima\" href=\"\/switzerland\/de\/News_Stories\/Multimedia\/ensi-mahnwache\/bild10jpg\/\" rel=\"Die Mahnwache in Brugg\/AG wurde von rund 200 Personen besucht.~^Greenpeace \/ Silvana Degonda~^https:\/\/www.greenpeace.ch\/static\/planet4-switzerland-stateless\/2019\/05\/53c1d207-53c1d207-bild10.jpg~^444589\"><br \/>\n                                <img decoding=\"async\" id=\"ctl00_cphContentArea_epiEntryContent_ctl00_ctl04_ctl00_repImages_ctl01_thumbImg\" title=\"Impressionen von der 800. Mahnwache zum 4. Jahrestag von Fukushima\" src=\"https:\/\/www.greenpeace.ch\/static\/planet4-switzerland-stateless\/2019\/05\/53c1d207-53c1d207-bild10.jpg\" alt=\"Impressionen von der 800. Mahnwache zum 4. Jahrestag von Fukushima\" style=\"border-width:0px;\"><br \/>\n                            <\/a>\n                        <\/li>\n<li>\n                            <a title=\"Impressionen von der 800. Mahnwache zum 4. Jahrestag von Fukushima\" href=\"\/switzerland\/de\/News_Stories\/Multimedia\/ensi-mahnwache\/bild9jpg\/\" rel=\"Die Mahnwache in Brugg\/AG wurde von rund 200 Personen besucht.~^Greenpeace \/ Silvana Degonda~^https:\/\/www.greenpeace.ch\/static\/planet4-switzerland-stateless\/2019\/05\/9e17fe6b-9e17fe6b-bild9.jpg~^444588\"><br \/>\n                                <img decoding=\"async\" id=\"ctl00_cphContentArea_epiEntryContent_ctl00_ctl04_ctl00_repImages_ctl02_thumbImg\" title=\"Impressionen von der 800. Mahnwache zum 4. Jahrestag von Fukushima\" src=\"https:\/\/www.greenpeace.ch\/static\/planet4-switzerland-stateless\/2019\/05\/9e17fe6b-9e17fe6b-bild9.jpg\" alt=\"Impressionen von der 800. Mahnwache zum 4. Jahrestag von Fukushima\" style=\"border-width:0px;\"><br \/>\n                            <\/a>\n                        <\/li>\n<li>\n                            <a title=\"Impressionen von der 800. Mahnwache zum 4. Jahrestag von Fukushima\" href=\"\/switzerland\/de\/News_Stories\/Multimedia\/ensi-mahnwache\/bild3jpg\/\" rel=\"Die Mahnwache in Brugg\/AG wurde von rund 200 Personen besucht.~^Greenpeace \/ Silvana Degonda~^https:\/\/www.greenpeace.ch\/static\/planet4-switzerland-stateless\/2019\/05\/64a0f0df-64a0f0df-bild3.jpg~^444582\"><br \/>\n                                <img decoding=\"async\" id=\"ctl00_cphContentArea_epiEntryContent_ctl00_ctl04_ctl00_repImages_ctl03_thumbImg\" title=\"Impressionen von der 800. Mahnwache zum 4. Jahrestag von Fukushima\" src=\"https:\/\/www.greenpeace.ch\/static\/planet4-switzerland-stateless\/2019\/05\/64a0f0df-64a0f0df-bild3.jpg\" alt=\"Impressionen von der 800. Mahnwache zum 4. Jahrestag von Fukushima\" style=\"border-width:0px;\"><br \/>\n                            <\/a>\n                        <\/li>\n<li>\n                            <a title=\"Impressionen von der 800. Mahnwache zum 4. Jahrestag von Fukushima\" href=\"\/switzerland\/de\/News_Stories\/Multimedia\/ensi-mahnwache\/bild6jpg\/\" rel=\"Die Mahnwache in Brugg\/AG wurde von rund 200 Personen besucht.~^Greenpeace \/ Silvana Degonda~^https:\/\/www.greenpeace.ch\/static\/planet4-switzerland-stateless\/2019\/05\/00680d9f-00680d9f-bild6.jpg~^444585\"><br \/>\n                                <img decoding=\"async\" id=\"ctl00_cphContentArea_epiEntryContent_ctl00_ctl04_ctl00_repImages_ctl04_thumbImg\" title=\"Impressionen von der 800. Mahnwache zum 4. Jahrestag von Fukushima\" src=\"https:\/\/www.greenpeace.ch\/static\/planet4-switzerland-stateless\/2019\/05\/00680d9f-00680d9f-bild6.jpg\" alt=\"Impressionen von der 800. Mahnwache zum 4. Jahrestag von Fukushima\" style=\"border-width:0px;\"><br \/>\n                            <\/a>\n                        <\/li>\n<li>\n                            <a title=\"Impressionen von der 800. Mahnwache zum 4. Jahrestag von Fukushima\" href=\"\/switzerland\/de\/News_Stories\/Multimedia\/ensi-mahnwache\/bild4jpg\/\" rel=\"Kurze Ansprachen wurden gehalten, unter anderem von Yamamoto Masato von Swiss \u00abAjisai-no-Kai\u00bb, auf japanisch und deutsch, mit einer Botschaft von Fukushima.~^Greenpeace \/ Silvana Degonda~^https:\/\/www.greenpeace.ch\/static\/planet4-switzerland-stateless\/2019\/05\/41d8db0e-41d8db0e-bild4.jpg~^444583\"><br \/>\n                                <img decoding=\"async\" id=\"ctl00_cphContentArea_epiEntryContent_ctl00_ctl04_ctl00_repImages_ctl05_thumbImg\" title=\"Impressionen von der 800. Mahnwache zum 4. Jahrestag von Fukushima\" src=\"https:\/\/www.greenpeace.ch\/static\/planet4-switzerland-stateless\/2019\/05\/41d8db0e-41d8db0e-bild4.jpg\" alt=\"Impressionen von der 800. Mahnwache zum 4. Jahrestag von Fukushima\" style=\"border-width:0px;\"><br \/>\n                            <\/a>\n                        <\/li>\n<li>\n                            <a title=\"Impressionen von der 800. Mahnwache zum 4. Jahrestag von Fukushima\" href=\"\/switzerland\/de\/News_Stories\/Multimedia\/ensi-mahnwache\/bild7jpg\/\" rel=\"Die Mahnwache in Brugg\/AG wurde von rund 200 Personen besucht.~^Greenpeace \/ Silvana Degonda~^https:\/\/www.greenpeace.ch\/static\/planet4-switzerland-stateless\/2019\/05\/a8e4fdad-a8e4fdad-bild7.jpg~^444586\"><br \/>\n                                <img decoding=\"async\" id=\"ctl00_cphContentArea_epiEntryContent_ctl00_ctl04_ctl00_repImages_ctl06_thumbImg\" title=\"Impressionen von der 800. Mahnwache zum 4. Jahrestag von Fukushima\" src=\"https:\/\/www.greenpeace.ch\/static\/planet4-switzerland-stateless\/2019\/05\/a8e4fdad-a8e4fdad-bild7.jpg\" alt=\"Impressionen von der 800. Mahnwache zum 4. Jahrestag von Fukushima\" style=\"border-width:0px;\"><br \/>\n                            <\/a>\n                        <\/li>\n<li>\n                            <a title=\"Impressionen von der 800. Mahnwache zum 4. Jahrestag von Fukushima\" href=\"\/switzerland\/de\/News_Stories\/Multimedia\/ensi-mahnwache\/bild2jpg\/\" rel=\"Auch Freiwillige zeigten Pr\u00e4senz in Brugg\/AG. ~^Greenpeace \/ Silvana Degonda~^https:\/\/www.greenpeace.ch\/static\/planet4-switzerland-stateless\/2019\/05\/6acf5cb3-6acf5cb3-bild2.jpg~^444581\"><br \/>\n                                <img decoding=\"async\" id=\"ctl00_cphContentArea_epiEntryContent_ctl00_ctl04_ctl00_repImages_ctl07_thumbImg\" title=\"Impressionen von der 800. Mahnwache zum 4. Jahrestag von Fukushima\" src=\"https:\/\/www.greenpeace.ch\/static\/planet4-switzerland-stateless\/2019\/05\/6acf5cb3-6acf5cb3-bild2.jpg\" alt=\"Impressionen von der 800. Mahnwache zum 4. Jahrestag von Fukushima\" style=\"border-width:0px;\"><br \/>\n                            <\/a>\n                        <\/li>\n<li>\n                            <a title=\"Impressionen von der 800. Mahnwache zum 4. Jahrestag von Fukushima\" href=\"\/switzerland\/de\/News_Stories\/Multimedia\/ensi-mahnwache\/bild8jpg\/\" rel=\"Verschiedene Medienh\u00e4user haben \u00fcber die 800. Mahnwache zum 4. Jahrestag von Fukushima berichtet, unter anderem auch SRF.\n~^Greenpeace \/ Silvana Degonda~^https:\/\/www.greenpeace.ch\/static\/planet4-switzerland-stateless\/2019\/05\/7780a057-7780a057-bild8.jpg~^444587\"><br \/>\n                                <img decoding=\"async\" id=\"ctl00_cphContentArea_epiEntryContent_ctl00_ctl04_ctl00_repImages_ctl08_thumbImg\" title=\"Impressionen von der 800. Mahnwache zum 4. Jahrestag von Fukushima\" src=\"https:\/\/www.greenpeace.ch\/static\/planet4-switzerland-stateless\/2019\/05\/7780a057-7780a057-bild8.jpg\" alt=\"Impressionen von der 800. Mahnwache zum 4. Jahrestag von Fukushima\" style=\"border-width:0px;\"><br \/>\n                            <\/a>\n                        <\/li>\n<li>\n                            <a title=\"Impressionen von der 800. Mahnwache zum 4. Jahrestag von Fukushima\" href=\"\/switzerland\/de\/News_Stories\/Multimedia\/ensi-mahnwache\/bild5jpg\/\" rel=\"Eine Anti-AKW-Suppe hat die Anwesenden warm gehalten.~^Greenpeace \/ Silvana Degonda~^https:\/\/www.greenpeace.ch\/static\/planet4-switzerland-stateless\/2019\/05\/806aa77b-806aa77b-bild5.jpg~^444584\"><br \/>\n                                <img decoding=\"async\" id=\"ctl00_cphContentArea_epiEntryContent_ctl00_ctl04_ctl00_repImages_ctl09_thumbImg\" title=\"Impressionen von der 800. Mahnwache zum 4. Jahrestag von Fukushima\" src=\"https:\/\/www.greenpeace.ch\/static\/planet4-switzerland-stateless\/2019\/05\/806aa77b-806aa77b-bild5.jpg\" alt=\"Impressionen von der 800. Mahnwache zum 4. Jahrestag von Fukushima\" style=\"border-width:0px;\"><br \/>\n                            <\/a>\n                        <\/li>\n<\/ul>\n<\/div>\n<\/div>\n<\/div>\n<div class=\"text\">\n<p class=\"description\">\n<p class=\"copyright\">\n<\/div>\n<\/div>\n<p>\u00a0<\/p>\n<\/div>\n<\/div>\n","protected":false},"excerpt":{"rendered":"<p>Auch vier Jahre nach der Atomkatastrophe in Fukushima l\u00e4sst der Widerstand gegen die Atomkraft nicht nach: Rund 200 Menschen haben am Mittwoch vor dem Sitz der Atomaufsichtsbeh\u00f6rde ENSI in Brugg\/AG&hellip;<\/p>\n","protected":false},"author":23,"featured_media":10181,"comment_status":"closed","ping_status":"open","sticky":false,"template":"","format":"standard","meta":{"_acf_changed":false,"_planet4_optimize_post_is_variant":false,"_planet4_optimize_experiment_name":"","_planet4_optimize_variant_name":"","ep_exclude_from_search":false,"p4_og_title":"","p4_og_description":"","p4_og_image":"","p4_og_image_id":"","p4_seo_canonical_url":"","p4_campaign_name":"","p4_local_project":"","p4_basket_name":"","p4_department":"","footnotes":""},"categories":[1],"tags":[42],"p4-page-type":[75],"gpch-article-type":[],"class_list":["post-10555","post","type-post","status-publish","format-standard","has-post-thumbnail","hentry","category-unkategorisiert","tag-energie","p4-page-type-story"],"acf":[],"_links":{"self":[{"href":"https:\/\/www.greenpeace.ch\/de\/wp-json\/wp\/v2\/posts\/10555","targetHints":{"allow":["GET"]}}],"collection":[{"href":"https:\/\/www.greenpeace.ch\/de\/wp-json\/wp\/v2\/posts"}],"about":[{"href":"https:\/\/www.greenpeace.ch\/de\/wp-json\/wp\/v2\/types\/post"}],"author":[{"embeddable":true,"href":"https:\/\/www.greenpeace.ch\/de\/wp-json\/wp\/v2\/users\/23"}],"replies":[{"embeddable":true,"href":"https:\/\/www.greenpeace.ch\/de\/wp-json\/wp\/v2\/comments?post=10555"}],"version-history":[{"count":0,"href":"https:\/\/www.greenpeace.ch\/de\/wp-json\/wp\/v2\/posts\/10555\/revisions"}],"wp:featuredmedia":[{"embeddable":true,"href":"https:\/\/www.greenpeace.ch\/de\/wp-json\/wp\/v2\/media\/10181"}],"wp:attachment":[{"href":"https:\/\/www.greenpeace.ch\/de\/wp-json\/wp\/v2\/media?parent=10555"}],"wp:term":[{"taxonomy":"category","embeddable":true,"href":"https:\/\/www.greenpeace.ch\/de\/wp-json\/wp\/v2\/categories?post=10555"},{"taxonomy":"post_tag","embeddable":true,"href":"https:\/\/www.greenpeace.ch\/de\/wp-json\/wp\/v2\/tags?post=10555"},{"taxonomy":"p4-page-type","embeddable":true,"href":"https:\/\/www.greenpeace.ch\/de\/wp-json\/wp\/v2\/p4-page-type?post=10555"},{"taxonomy":"gpch-article-type","embeddable":true,"href":"https:\/\/www.greenpeace.ch\/de\/wp-json\/wp\/v2\/gpch-article-type?post=10555"}],"curies":[{"name":"wp","href":"https:\/\/api.w.org\/{rel}","templated":true}]}}