{"id":10593,"date":"2015-02-14T00:00:00","date_gmt":"2015-02-13T22:00:00","guid":{"rendered":"https:\/\/master.greenpeace.ch\/beitrag\/10593\/energie-statt-mehrwertsteuer-ein-ja-fuer-die-umwelt\/"},"modified":"2019-05-30T10:35:51","modified_gmt":"2019-05-30T08:35:51","slug":"energie-statt-mehrwertsteuer-ein-ja-fuer-die-umwelt","status":"publish","type":"post","link":"https:\/\/www.greenpeace.ch\/de\/story\/10593\/energie-statt-mehrwertsteuer-ein-ja-fuer-die-umwelt\/","title":{"rendered":"Energie- statt Mehrwertsteuer, ein Ja f\u00fcr die Umwelt"},"content":{"rendered":"<p><b>Die Volksinitiative \u00abEnergie- statt Mehrwertsteuer\u00bb kommt am 8. M\u00e4rz zur Abstimmung und will staatsquotenneutral eine Steuer auf fossile und nukleare Energietr\u00e4ger einf\u00fchren.\u00a0Sie sorgt somit f\u00fcr einen st\u00e4rkeren Ausbau der erneuerbaren Energien und sichert den wirtschafts- und klimafreundlichen Atomausstieg. Ein Interview mit Verena M\u00fchlberger, Co-Gesch\u00e4ftsleiterin von Greenpeace Schweiz<\/b><\/p>\n<div class=\"post-content\">\n<div>\n<p><strong>Die Volksinitiative \u00abEnergie- statt Mehrwertsteuer\u00bb kommt am 8. M\u00e4rz zur Abstimmung und will staatsquotenneutral eine Steuer auf fossile und nukleare Energietr\u00e4ger einf\u00fchren.\u00a0<\/strong><strong>Sie sorgt somit f\u00fcr einen st\u00e4rkeren Ausbau der erneuerbaren Energien und sichert den wirtschafts- und klimafreundlichen Atomausstieg. <\/p>\n<p>Ein Interview mit Verena M\u00fchlberger, Co-Gesch\u00e4ftsleiterin von Greenpeace Schweiz<\/strong><\/p>\n<p>\u00a0<img decoding=\"async\" style=\"float: right; margin: 10px;\" src=\"https:\/\/www.greenpeace.ch\/static\/planet4-switzerland-stateless\/2019\/05\/8f8e5714-8f8e5714-109927_179837.jpg\" alt=\"Verena M\u00fchlberger\"><\/p>\n<p><strong><em>Weshalb unterst\u00fctzt Greenpeace Schweiz die Initiative?<\/em><\/strong><\/p>\n<p>Weil sie zu einer nachhaltigen Energieversorgung und einem schonungsvollen Umgang mit Ressourcen in der Schweiz f\u00fchrt, so wie in der <a href=\"http:\/\/www.greenpeace.org\/switzerland\/de\/Themen\/Energiewende-Punkt\/EnergyRevolution\/\">Energy [R]evolution<\/a> &#8211; dem Energieszenario 2050 von Greenpeace Schweiz &#8211; skizziert. Sie sch\u00fctzt die Schweiz vor den eigenen Atomrisiken und garantiert einen angemessenen Schweizer Beitrag zu den globalen Anstrengungen, den Klimawandel einzud\u00e4mmen.<\/p>\n<p>\u00a0<\/p>\n<p><strong><em>Die Initiative der Gr\u00fcnliberalen Partei Schweiz wird von allen Bundesratsparteien bek\u00e4mpft, nur die Gr\u00fcnen und das Konsumentenforum sind im Ja-Komitee vertreten&#8230; <\/em><\/strong><\/p>\n<p>&#8230; und verschiedene Umweltverb\u00e4nde unterst\u00fctzen sie! Die Energiesteuer bringt aus umweltpolitischer Sicht klare Vorteile und sorgt endlich f\u00fcr Verursachergerechtigkeit und Kostenwahrheit: Benzin, \u00d6l, Gas und Uran sind umweltsch\u00e4dlich, die realen Kosten werden aber zurzeit auf zuk\u00fcnftige Generationen abgew\u00e4lzt.<\/p>\n<p>\u00a0<\/p>\n<p><strong><em>Wenn die Lenkung funktioniert, nehmen die Einnahmen ab weil weniger nicht erneuerbare Energie verbraucht wird. Wie k\u00f6nnen die Staatsfinanzen dann noch gesichert werden?<\/em><\/strong><\/p>\n<p>Der Energie-Steuersatz w\u00fcrde j\u00e4hrlich angepasst. Bis wir nur noch erneuerbare Energien verbrauchen, wird es leider noch Jahrzehnte dauern. Es bleibt somit gen\u00fcgend Zeit, die Steuer graduell auf alle Energietr\u00e4ger auszuweiten.<\/p>\n<p>\u00a0<\/p>\n<p><strong><em>Werden einkommensschwache Haushalte mit der Energiesteuer nicht st\u00e4rker belastet als bei der Mehrwertsteuer?<\/em><\/strong><\/p>\n<p>Dies muss bei der Umsetzung der Initiative m\u00f6glichst vermieden werden, h\u00e4ngt aber auch vom individuellen Konsumverhalten ab. Anders als bei der Mehrwertsteuer haben Haushalte einen grossen Einfluss darauf, wie viel Energiesteuern sie bezahlen, und k\u00f6nnen Geld sparen, indem sie zum Beispiel auf \u00f6ffentliche Verkehrsmittel umsteigen oder effizienter heizen.<\/p>\n<p><strong><em>\u00a0<\/em><\/strong><\/p>\n<p><strong><em>Macht das wirklich einen Unterschied?<\/em><\/strong><\/p>\n<p>Sicher! Denn wenn sie beispielsweise im Winter 1 Grad weniger heizen, k\u00f6nnen sie pro Quadratmeter 1 Franken sparen.<\/p>\n<p>\u00a0<\/p>\n<p><strong><em>\u00d6kologische Haushalte profitieren von der Energiesteuer. Leidet hingegen die Wirtschaft darunter?<\/em><\/strong><\/p>\n<p>Gr\u00f6ssere \u00c4nderungen werden nur bei den Energietr\u00e4gern wie Benzin und Heiz\u00f6l stattfinden. Bei den meisten G\u00fctern und Dienstleistungen ist der Energieanteil an den Gesamtkosten relativ gering, und die zus\u00e4tzlichen Energiekosten werden durch den Wegfall der Mehrwertsteuer kompensiert.<\/p>\n<p>\u00a0<\/p>\n<p><strong><em>Was f\u00fcr einen Einfluss h\u00e4tte die Initiative auf den Preis der verschiedenen Energietr\u00e4ger?<\/em><\/strong><\/p>\n<p>Dreckstrom, Benzin und Heiz\u00f6l w\u00fcrden etwa doppelt so teuer, alle erneuerbaren w\u00fcrden wettbewerbsf\u00e4hig. Da gegenw\u00e4rtig das Angebot an erneuerbare Energie nicht ausreicht, werden die Energiepreise generell steigen, was grosse Energieeffizienz-Anreize mit sich bringt.<\/p>\n<p>\u00a0<\/p>\n<p><strong><em>Verlangt die Initiative nicht einen \u00fcberst\u00fcrzten Systemwechsel?<\/em><\/strong><\/p>\n<p>Es wird tats\u00e4chlich zu einer kleinen Revolution kommen, dies ist jedoch f\u00fcr die Umwelt und die Menschen lebenswichtig. Zudem werden von der Annahme der Initiative bis zum Umsetzungstag mehrere Jahre Vorbereitungszeit bleiben.\u00a0<\/p>\n<p>\u00a0<\/p>\n<p><a name=\"box\"><\/a>\n<\/p>\n<table style=\"width: 100%; border: 1; border-width: 2px; border-style: solid; border-color: green; padding:0.5em; text-align: left; cellspacing: 5; cellpadding: 5;\">\n<tr>\n<td><strong>Was verlangt die Initiative \u00abEnergie- statt Mehrwertsteuer?\u00bb<\/strong><\/td>\n<\/tr>\n<tr>\n<td><\/td>\n<\/tr>\n<tr>\n<td>\nDie Initiative fordert, dass eine Energiesteuer auf nicht erneuerbaren Energietr\u00e4gern wie Erd\u00f6l, Erdgas, Kohle oder Uran eingef\u00fchrt wird. Die Steuer soll beim Import oder bei der Produktion der Energie in der Schweiz erhoben werden und w\u00fcrde in der Folge Heiz\u00f6l, Benzin oder Strom aus Atomkraftwerken deutlich verteuern. Die h\u00f6heren Preise sollen dazu f\u00fchren, dass weniger nicht erneuerbare Energie verbraucht wird und weniger klimasch\u00e4dliche Treibhausgase ausgestossen werden. Im Gegenzug w\u00fcrde die Mehrwertsteuer abgeschafft, damit die Steuerbelastung von Bev\u00f6lkerung und Unternehmen insgesamt nicht ansteigt.<\/p>\n<p>Weitere Informationen unter <a target=\"_blank\" href=\"http:\/\/energiestattmehrwertsteuer.ch\/home.html\" rel=\"noopener noreferrer\">http:\/\/energiestattmehrwertsteuer.ch\/home.html<\/a><\/p>\n<\/td>\n<\/tr>\n<tr>\n<\/tr>\n<\/table>\n<p>\u00a0<strong>\u00a0<\/strong>\n<\/div>\n<\/p>\n<\/div>\n","protected":false},"excerpt":{"rendered":"<p>Die Volksinitiative \u00abEnergie- statt Mehrwertsteuer\u00bb kommt am 8. M\u00e4rz zur Abstimmung und will staatsquotenneutral eine Steuer auf fossile und nukleare Energietr\u00e4ger einf\u00fchren.\u00a0Sie sorgt somit f\u00fcr einen st\u00e4rkeren Ausbau der erneuerbaren&hellip;<\/p>\n","protected":false},"author":23,"featured_media":10595,"comment_status":"closed","ping_status":"open","sticky":false,"template":"","format":"standard","meta":{"_acf_changed":false,"_planet4_optimize_post_is_variant":false,"_planet4_optimize_experiment_name":"","_planet4_optimize_variant_name":"","ep_exclude_from_search":false,"p4_og_title":"","p4_og_description":"","p4_og_image":"","p4_og_image_id":"","p4_seo_canonical_url":"","p4_campaign_name":"","p4_local_project":"","p4_basket_name":"","p4_department":"","footnotes":""},"categories":[1],"tags":[50],"p4-page-type":[75],"gpch-article-type":[],"class_list":["post-10593","post","type-post","status-publish","format-standard","has-post-thumbnail","hentry","category-unkategorisiert","tag-klima","p4-page-type-story"],"acf":[],"_links":{"self":[{"href":"https:\/\/www.greenpeace.ch\/de\/wp-json\/wp\/v2\/posts\/10593","targetHints":{"allow":["GET"]}}],"collection":[{"href":"https:\/\/www.greenpeace.ch\/de\/wp-json\/wp\/v2\/posts"}],"about":[{"href":"https:\/\/www.greenpeace.ch\/de\/wp-json\/wp\/v2\/types\/post"}],"author":[{"embeddable":true,"href":"https:\/\/www.greenpeace.ch\/de\/wp-json\/wp\/v2\/users\/23"}],"replies":[{"embeddable":true,"href":"https:\/\/www.greenpeace.ch\/de\/wp-json\/wp\/v2\/comments?post=10593"}],"version-history":[{"count":0,"href":"https:\/\/www.greenpeace.ch\/de\/wp-json\/wp\/v2\/posts\/10593\/revisions"}],"wp:featuredmedia":[{"embeddable":true,"href":"https:\/\/www.greenpeace.ch\/de\/wp-json\/wp\/v2\/media\/10595"}],"wp:attachment":[{"href":"https:\/\/www.greenpeace.ch\/de\/wp-json\/wp\/v2\/media?parent=10593"}],"wp:term":[{"taxonomy":"category","embeddable":true,"href":"https:\/\/www.greenpeace.ch\/de\/wp-json\/wp\/v2\/categories?post=10593"},{"taxonomy":"post_tag","embeddable":true,"href":"https:\/\/www.greenpeace.ch\/de\/wp-json\/wp\/v2\/tags?post=10593"},{"taxonomy":"p4-page-type","embeddable":true,"href":"https:\/\/www.greenpeace.ch\/de\/wp-json\/wp\/v2\/p4-page-type?post=10593"},{"taxonomy":"gpch-article-type","embeddable":true,"href":"https:\/\/www.greenpeace.ch\/de\/wp-json\/wp\/v2\/gpch-article-type?post=10593"}],"curies":[{"name":"wp","href":"https:\/\/api.w.org\/{rel}","templated":true}]}}