{"id":10634,"date":"2015-01-29T00:00:00","date_gmt":"2015-01-28T22:00:00","guid":{"rendered":"https:\/\/master.greenpeace.ch\/beitrag\/10634\/einspruch\/"},"modified":"2022-04-04T10:12:49","modified_gmt":"2022-04-04T08:12:49","slug":"einspruch","status":"publish","type":"post","link":"https:\/\/www.greenpeace.ch\/de\/story\/10634\/einspruch\/","title":{"rendered":"Einspruch!"},"content":{"rendered":"<p><b>Sie sind nicht viele. Aber sie sind hartn\u00e4ckig. Und jetzt will man sie loswerden. Mit einem gerichtlichen Verbot soll ein kleines Gr\u00fcppchen von Demonstranten vom Sitz der Schweizer Atomaufsicht vertrieben werden. Doch die AKW-Gegner wehren sich gegen die Vertreibung \u2013 und brauchen Unterst\u00fctzung in ihrem Kampf.<\/b><\/p>\n<div class=\"post-content\">\n<p>Seit fast vier Jahren treffen sie sich regelm\u00e4ssig vor dem Geb\u00e4ude des ENSI, der Schweizer Atomaufsicht. Bei Sonnenschein, Regen, Sturm, Hagel oder Schnee stehen sie vor dem Geb\u00e4ude im Brugg, durchschnittlich f\u00fcnf Personen, mit Fahnen, Transparenten und einer klaren Botschaft: Das nahegelegene AKW Beznau muss schleunigst abgeschaltet werden!<\/p>\n<p><strong>Erinnerung an Fukushima<\/strong><\/p>\n<p>Erstmals traf sich das Gr\u00fcppchen f\u00fcr seine Mahnwache am 11. M\u00e4rz 2011 \u2013 jenem Tag, als die Atomkatastrophe in Fukushima der Welt auf tragische Art und Weise bewusst machte, wie gef\u00e4hrlich die AKW-Technologie tats\u00e4chlich ist. \u00dcber 700 Mal haben die Unentwegten seither ihre Mahnwache abgehalten und so auch daf\u00fcr gesorgt, dass das Ungl\u00fcck von damals nicht in Vergessenheit ger\u00e4t.<\/p>\n<p><strong>Protest verboten<\/strong><\/p>\n<p>F\u00fcr ihren friedlichen Protest verf\u00fcgte die Mahnwache \u00fcber eine offizielle Bewilligung. Bis jetzt. F\u00fcr dieses Jahr lehnte die Regionalpolizei das Gesuch f\u00fcr die Weiterf\u00fchrung ab \u2013 ohne eine materielle Begr\u00fcndung. Und bald darauf kam es noch dicker. Seit dem 12. Januar prangt eine offizielle Verbotstafel vor dem ENSI-Geb\u00e4ude, die \u00abjede Aktivit\u00e4t auf dem Grundst\u00fcck\u00bb verbietet. Wer dagegen verst\u00f6sst, dem wird eine Busse von bis zu 2000 Franken angedroht.<\/p>\n<p><strong>Jetzt Einsprache erheben<\/strong><\/p>\n<p><a href=\"http:\/\/www.greenpeace.org\/switzerland\/de\/News_Stories\/Newsblog\/akw-muehleberg-ensi-setzt-sicherheit-der-bevo\/blog\/51970\/\" target=\"_blank\" rel=\"noopener noreferrer\">Bei der Sicherheit des AKW M\u00fchleberg l\u00e4sst das ENSI gerne mal f\u00fcnf gerade sein.<\/a> Doch bei f\u00fcnf Protestierenden zeigt sich die Beh\u00f6rde offenbar weniger nachsichtig. Aber die AKW-Kritiker lassen sich ihr Recht auf friedlichen Protest, ihr Recht auf freie Meinungs\u00e4usserung nicht nehmen. Gegen den Entzug der Bewilligung wehren sie sich juristisch ebenso wie gegen das gerichtliche Verbot. Gegen dieses Verbot kann jeder Einsprache erheben und damit zeigen, dass es uns als B\u00fcrgerinnen und B\u00fcrgern nicht egal sein kann, wie mit unseren Grundrechten umgegangen wird.<\/p>\n<\/div>\n","protected":false},"excerpt":{"rendered":"<p>Sie sind nicht viele. Aber sie sind hartn\u00e4ckig. Und jetzt will man sie loswerden. Mit einem gerichtlichen Verbot soll ein kleines Gr\u00fcppchen von Demonstranten vom Sitz der Schweizer Atomaufsicht vertrieben&hellip;<\/p>\n","protected":false},"author":23,"featured_media":10542,"comment_status":"closed","ping_status":"open","sticky":false,"template":"","format":"standard","meta":{"_acf_changed":false,"_planet4_optimize_post_is_variant":false,"_planet4_optimize_experiment_name":"","_planet4_optimize_variant_name":"","ep_exclude_from_search":false,"p4_og_title":"","p4_og_description":"","p4_og_image":"","p4_og_image_id":"","p4_seo_canonical_url":"","p4_campaign_name":"not set","p4_local_project":"not set","p4_basket_name":"not set","p4_department":"","footnotes":""},"categories":[1],"tags":[50],"p4-page-type":[75],"gpch-article-type":[],"class_list":["post-10634","post","type-post","status-publish","format-standard","has-post-thumbnail","hentry","category-unkategorisiert","tag-klima","p4-page-type-story"],"acf":[],"_links":{"self":[{"href":"https:\/\/www.greenpeace.ch\/de\/wp-json\/wp\/v2\/posts\/10634","targetHints":{"allow":["GET"]}}],"collection":[{"href":"https:\/\/www.greenpeace.ch\/de\/wp-json\/wp\/v2\/posts"}],"about":[{"href":"https:\/\/www.greenpeace.ch\/de\/wp-json\/wp\/v2\/types\/post"}],"author":[{"embeddable":true,"href":"https:\/\/www.greenpeace.ch\/de\/wp-json\/wp\/v2\/users\/23"}],"replies":[{"embeddable":true,"href":"https:\/\/www.greenpeace.ch\/de\/wp-json\/wp\/v2\/comments?post=10634"}],"version-history":[{"count":0,"href":"https:\/\/www.greenpeace.ch\/de\/wp-json\/wp\/v2\/posts\/10634\/revisions"}],"wp:featuredmedia":[{"embeddable":true,"href":"https:\/\/www.greenpeace.ch\/de\/wp-json\/wp\/v2\/media\/10542"}],"wp:attachment":[{"href":"https:\/\/www.greenpeace.ch\/de\/wp-json\/wp\/v2\/media?parent=10634"}],"wp:term":[{"taxonomy":"category","embeddable":true,"href":"https:\/\/www.greenpeace.ch\/de\/wp-json\/wp\/v2\/categories?post=10634"},{"taxonomy":"post_tag","embeddable":true,"href":"https:\/\/www.greenpeace.ch\/de\/wp-json\/wp\/v2\/tags?post=10634"},{"taxonomy":"p4-page-type","embeddable":true,"href":"https:\/\/www.greenpeace.ch\/de\/wp-json\/wp\/v2\/p4-page-type?post=10634"},{"taxonomy":"gpch-article-type","embeddable":true,"href":"https:\/\/www.greenpeace.ch\/de\/wp-json\/wp\/v2\/gpch-article-type?post=10634"}],"curies":[{"name":"wp","href":"https:\/\/api.w.org\/{rel}","templated":true}]}}