{"id":10693,"date":"2014-12-02T00:00:00","date_gmt":"2014-12-01T22:00:00","guid":{"rendered":"https:\/\/master.greenpeace.ch\/beitrag\/10693\/mehr-geld-fuer-erneuerbare\/"},"modified":"2019-05-30T10:38:48","modified_gmt":"2019-05-30T08:38:48","slug":"mehr-geld-fuer-erneuerbare","status":"publish","type":"post","link":"https:\/\/www.greenpeace.ch\/de\/story\/10693\/mehr-geld-fuer-erneuerbare\/","title":{"rendered":"Mehr Geld f\u00fcr Erneuerbare"},"content":{"rendered":"<p><b>Bei der grossen Energiewende-Debatte hat der Nationalrat heute einen wichtigen Entscheid gef\u00e4llt. Die Parlamentarier haben einer Erh\u00f6hung des sogenannten Netzzuschlags zugestimmt. Mit dieser Mehreinnahme aus der Stromrechnung werden direkt erneuerbare Energien und insbesondere Solaranlagen gef\u00f6rdert.<\/b><\/p>\n<div class=\"post-content\">\n<div>\n<p><strong>Bei der grossen Energiewende-Debatte hat der Nationalrat heute einen wichtigen Entscheid gef\u00e4llt. Die Parlamentarier haben einer Erh\u00f6hung des sogenannten Netzzuschlags zugestimmt. Mit dieser Mehreinnahme aus der Stromrechnung werden direkt erneuerbare Energien und insbesondere Solaranlagen gef\u00f6rdert.<\/strong><\/p>\n<p><strong><\/p>\n<div class=\"events-box middle-box left\">\n<div class=\"frame\">\n        <a class=\"open-img EnlargeImage\" href=\"https:\/\/www.greenpeace.ch\/static\/planet4-switzerland-stateless\/2019\/05\/1dab3da2-1dab3da2-gp049uk.jpg\" title=\"Es geht vorw\u00e4rts mit den Erneuerbaren: Installation einer Solaranlage in Wohlen\"><br \/>\n            <img decoding=\"async\" id=\"ctl00_cphContentArea_epiEntryContent_ctl00_ctl02_Image1\" title=\"Es geht vorw\u00e4rts mit den Erneuerbaren: Installation einer Solaranlage in Wohlen\" class=\"Thumbnail\" src=\"https:\/\/www.greenpeace.ch\/static\/planet4-switzerland-stateless\/2019\/05\/1dab3da2-1dab3da2-gp049uk.jpg\" alt=\"Es geht vorw\u00e4rts mit den Erneuerbaren: Installation einer Solaranlage in Wohlen\" style=\"border-width:0px;\"><\/p>\n<p>        <\/a>\n    <\/div>\n<div class=\"events-content\">\n        <span class=\"date\"><\/span><br \/>\n        <strong>Es geht vorw\u00e4rts mit den Erneuerbaren: Installation einer Solaranlage in Wohlen<\/strong><\/p>\n<p>\n            \u00a9 Greenpeace \/ Jonas Scheu\n        <\/p>\n<\/p>\n<\/div>\n<\/div>\n<p><\/strong>\u00dcber 30&#8217;000 Solaranlagen warten in der Schweiz derzeit auf ihre Umsetzung \u2013 und die Warteliste wird st\u00e4ndig l\u00e4nger. Die Solaranlagen sollen mit der Kostendeckenden Einspeiseverg\u00fctung (KEV) unterst\u00fctzt werden. Dank der KEV-Unterst\u00fctzung erh\u00e4lt n\u00e4mlich jeder, der seinen Solarstrom ins Netz einspeist, eine bestimmte Verg\u00fctung pro Kilowattstunde.<\/p>\n<p><strong>Investition in die Zukunft<br \/><\/strong>Das Geld f\u00fcr diese Verg\u00fctung stammt aus dem Netzzuschlag, der auf den Stromverbrauch erhoben wird. Bisher betrug dieser Zuschlag h\u00f6chstens 1,5 Rappen pro Kilowattstunde Strom; nach dem Willen des Nationalrats soll er nun bis zu 2,3 Rappen hoch sein. Damit wird der Strom aus der Steckdose leicht teurer, und zwar pro Monat etwa 3.50 Franken pro Person \u2013 das ist gerade einmal etwa der Preis einer Tasse Kaffee. Und der Nutzen dieser Massnahme ist gross: Von den eingangs erw\u00e4hnten \u00fcber 30&#8217;000 Solaranlagen k\u00f6nnten n\u00e4mlich mit dem aktuellen Netzzuschlag bis Ende 2016 nur noch etwa 7000 unterst\u00fctzt werden. Dank dem vorausschauenden Entscheid des Nationalrats kann die Erfolgsgeschichte der KEV-Unterst\u00fctzung nun auch 2017 fortgeschrieben werden. Damit r\u00fcckt der Umstieg auf eine nachhaltige und sichere Energieversorgung ein St\u00fcck n\u00e4her.<\/p>\n<\/div>\n<\/div>\n","protected":false},"excerpt":{"rendered":"<p>Bei der grossen Energiewende-Debatte hat der Nationalrat heute einen wichtigen Entscheid gef\u00e4llt. Die Parlamentarier haben einer Erh\u00f6hung des sogenannten Netzzuschlags zugestimmt. Mit dieser Mehreinnahme aus der Stromrechnung werden direkt erneuerbare&hellip;<\/p>\n","protected":false},"author":23,"featured_media":10695,"comment_status":"closed","ping_status":"open","sticky":false,"template":"","format":"standard","meta":{"_acf_changed":false,"_planet4_optimize_post_is_variant":false,"_planet4_optimize_experiment_name":"","_planet4_optimize_variant_name":"","ep_exclude_from_search":false,"p4_og_title":"","p4_og_description":"","p4_og_image":"","p4_og_image_id":"","p4_seo_canonical_url":"","p4_campaign_name":"","p4_local_project":"","p4_basket_name":"","p4_department":"","footnotes":""},"categories":[1],"tags":[50],"p4-page-type":[75],"gpch-article-type":[],"class_list":["post-10693","post","type-post","status-publish","format-standard","has-post-thumbnail","hentry","category-unkategorisiert","tag-klima","p4-page-type-story"],"acf":[],"_links":{"self":[{"href":"https:\/\/www.greenpeace.ch\/de\/wp-json\/wp\/v2\/posts\/10693","targetHints":{"allow":["GET"]}}],"collection":[{"href":"https:\/\/www.greenpeace.ch\/de\/wp-json\/wp\/v2\/posts"}],"about":[{"href":"https:\/\/www.greenpeace.ch\/de\/wp-json\/wp\/v2\/types\/post"}],"author":[{"embeddable":true,"href":"https:\/\/www.greenpeace.ch\/de\/wp-json\/wp\/v2\/users\/23"}],"replies":[{"embeddable":true,"href":"https:\/\/www.greenpeace.ch\/de\/wp-json\/wp\/v2\/comments?post=10693"}],"version-history":[{"count":0,"href":"https:\/\/www.greenpeace.ch\/de\/wp-json\/wp\/v2\/posts\/10693\/revisions"}],"wp:featuredmedia":[{"embeddable":true,"href":"https:\/\/www.greenpeace.ch\/de\/wp-json\/wp\/v2\/media\/10695"}],"wp:attachment":[{"href":"https:\/\/www.greenpeace.ch\/de\/wp-json\/wp\/v2\/media?parent=10693"}],"wp:term":[{"taxonomy":"category","embeddable":true,"href":"https:\/\/www.greenpeace.ch\/de\/wp-json\/wp\/v2\/categories?post=10693"},{"taxonomy":"post_tag","embeddable":true,"href":"https:\/\/www.greenpeace.ch\/de\/wp-json\/wp\/v2\/tags?post=10693"},{"taxonomy":"p4-page-type","embeddable":true,"href":"https:\/\/www.greenpeace.ch\/de\/wp-json\/wp\/v2\/p4-page-type?post=10693"},{"taxonomy":"gpch-article-type","embeddable":true,"href":"https:\/\/www.greenpeace.ch\/de\/wp-json\/wp\/v2\/gpch-article-type?post=10693"}],"curies":[{"name":"wp","href":"https:\/\/api.w.org\/{rel}","templated":true}]}}