{"id":107038,"date":"2024-03-27T08:52:00","date_gmt":"2024-03-27T07:52:00","guid":{"rendered":"https:\/\/www.greenpeace.ch\/?p=107038"},"modified":"2024-03-27T08:46:03","modified_gmt":"2024-03-27T07:46:03","slug":"migros-mega-schlachthof-kaufvertrag-muss-veroeffentlicht-werden","status":"publish","type":"post","link":"https:\/\/www.greenpeace.ch\/de\/medienmitteilung\/107038\/migros-mega-schlachthof-kaufvertrag-muss-veroeffentlicht-werden\/","title":{"rendered":"Migros-Mega-Schlachthof: Kaufvertrag muss ver\u00f6ffentlicht werden"},"content":{"rendered":"\n<p><strong>Im Oktober 2023 hat der Kanton Freiburg ein Grundst\u00fcck in St-Aubin an Micarna verkauft. Greenpeace Schweiz verlangte danach Einsicht in den Kaufvertrag. Da der Kanton und die Migros-Tochter dies ablehnten, berief Greenpeace Schweiz sich auf das \u00d6ffentlichkeitsprinzip. Die kantonale Beh\u00f6rde f\u00fcr \u00d6ffentlichkeit, Datenschutz und Mediation hat Greenpeace Schweiz Recht gegeben. Der Kaufvertrag f\u00fcr das Grundst\u00fcck, auf dem Micarna einen klima- und umweltsch\u00e4dlichen Mega-Schlachthof bauen will, ist sehr wohl von \u00f6ffentlichem Interesse. Der Kanton Freiburg wird den Vertrag mit Micarna \u00f6ffentlich zug\u00e4nglich machen m\u00fcssen.\u00a0<\/strong><\/p>\n\n<p>Greenpeace Schweiz m\u00f6chte der \u00d6ffentlichkeit mehr Informationen zum Bau eines Mega-Schlachthofes in der Westschweiz zug\u00e4nglich machen. Zur Erinnerung: Micarna &#8211; die zur Migros-Gruppe geh\u00f6rt &#8211; hat dem Kanton Freiburg im Oktober 2023 ein 95&#8217;000 m2 grosses Grundst\u00fcck in St-Aubin abgekauft. Migros will dort einen <a href=\"https:\/\/www.greenpeace.ch\/de\/medienmitteilung\/96487\/greenpeace-schweiz-stellt-sich-gegen-geplanten-micarna-schlachthof-in-st-aubin\/\">gigantischen Schlachthof<\/a> bauen und j\u00e4hrlich 30 bis 40 Millionen H\u00fchner schlachten. Ein solches Projekt l\u00e4uft allen Empfehlungen zur Bek\u00e4mpfung der Klima- und Biodiversit\u00e4tskrise zuwider.&nbsp;<\/p>\n\n<p>Von Beginn weg hat Greenpeace Schweiz auf die mangelnde Transparenz des Projekts hingewiesen. Gest\u00fctzt auf das \u00d6ffentlichkeitsprinzip verlangte Greenpeace Schweiz, dass der Vertrag zwischen dem Kanton Freiburg und Micarna ver\u00f6ffentlicht wird. Die Vertragsparteien haben das verweigert. Diese Weigerung steht jedoch im Widerspruch zur <a href=\"https:\/\/www.fr.ch\/de\/sk\/oedsmb\/news\/oeffentlichkeitsprinzip-zugang-zu-einem-kaufvertrag-fuer-ein-grundstueck-empfohlen\" target=\"_blank\" rel=\"noreferrer noopener\">Empfehlung der kantonalen \u00d6ffentlichkeitsbeauftragten<\/a>, die am 18. M\u00e4rz 2024 entschied: Der Vertrag ist ein \u00f6ffentliches Dokument und sollte entsprechend zug\u00e4nglich sein.\u00a0<\/p>\n\n<p>\u00abBisher hat sich der Kanton Freiburg auf die Seite von Micarna gestellt, um eine Ver\u00f6ffentlichung zu verhindern. Wir fordern nun, dass er der Aufforderung der Freiburger \u00d6ffentlichkeitsbeauftragten nachkommt und den Vertrag ver\u00f6ffentlicht\u00bb, sagt Florian Kasser, Koordinator der Konsumkampagne bei Greenpeace Schweiz.<\/p>\n\n<p>Immer noch fehlen Informationen rund um das Schlachthofprojekt. Laut dem 2020 vom Grossen Rat verabschiedeten <a href=\"https:\/\/www.parlinfo.fr.ch\/dl.php\/fr\/ax-65a94e5c2cd6b\/fr_de_MES_2019-DEE-36.pdf\" target=\"_blank\" rel=\"noreferrer noopener\">Dekret<\/a> k\u00f6nnte der Kanton Freiburg die 95&#8217;000 m2 zur\u00fcckkaufen, wenn die Bauarbeiten am 31. Januar 2025 noch nicht begonnen haben. Das dies eintritt, ist sehr wahrscheinlich. Hat der Vertrag diese Klausel umgesetzt?\u00a0<\/p>\n\n<p>W\u00e4hrend Migros die Angaben zur Anzahl der j\u00e4hrlich geschlachteten H\u00fchner mehrfach revidiert hat, sind die Zahlen zum Wasserverbrauch nach wie vor unbekannt. Auch die Zukunft des Standorts Courtepin ist ungewiss \u2013 insbesondere nachdem Micarna angek\u00fcndigt hat, den&nbsp; Schlachthof in Etoy (VD) zu schliessen.&nbsp;<\/p>\n\n<p>Greenpeace Schweiz ist entschlossen, vollst\u00e4ndige Transparenz zum geplanten Mega-Schlachthof zu fordern. Denn ein solches Projekt hat Auswirkungen weit \u00fcber die Kantonsgrenzen hinaus.<\/p>\n\n<h2 class=\"wp-block-heading\"><strong>Kontakt<\/strong><\/h2>\n\n<ul class=\"wp-block-list\">\n<li>Florian Kasser, Konsumkampagne, Greenpeace Schweiz, +41 76 345 26 55, <a href=\"mailto:florian.kasser@greenpeace.org\">florian.kasser@greenpeace.org<\/a>\u00a0<\/li>\n\n\n\n<li>Medienstelle Greenpeace Schweiz, +41 44 447 41 11, <a href=\"mailto:pressestelle.ch@greenpeace.org\">pressestelle.ch@greenpeace.org<\/a><\/li>\n<\/ul>\n","protected":false},"excerpt":{"rendered":"<p>Im Oktober 2023 hat der Kanton Freiburg ein Grundst\u00fcck in St-Aubin an Micarna verkauft. Greenpeace Schweiz verlangte danach Einsicht in den Kaufvertrag. Da der Kanton und die Migros-Tochter dies ablehnten, berief Greenpeace Schweiz sich auf das \u00d6ffentlichkeitsprinzip. Die kantonale Beh\u00f6rde f\u00fcr \u00d6ffentlichkeit, Datenschutz und Mediation hat Greenpeace Schweiz nun Recht gegeben. <\/p>\n","protected":false},"author":103,"featured_media":100103,"comment_status":"closed","ping_status":"closed","sticky":false,"template":"","format":"standard","meta":{"_acf_changed":false,"_planet4_optimize_post_is_variant":false,"_planet4_optimize_experiment_name":"","_planet4_optimize_variant_name":"","ep_exclude_from_search":false,"p4_og_title":"","p4_og_description":"","p4_og_image":"","p4_og_image_id":"","p4_seo_canonical_url":"","p4_campaign_name":"","p4_local_project":"","p4_basket_name":"","p4_department":"","footnotes":""},"categories":[48,1],"tags":[33,217],"p4-page-type":[71],"gpch-article-type":[],"class_list":["post-107038","post","type-post","status-publish","format-standard","has-post-thumbnail","hentry","category-zero-waste","category-unkategorisiert","tag-ernaehrung","tag-konsum","p4-page-type-medienmitteilung"],"acf":[],"_links":{"self":[{"href":"https:\/\/www.greenpeace.ch\/de\/wp-json\/wp\/v2\/posts\/107038","targetHints":{"allow":["GET"]}}],"collection":[{"href":"https:\/\/www.greenpeace.ch\/de\/wp-json\/wp\/v2\/posts"}],"about":[{"href":"https:\/\/www.greenpeace.ch\/de\/wp-json\/wp\/v2\/types\/post"}],"author":[{"embeddable":true,"href":"https:\/\/www.greenpeace.ch\/de\/wp-json\/wp\/v2\/users\/103"}],"replies":[{"embeddable":true,"href":"https:\/\/www.greenpeace.ch\/de\/wp-json\/wp\/v2\/comments?post=107038"}],"version-history":[{"count":4,"href":"https:\/\/www.greenpeace.ch\/de\/wp-json\/wp\/v2\/posts\/107038\/revisions"}],"predecessor-version":[{"id":107050,"href":"https:\/\/www.greenpeace.ch\/de\/wp-json\/wp\/v2\/posts\/107038\/revisions\/107050"}],"wp:featuredmedia":[{"embeddable":true,"href":"https:\/\/www.greenpeace.ch\/de\/wp-json\/wp\/v2\/media\/100103"}],"wp:attachment":[{"href":"https:\/\/www.greenpeace.ch\/de\/wp-json\/wp\/v2\/media?parent=107038"}],"wp:term":[{"taxonomy":"category","embeddable":true,"href":"https:\/\/www.greenpeace.ch\/de\/wp-json\/wp\/v2\/categories?post=107038"},{"taxonomy":"post_tag","embeddable":true,"href":"https:\/\/www.greenpeace.ch\/de\/wp-json\/wp\/v2\/tags?post=107038"},{"taxonomy":"p4-page-type","embeddable":true,"href":"https:\/\/www.greenpeace.ch\/de\/wp-json\/wp\/v2\/p4-page-type?post=107038"},{"taxonomy":"gpch-article-type","embeddable":true,"href":"https:\/\/www.greenpeace.ch\/de\/wp-json\/wp\/v2\/gpch-article-type?post=107038"}],"curies":[{"name":"wp","href":"https:\/\/api.w.org\/{rel}","templated":true}]}}