{"id":10770,"date":"2014-11-10T00:00:00","date_gmt":"2014-11-09T22:00:00","guid":{"rendered":"https:\/\/master.greenpeace.ch\/beitrag\/10770\/30-jahre-greenpeace-schweiz-30-jahre-gewaltfreier-widerstand\/"},"modified":"2019-05-30T10:40:40","modified_gmt":"2019-05-30T08:40:40","slug":"30-jahre-greenpeace-schweiz-30-jahre-gewaltfreier-widerstand","status":"publish","type":"post","link":"https:\/\/www.greenpeace.ch\/de\/story\/10770\/30-jahre-greenpeace-schweiz-30-jahre-gewaltfreier-widerstand\/","title":{"rendered":"30 Jahre Greenpeace Schweiz &#8211; 30 Jahre gewaltfreier Widerstand"},"content":{"rendered":"<p><b>Geburtstage soll man feiern! Und so lud Greenpeace am 5. November 2014 fast 400 Mitarbeiter, G\u00f6nner und Interessierte zum 30-j\u00e4hrigen Jubil\u00e4um in den Schiffbau in Z\u00fcrich ein.<\/b><\/p>\n<div class=\"post-content\">\n<div>\n<p><strong>Geburtstage soll man feiern! Und so lud Greenpeace am 5. November 2014 fast 400 Mitarbeiter, G\u00f6nner und Interessierte zum 30-j\u00e4hrigen Jubil\u00e4um in den Schiffbau in Z\u00fcrich ein.<\/strong><\/p>\n<p>Wer 30 wird, macht sich meist so einige Gedanken \u00fcber Vergangenheit und Zukunft. Genauso Greenpeace Schweiz: Wir k\u00f6nnen auf einige <a href=\"http:\/\/www.greenpeace.org\/switzerland\/de\/Uber-uns\/Geschichte\/\" target=\"_blank\" rel=\"noopener noreferrer\">Erfolge<\/a> zur\u00fcckblicken\u00a0und wissen, wof\u00fcr wir tagt\u00e4glich k\u00e4mpfen; doch um sich weiterzuentwickeln, braucht es auch Reflexion. Aus diesem Grund wurde am Jubil\u00e4um nicht nur gefeiert, sondern an einer Podiumsdiskussion auch engagiert \u00fcber das Thema \u00abGewaltfreier Widerstand \u2013 ein Erfolgskonzept auch heute noch?\u00bb\u00a0diskutiert.<\/p>\n<p>Gewaltfreier Widerstand und ziviler Ungehorsam sind seit jeher Mittel, um Missst\u00e4nde in der Gesellschaft zu thematisieren, die Bev\u00f6lkerung zu sensibilisieren und Ver\u00e4nderungen auszul\u00f6sen. Menschen engagieren sich \u2013 oft im \u00f6ffentlichen Raum, oft kreativ und manchmal auch konfrontativ \u2013 f\u00fcr eine Sache, die ihnen wichtig ist. H\u00e4ufig nehmen sie dabei viel in Kauf. Eine funktionierende Demokratie braucht eine wache Zivilgesellschaft, die auf die Strasse geht. Und sie braucht Demonstrations-, Meinungs- und Pressefreiheit als Rahmenbedingungen.<\/p>\n<p><strong><br \/>Lebhaftes Debattieren<\/strong><\/p>\n<p>Auf dem Podium wurde entsprechend lebhaft dar\u00fcber diskutiert, welchen Wert gewaltfreier Widerstand noch hat und wie kreativ und intelligent dieser Widerstand heute sein muss, um \u00fcberhaupt noch Aufmerksamkeit zu erregen. Auch die Frage, ob wir eine schleichende Erosion unserer Rechte und Freiheiten erleben, wurde debattiert; man denke zum Beispiel an die Datensammelwut von Geheimdiensten \u2013 und an die Tatsache, dass dieser Umstand zwar Kopfsch\u00fctteln ausl\u00f6st, aber keineswegs die kollektive Emp\u00f6rung, wie man vielleicht erwarten w\u00fcrde.<\/p>\n<p>Diese Diskussion ist f\u00fcr Greenpeace nach der Feier nat\u00fcrlich l\u00e4ngst nicht zu Ende \u2013 im Gegenteil: Damit unsere Vision einer \u00f6kologischen und friedlichen Zukunft Realit\u00e4t wird, braucht es mehr denn je mutige Menschen, die hinstehen, Unrecht anprangern und L\u00f6sungen vorantreiben. Und dazu braucht es die erw\u00e4hnten demokratischen Grundrechte und Freiheiten. Wer w\u00fcrde sich sonst noch auf die Strasse wagen? Wer h\u00e4tte noch den Mut f\u00fcr zivilen Ungehorsam und gewaltfreien Widerstand?<\/p>\n<p><strong><br \/>Lustvolles Feiern<\/strong><\/p>\n<p>Wie es sich f\u00fcr eine Feier geh\u00f6rt, haben wir nat\u00fcrlich nicht nur debattiert, sondern uns im kulturellen Rahmenprogramm von Steff La Cheffe und Ueli Schmezers MatterLive bestens unterhalten lassen.<\/p>\n<p><a href=\"http:\/\/www.greenpeace.org\/switzerland\/de\/Uber-uns\/Medienstelle\/Aktuelle-Medienbilder\/30-Jahre-Greenpeace-Schweiz\/\" target=\"_blank\" rel=\"noopener noreferrer\">Hier<\/a> finden Sie einige Eindr\u00fccke unserer Jubil\u00e4umsfeier:<\/p>\n<p>\u00a0<\/p>\n<\/div>\n<\/div>\n","protected":false},"excerpt":{"rendered":"<p>Geburtstage soll man feiern! Und so lud Greenpeace am 5. November 2014 fast 400 Mitarbeiter, G\u00f6nner und Interessierte zum 30-j\u00e4hrigen Jubil\u00e4um in den Schiffbau in Z\u00fcrich ein. Geburtstage soll man&hellip;<\/p>\n","protected":false},"author":23,"featured_media":0,"comment_status":"closed","ping_status":"open","sticky":false,"template":"","format":"standard","meta":{"_acf_changed":false,"_planet4_optimize_post_is_variant":false,"_planet4_optimize_experiment_name":"","_planet4_optimize_variant_name":"","ep_exclude_from_search":false,"p4_og_title":"","p4_og_description":"","p4_og_image":"","p4_og_image_id":"","p4_seo_canonical_url":"","p4_campaign_name":"","p4_local_project":"","p4_basket_name":"","p4_department":"","footnotes":""},"categories":[1],"tags":[],"p4-page-type":[75],"gpch-article-type":[],"class_list":["post-10770","post","type-post","status-publish","format-standard","hentry","category-unkategorisiert","p4-page-type-story"],"acf":[],"_links":{"self":[{"href":"https:\/\/www.greenpeace.ch\/de\/wp-json\/wp\/v2\/posts\/10770","targetHints":{"allow":["GET"]}}],"collection":[{"href":"https:\/\/www.greenpeace.ch\/de\/wp-json\/wp\/v2\/posts"}],"about":[{"href":"https:\/\/www.greenpeace.ch\/de\/wp-json\/wp\/v2\/types\/post"}],"author":[{"embeddable":true,"href":"https:\/\/www.greenpeace.ch\/de\/wp-json\/wp\/v2\/users\/23"}],"replies":[{"embeddable":true,"href":"https:\/\/www.greenpeace.ch\/de\/wp-json\/wp\/v2\/comments?post=10770"}],"version-history":[{"count":0,"href":"https:\/\/www.greenpeace.ch\/de\/wp-json\/wp\/v2\/posts\/10770\/revisions"}],"wp:attachment":[{"href":"https:\/\/www.greenpeace.ch\/de\/wp-json\/wp\/v2\/media?parent=10770"}],"wp:term":[{"taxonomy":"category","embeddable":true,"href":"https:\/\/www.greenpeace.ch\/de\/wp-json\/wp\/v2\/categories?post=10770"},{"taxonomy":"post_tag","embeddable":true,"href":"https:\/\/www.greenpeace.ch\/de\/wp-json\/wp\/v2\/tags?post=10770"},{"taxonomy":"p4-page-type","embeddable":true,"href":"https:\/\/www.greenpeace.ch\/de\/wp-json\/wp\/v2\/p4-page-type?post=10770"},{"taxonomy":"gpch-article-type","embeddable":true,"href":"https:\/\/www.greenpeace.ch\/de\/wp-json\/wp\/v2\/gpch-article-type?post=10770"}],"curies":[{"name":"wp","href":"https:\/\/api.w.org\/{rel}","templated":true}]}}