{"id":107782,"date":"2024-04-30T09:14:28","date_gmt":"2024-04-30T07:14:28","guid":{"rendered":"https:\/\/www.greenpeace.ch\/?p=107782"},"modified":"2024-04-30T09:14:31","modified_gmt":"2024-04-30T07:14:31","slug":"plastikabkommen-verhandlungen-enden-mit-einem-schwachen-kompromiss","status":"publish","type":"post","link":"https:\/\/www.greenpeace.ch\/de\/medienmitteilung\/107782\/plastikabkommen-verhandlungen-enden-mit-einem-schwachen-kompromiss\/","title":{"rendered":"Plastikabkommen: Verhandlungen enden mit einem schwachen Kompromiss"},"content":{"rendered":"\n<p><strong>Die vierte Verhandlungsrunde (INC4) f\u00fcr ein globales Plastikabkommen endete in der Nacht in Ottawa, Kanada, mit einem entt\u00e4uschenden Ergebnis.&nbsp; Die Verhandelnden haben dem Druck der \u00d6l-, Gas- und Chemieunternehmen nachgegeben.&nbsp;<\/strong><\/p>\n\n<p><strong>Jo\u00eblle H\u00e9rin, Expertin f\u00fcr Konsum und Kreislaufwirtschaft bei Greenpeace Schweiz, die vor Ort in Ottawa ist, kommentiert:&nbsp;<\/strong><\/p>\n\n<p>\u00abDer Planet brennt und die UN-Mitgliedstaaten verschwenden Zeit und Chancen. Dank der anhaltenden Bem\u00fchungen von Staaten wie Ruanda, Peru und den Unterzeichnenden der <a href=\"https:\/\/www.bridgetobusan.com\/\" target=\"_blank\" rel=\"noreferrer noopener\">\u00abBridge to Busan\u00bb-Erkl\u00e4rung<\/a>, die auf eine Reduzierung der Plastikproduktion dr\u00e4ngen, haben wir einige Fortschritte gesehen. Aber es wurden Kompromisse eingegangen, welche keine Reduktion der Plastikproduktion ber\u00fccksichtigen. Insbesondere betreffend der Arbeit zwischen den Verhandlungsrunden wurden Kompromisse geschlossen. Das verkleinert die Chance, dass wir ein Abkommen erhalten werden, wie es die Wissenschaft fordert und die Gerechtigkeit verlangt.\u00a0Die Plastikproduktion schadet den Menschen jeden Tag. Dennoch h\u00f6ren die Staaten mehr auf die Lobbyist:innen der petrochemischen Industrie als auf die Gesundheitswissenschaftler:innen. Jedes Kind versteht, dass wir die Plastikkrise nicht l\u00f6sen k\u00f6nnen, wenn wir nicht aufh\u00f6ren, so viel Plastik zu produzieren. Die ganze Welt schaut auf uns. Wenn die L\u00e4nder, insbesondere diejenigen in der angeblichen \u00abHigh Ambition Coalition\u00bb, nicht bis zur INC5-Konferenz im koreanischen Busan im November handeln, wird das Abkommen wahrscheinlich eines sein, das von ExxonMobil und ihren Handlangern h\u00e4tte verfasst werden k\u00f6nnen.\u00bb<\/p>\n\n<p>\u00abNachdem sich die Schweiz zun\u00e4chst daf\u00fcr eingesetzt hatte, die Plastikproduktion anzugehen, hat sie am letzten Verhandlungsabend ihre Ambitionen geopfert. Sie gef\u00e4hrdet damit das zuk\u00fcnftige Abkommen und seine Wirksamkeit. Die Zeit dr\u00e4ngt: Wir brauchen ein globales Plastikabkommen, das die Plastikproduktion reduziert und Einwegplastik ein Ende bereitet. Wir d\u00fcrfen keine Zeit mit Ans\u00e4tzen verlieren, die das Problem nicht l\u00f6sen\u00bb, erg\u00e4nzt Jo\u00eblle H\u00e9rin.\u00a0<\/p>\n\n<p>Bilder und Videos in der <a href=\"https:\/\/media.greenpeace.org\/Detail\/27MZIFJB368KA\">Mediendatenbank von Greenpeace<\/a><\/p>\n\n<p><strong>Kontakt<\/strong><\/p>\n\n<ul class=\"wp-block-list\">\n<li>Jo\u00eblle H\u00e9rin, Expertin f\u00fcr Konsum und Kreislaufwirtschaft, Greenpeace Schweiz, +41 79 256 32 65, <a href=\"mailto:joelle.herin@greenpeace.org\">joelle.herin@greenpeace.org<\/a>\u00a0<\/li>\n<\/ul>\n\n<ul class=\"wp-block-list\">\n<li>Medienstelle Greenpeace Schweiz, +41 44 447 41 11, <a href=\"mailto:pressestelle.ch@greenpeace.org\">pressestelle.ch@greenpeace.org<\/a>\u00a0<\/li>\n<\/ul>\n","protected":false},"excerpt":{"rendered":"<p>Die vierte Verhandlungsrunde (INC4) f\u00fcr ein globales Plastikabkommen endete in der Nacht in Ottawa, Kanada, mit einem entt\u00e4uschenden Ergebnis.\u00a0 Die Verhandelnden haben dem Druck der \u00d6l-, Gas- und Chemieunternehmen nachgegeben.\u00a0<\/p>\n","protected":false},"author":103,"featured_media":107788,"comment_status":"closed","ping_status":"closed","sticky":false,"template":"","format":"standard","meta":{"_acf_changed":false,"_planet4_optimize_post_is_variant":false,"_planet4_optimize_experiment_name":"","_planet4_optimize_variant_name":"","ep_exclude_from_search":false,"p4_og_title":"","p4_og_description":"","p4_og_image":"","p4_og_image_id":"","p4_seo_canonical_url":"","p4_campaign_name":"","p4_local_project":"","p4_basket_name":"","p4_department":"","footnotes":""},"categories":[48,1],"tags":[37,217],"p4-page-type":[71],"gpch-article-type":[],"class_list":["post-107782","post","type-post","status-publish","format-standard","has-post-thumbnail","hentry","category-zero-waste","category-unkategorisiert","tag-zero-waste","tag-konsum","p4-page-type-medienmitteilung"],"acf":[],"_links":{"self":[{"href":"https:\/\/www.greenpeace.ch\/de\/wp-json\/wp\/v2\/posts\/107782","targetHints":{"allow":["GET"]}}],"collection":[{"href":"https:\/\/www.greenpeace.ch\/de\/wp-json\/wp\/v2\/posts"}],"about":[{"href":"https:\/\/www.greenpeace.ch\/de\/wp-json\/wp\/v2\/types\/post"}],"author":[{"embeddable":true,"href":"https:\/\/www.greenpeace.ch\/de\/wp-json\/wp\/v2\/users\/103"}],"replies":[{"embeddable":true,"href":"https:\/\/www.greenpeace.ch\/de\/wp-json\/wp\/v2\/comments?post=107782"}],"version-history":[{"count":3,"href":"https:\/\/www.greenpeace.ch\/de\/wp-json\/wp\/v2\/posts\/107782\/revisions"}],"predecessor-version":[{"id":107787,"href":"https:\/\/www.greenpeace.ch\/de\/wp-json\/wp\/v2\/posts\/107782\/revisions\/107787"}],"wp:featuredmedia":[{"embeddable":true,"href":"https:\/\/www.greenpeace.ch\/de\/wp-json\/wp\/v2\/media\/107788"}],"wp:attachment":[{"href":"https:\/\/www.greenpeace.ch\/de\/wp-json\/wp\/v2\/media?parent=107782"}],"wp:term":[{"taxonomy":"category","embeddable":true,"href":"https:\/\/www.greenpeace.ch\/de\/wp-json\/wp\/v2\/categories?post=107782"},{"taxonomy":"post_tag","embeddable":true,"href":"https:\/\/www.greenpeace.ch\/de\/wp-json\/wp\/v2\/tags?post=107782"},{"taxonomy":"p4-page-type","embeddable":true,"href":"https:\/\/www.greenpeace.ch\/de\/wp-json\/wp\/v2\/p4-page-type?post=107782"},{"taxonomy":"gpch-article-type","embeddable":true,"href":"https:\/\/www.greenpeace.ch\/de\/wp-json\/wp\/v2\/gpch-article-type?post=107782"}],"curies":[{"name":"wp","href":"https:\/\/api.w.org\/{rel}","templated":true}]}}