{"id":10794,"date":"2014-11-18T00:00:00","date_gmt":"2014-11-17T22:00:00","guid":{"rendered":"https:\/\/master.greenpeace.ch\/beitrag\/10794\/grosse-debatte-um-kleine-tabletten\/"},"modified":"2019-05-30T10:41:22","modified_gmt":"2019-05-30T08:41:22","slug":"grosse-debatte-um-kleine-tabletten","status":"publish","type":"post","link":"https:\/\/www.greenpeace.ch\/de\/story\/10794\/grosse-debatte-um-kleine-tabletten\/","title":{"rendered":"Grosse Debatte um kleine Tabletten"},"content":{"rendered":"<p><b>Mit einem Brief an fast eine Million Schweizer Haushalte hat Greenpeace Schweiz eine Debatte in Gang gebracht. Der Brief kl\u00e4rt die Bev\u00f6lkerung auf \u00fcber die wahren Gefahren eines AKW-Unfalls und \u00fcber die Grenzen der Jodtabletten-Verteilung. Die Thematik wird nun auf verschiedenen Kan\u00e4len intensiv diskutiert, und auch die Online-Kurzumfrage wurde rege ausgef\u00fcllt.<\/b><\/p>\n<div class=\"post-content\">\n<div>\n<p style=\"margin-bottom: 0cm;\"><strong>Mit einem Brief an fast eine Million Schweizer Haushalte hat Greenpeace Schweiz eine Debatte in Gang gebracht. Der Brief kl\u00e4rt die Bev\u00f6lkerung auf \u00fcber die wahren Gefahren eines AKW-Unfalls und \u00fcber die Grenzen der Jodtabletten-Verteilung. Die Thematik wird nun auf verschiedenen Kan\u00e4len intensiv diskutiert, und auch die Online-Kurzumfrage wurde rege ausgef\u00fcllt.<\/strong><\/p>\n<p style=\"margin-bottom: 0cm;\">Letzten Donnerstag lag <a href=\"http:\/\/www.greenpeace.ch\/jodverteilung\" target=\"_blank\" rel=\"noopener noreferrer\">das Schreiben in fast einer Million Briefk\u00e4sten<\/a>. Die erg\u00e4nzenden Informationen sorgen f\u00fcr Verwunderung und Verunsicherung, f\u00fcr Lob und Kritik, f\u00fcr \u00c4rger und f\u00fcr Zustimmung. Kalt l\u00e4sst die Aktion aber kaum jemanden. Das zeigt sich an den vielen Kommentaren in Blogs, Foren und in sozialen Medien.<\/p>\n<p style=\"margin-bottom: 0cm;\">\n<blockquote class=\"twitter-tweet\" lang=\"de\">\n<p>Jodtabletten f\u00fcr was genau&#8230;? Ahaa&#8230;!<br \/>\n<a href=\"http:\/\/t.co\/m2RNZwSZ8E\">http:\/\/t.co\/m2RNZwSZ8E<\/a><\/p>\n<p>\u2014 Kurt Spalinger-R\u00f8es (@fyrskib) <a href=\"https:\/\/twitter.com\/fyrskib\/status\/534093676977598464\">16. November 2014<\/a><\/p>\n<\/blockquote>\n<p><script async=\"\" src=\"\/\/platform.twitter.com\/widgets.js\" charset=\"utf-8\"><\/script>\u00a0<\/p>\n<p style=\"margin-bottom: 0cm;\">\n<blockquote class=\"twitter-tweet\" lang=\"de\">\n<p>wermuth dankt greenpeace f\u00fcr deren d\u00e4mlichen jodtabletten-anti-werbungskram. ich nicht.<\/p>\n<p>\u2014 Igwigg (@igwigg) <a href=\"https:\/\/twitter.com\/igwigg\/status\/533527407144501249\">15. November 2014<\/a><\/p>\n<\/blockquote>\n<p><script async=\"\" src=\"\/\/platform.twitter.com\/widgets.js\" charset=\"utf-8\"><\/script><\/p>\n<p style=\"margin-bottom: 0cm;\">\n<blockquote class=\"twitter-tweet\" lang=\"de\">\n<p>Danke <a href=\"https:\/\/twitter.com\/greenpeace_ch\">@greenpeace_ch<\/a> f\u00fcr euren Einsatz! <a href=\"https:\/\/twitter.com\/hashtag\/jodtabletten?src=hash\">#jodtabletten<\/a><br \/>\n<a href=\"http:\/\/t.co\/R5ncqmgyt4\">http:\/\/t.co\/R5ncqmgyt4<\/a><\/p>\n<p>\u2014 C\u00e9dric Wermuth (@cedricwermuth) <a href=\"https:\/\/twitter.com\/cedricwermuth\/status\/533390363508371456\">14. November 2014<\/a><\/p>\n<\/blockquote>\n<p><script async=\"\" src=\"\/\/platform.twitter.com\/widgets.js\" charset=\"utf-8\"><\/script><\/p>\n<p style=\"margin-bottom: 0cm;\">\n<blockquote class=\"twitter-tweet\" lang=\"de\">\n<p>Feige Aktion von <a href=\"https:\/\/twitter.com\/greenpeace_ch\">@greenpeace_ch<\/a> <a href=\"https:\/\/twitter.com\/hashtag\/Jodtabletten?src=hash\">#Jodtabletten<\/a> &#8211; Information unter falschem Absender verbreiten und auch noch stolz darauf sein!<\/p>\n<p>\u2014 Familie Bachmann (@FamBachmann) <a href=\"https:\/\/twitter.com\/FamBachmann\/status\/533264003217518594\">14. November 2014<\/a><\/p>\n<\/blockquote>\n<p><script async=\"\" src=\"\/\/platform.twitter.com\/widgets.js\" charset=\"utf-8\"><\/script>\u00a0<\/p>\n<p style=\"margin-bottom: 0cm;\"><iframe loading=\"lazy\" width=\"100%\" height=\"520\" frameborder=\"0\" src=\"http:\/\/gpch.cartodb.com\/viz\/6a8764a8-6bd2-11e4-aaf3-0e853d047bba\/embed_map\" allowfullscreen=\"\" webkitallowfullscreen=\"\" mozallowfullscreen=\"\" oallowfullscreen=\"\" msallowfullscreen=\"\"><\/iframe>\u00a0<\/p>\n<p><a name=\"_GoBack\"><\/a><strong>Gut gesch\u00fctzt?<\/strong><\/p>\n<p style=\"margin-bottom: 0cm;\">Auch die Kurz-Umfrage auf der im Brief angegebenen Website wurde rege ausgef\u00fcllt. \u00dcber 4000 Personen haben die sechs Fragen beantwortet. Ein Blick auf <a href=\"https:\/\/www.greenpeace.ch\/wp-content\/uploads\/2017\/01\/Daten_Alle_141117.pdf\" target=\"_blank\" rel=\"noopener noreferrer\">die Resultate<\/a> der nicht repr\u00e4sentativen Online-Umfrage zeigt: Nur ein kleiner Teil der TeilnehmerInnen f\u00fchlt sich \u00abim Notfall gut gesch\u00fctzt\u00bb, wie die offiziellen Stellen in ihrem Infoschreiben behaupteten.<\/p>\n<p>Die Debatte ist also in der Bev\u00f6lkerung lanciert \u2013 nun muss sie noch das Bundeshaus erreichen. Denn dort diskutiert der Nationalrat anfangs Dezember \u00fcber den Atomausstieg. In der Kurzumfrage fordert eine grosse Mehrheit der TeilnehmerInnen eine rasche Abschaltung der Schweizer AKW.<\/p>\n<p style=\"margin-bottom: 0cm;\"><strong>Fordere den Nationalrat auf, beim Atomausstieg endlich vorw\u00e4rts zu machen!<\/strong><\/p>\n<p style=\"margin-bottom: 0cm;\"><a href=\"http:\/\/atomausstieg.greenpeace.org\/bewohner-50km\/#action\" target=\"_blank\" rel=\"noopener noreferrer\"><img loading=\"lazy\" decoding=\"async\" src=\"https:\/\/www.greenpeace.ch\/static\/planet4-switzerland-stateless\/2019\/05\/c91e199d-c91e199d-jetzt-handeln-button.jpg\" alt=\"\" width=\"280\" height=\"56\"><\/a><\/p>\n<\/div>\n<\/div>\n","protected":false},"excerpt":{"rendered":"<p>Mit einem Brief an fast eine Million Schweizer Haushalte hat Greenpeace Schweiz eine Debatte in Gang gebracht. Der Brief kl\u00e4rt die Bev\u00f6lkerung auf \u00fcber die wahren Gefahren eines AKW-Unfalls und&hellip;<\/p>\n","protected":false},"author":23,"featured_media":10796,"comment_status":"closed","ping_status":"open","sticky":false,"template":"","format":"standard","meta":{"_acf_changed":false,"_planet4_optimize_post_is_variant":false,"_planet4_optimize_experiment_name":"","_planet4_optimize_variant_name":"","ep_exclude_from_search":false,"p4_og_title":"","p4_og_description":"","p4_og_image":"","p4_og_image_id":"","p4_seo_canonical_url":"","p4_campaign_name":"","p4_local_project":"","p4_basket_name":"","p4_department":"","footnotes":""},"categories":[1],"tags":[42],"p4-page-type":[75],"gpch-article-type":[],"class_list":["post-10794","post","type-post","status-publish","format-standard","has-post-thumbnail","hentry","category-unkategorisiert","tag-energie","p4-page-type-story"],"acf":[],"_links":{"self":[{"href":"https:\/\/www.greenpeace.ch\/de\/wp-json\/wp\/v2\/posts\/10794","targetHints":{"allow":["GET"]}}],"collection":[{"href":"https:\/\/www.greenpeace.ch\/de\/wp-json\/wp\/v2\/posts"}],"about":[{"href":"https:\/\/www.greenpeace.ch\/de\/wp-json\/wp\/v2\/types\/post"}],"author":[{"embeddable":true,"href":"https:\/\/www.greenpeace.ch\/de\/wp-json\/wp\/v2\/users\/23"}],"replies":[{"embeddable":true,"href":"https:\/\/www.greenpeace.ch\/de\/wp-json\/wp\/v2\/comments?post=10794"}],"version-history":[{"count":0,"href":"https:\/\/www.greenpeace.ch\/de\/wp-json\/wp\/v2\/posts\/10794\/revisions"}],"wp:featuredmedia":[{"embeddable":true,"href":"https:\/\/www.greenpeace.ch\/de\/wp-json\/wp\/v2\/media\/10796"}],"wp:attachment":[{"href":"https:\/\/www.greenpeace.ch\/de\/wp-json\/wp\/v2\/media?parent=10794"}],"wp:term":[{"taxonomy":"category","embeddable":true,"href":"https:\/\/www.greenpeace.ch\/de\/wp-json\/wp\/v2\/categories?post=10794"},{"taxonomy":"post_tag","embeddable":true,"href":"https:\/\/www.greenpeace.ch\/de\/wp-json\/wp\/v2\/tags?post=10794"},{"taxonomy":"p4-page-type","embeddable":true,"href":"https:\/\/www.greenpeace.ch\/de\/wp-json\/wp\/v2\/p4-page-type?post=10794"},{"taxonomy":"gpch-article-type","embeddable":true,"href":"https:\/\/www.greenpeace.ch\/de\/wp-json\/wp\/v2\/gpch-article-type?post=10794"}],"curies":[{"name":"wp","href":"https:\/\/api.w.org\/{rel}","templated":true}]}}