{"id":10839,"date":"2014-10-27T00:00:00","date_gmt":"2014-10-26T22:00:00","guid":{"rendered":"https:\/\/master.greenpeace.ch\/beitrag\/10839\/waehrend-in-thule-das-eis-schmilzt-versinkt-tuvalu-im-pazifik\/"},"modified":"2019-05-30T10:42:36","modified_gmt":"2019-05-30T08:42:36","slug":"waehrend-in-thule-das-eis-schmilzt-versinkt-tuvalu-im-pazifik","status":"publish","type":"post","link":"https:\/\/www.greenpeace.ch\/de\/story\/10839\/waehrend-in-thule-das-eis-schmilzt-versinkt-tuvalu-im-pazifik\/","title":{"rendered":"W\u00e4hrend in Thule das Eis schmilzt, versinkt Tuvalu im Pazifik"},"content":{"rendered":"<p><b><\/b><\/p>\n<div class=\"post-content\">\n<div>\n<div class=\"events-box big-box left\">\n<div class=\"frame\">\n        <a class=\"open-img EnlargeImage\" href=\"https:\/\/www.greenpeace.ch\/static\/planet4-switzerland-stateless\/2019\/05\/bdcdc1ed-bdcdc1ed-tuvalu.jpg\" title=\"\"><br \/>\n            <img decoding=\"async\" id=\"ctl00_cphContentArea_epiEntryContent_ctl00_ctl02_Image1\" class=\"Thumbnail\" src=\"https:\/\/www.greenpeace.ch\/static\/planet4-switzerland-stateless\/2019\/05\/bdcdc1ed-bdcdc1ed-tuvalu.jpg\" alt=\"\" style=\"border-width:0px;\"><\/p>\n<p>        <\/a>\n    <\/div>\n<div class=\"events-content\">\n        <span class=\"date\">Montag, 27. Oktober 2014<\/span><br \/>\n        <strong><\/strong><\/p>\n<p>\n            \u00a9 Christian \u00c5slund \/ Greenpeace\n        <\/p>\n<\/p>\n<\/div>\n<\/div>\n<p>Diese Woche tagt in Kopenhagen der Weltklimarat <a title=\"IPCC\" href=\"http:\/\/ipcc.ch\/\" target=\"_blank\" rel=\"noopener noreferrer\">IPCC<\/a>. Die WissenschaftlerInnen besprechen die aktuellen Entwicklungen des Weltklimas und informieren \u00fcber die zu erwartenden Konsequenzen des menschgemachten Klimawandels.<\/p>\n<p><span>Gleichzeitig startet in den Kinos der Film\u00a0<\/span><a title=\"ThuleTuvalu\" href=\"http:\/\/www.thuletuvalu.com\/\" target=\"_blank\" rel=\"noopener noreferrer\">ThuleTuvalu<\/a><span>. Der Schweizer Regisseur Matthias Von Gunten zeigt darin Menschen an zwei v\u00f6llig unterschiedlichen Punkten des Globus, die durch die fortschreitende Erw\u00e4rmung der Erdatmosph\u00e4re zunehmend miteinander verbunden sind und sich beiderorts vor die Tatsache gestellt sehen, dass sie ihre Existenz grundlegend ver\u00e4ndern m\u00fcssen. In Gr\u00f6nland schmilzt das f\u00fcr die Jagd der Indigenen so wichtige Eis, w\u00e4hrend die Inseln in der S\u00fcdsee durch den Meeresanstieg zu versinken drohen.<\/span><\/p>\n<p><iframe loading=\"lazy\" width=\"560\" height=\"315\" src=\"\/\/www.youtube.com\/embed\/_2e8jbzofFQ\" frameborder=\"0\" allowfullscreen=\"\"><\/iframe>\u00a0<\/p>\n<p>Der Film erz\u00e4hlt einerseits von J\u00e4gern in Thule, in Nord-Gr\u00f6nland, die noch wie ihre Vorfahren, die meiste Zeit des Jahres bei Temperaturen bis unter vierzig Grad in Fellkleidern und mit Hundeschlitten zur Jagd fahren, um ihre Familien und Hunde zu ern\u00e4hren. Und er erz\u00e4hlt von Inselbewohnern in Tuvalu, die in den endlosen Weiten des Pazifiks auf schmalen Korallenriffen leben und sich, wie viele Generationen vor ihnen, von Fischen, Kokosn\u00fcssen und selbst angebautem Gem\u00fcse ern\u00e4hren. Neben den Unterschieden macht der Film auch Verbindungen und Gemeinsamkeiten dieser beiden Welten deutlich: An beiden Orten zeigt sich \u2013 sei es beim Jagen oder beim Fischen, bei Eisfahrten oder beim Kanubau \u2013 wie das Meer als wichtigste Nahrungsquelle das ganze Dasein der Einheimischen pr\u00e4gt. Hier wie dort erleben wir, wie aus dieser engen Abh\u00e4ngigkeit von der Natur und in der grossen Abgeschiedenheit von der \u00fcbrigen Welt \u00fcber Jahrhunderte ihre besonderen Lebensweisen entstanden sind, die sich bis heute erhalten haben.<\/p>\n<p><span>ThuleTuvalu zeigt eindr\u00fccklich, wie der Klimawandel die Lebensweise ganzer V\u00f6lker bedroht und wie n\u00f6tig der Klimaschutz durch die Weltgemeinschaft ist. Die Menschen, die am wenigsten zum Klimawandel beitragen, werden am meisten unter ihm leiden. Alle Staaten tragen eine Verantwortung, es nicht so weit kommen zu lassen und dem f\u00fcr Ende Woche erwarteten IPCC-Bericht klare und greifende Massnahmen zum Klimaschutz folgen zu lassen.<\/span><\/p>\n<p>\u00a0<\/p>\n<p>\u00a0<\/p>\n<\/div>\n<\/div>\n","protected":false},"excerpt":{"rendered":"<p>Montag, 27. Oktober 2014 \u00a9 Christian \u00c5slund \/ Greenpeace Diese Woche tagt in Kopenhagen der Weltklimarat IPCC. Die WissenschaftlerInnen besprechen die aktuellen Entwicklungen des Weltklimas und informieren \u00fcber die zu&hellip;<\/p>\n","protected":false},"author":23,"featured_media":10841,"comment_status":"closed","ping_status":"open","sticky":false,"template":"","format":"standard","meta":{"_acf_changed":false,"_planet4_optimize_post_is_variant":false,"_planet4_optimize_experiment_name":"","_planet4_optimize_variant_name":"","ep_exclude_from_search":false,"p4_og_title":"","p4_og_description":"","p4_og_image":"","p4_og_image_id":"","p4_seo_canonical_url":"","p4_campaign_name":"","p4_local_project":"","p4_basket_name":"","p4_department":"","footnotes":""},"categories":[1],"tags":[50],"p4-page-type":[75],"gpch-article-type":[],"class_list":["post-10839","post","type-post","status-publish","format-standard","has-post-thumbnail","hentry","category-unkategorisiert","tag-klima","p4-page-type-story"],"acf":[],"_links":{"self":[{"href":"https:\/\/www.greenpeace.ch\/de\/wp-json\/wp\/v2\/posts\/10839","targetHints":{"allow":["GET"]}}],"collection":[{"href":"https:\/\/www.greenpeace.ch\/de\/wp-json\/wp\/v2\/posts"}],"about":[{"href":"https:\/\/www.greenpeace.ch\/de\/wp-json\/wp\/v2\/types\/post"}],"author":[{"embeddable":true,"href":"https:\/\/www.greenpeace.ch\/de\/wp-json\/wp\/v2\/users\/23"}],"replies":[{"embeddable":true,"href":"https:\/\/www.greenpeace.ch\/de\/wp-json\/wp\/v2\/comments?post=10839"}],"version-history":[{"count":0,"href":"https:\/\/www.greenpeace.ch\/de\/wp-json\/wp\/v2\/posts\/10839\/revisions"}],"wp:featuredmedia":[{"embeddable":true,"href":"https:\/\/www.greenpeace.ch\/de\/wp-json\/wp\/v2\/media\/10841"}],"wp:attachment":[{"href":"https:\/\/www.greenpeace.ch\/de\/wp-json\/wp\/v2\/media?parent=10839"}],"wp:term":[{"taxonomy":"category","embeddable":true,"href":"https:\/\/www.greenpeace.ch\/de\/wp-json\/wp\/v2\/categories?post=10839"},{"taxonomy":"post_tag","embeddable":true,"href":"https:\/\/www.greenpeace.ch\/de\/wp-json\/wp\/v2\/tags?post=10839"},{"taxonomy":"p4-page-type","embeddable":true,"href":"https:\/\/www.greenpeace.ch\/de\/wp-json\/wp\/v2\/p4-page-type?post=10839"},{"taxonomy":"gpch-article-type","embeddable":true,"href":"https:\/\/www.greenpeace.ch\/de\/wp-json\/wp\/v2\/gpch-article-type?post=10839"}],"curies":[{"name":"wp","href":"https:\/\/api.w.org\/{rel}","templated":true}]}}