{"id":10898,"date":"2014-10-06T00:00:00","date_gmt":"2014-10-05T22:00:00","guid":{"rendered":"https:\/\/master.greenpeace.ch\/beitrag\/10898\/ice-ride-radfahren-fuer-den-klimaschutz\/"},"modified":"2019-05-30T10:45:20","modified_gmt":"2019-05-30T08:45:20","slug":"ice-ride-radfahren-fuer-den-klimaschutz","status":"publish","type":"post","link":"https:\/\/www.greenpeace.ch\/de\/story\/10898\/ice-ride-radfahren-fuer-den-klimaschutz\/","title":{"rendered":"Ice Ride &#8211; Radfahren f\u00fcr den Klimaschutz"},"content":{"rendered":"<p><b>Vergangenes Wochenende wurde an insgesamt rund 160-Fahraddemos in 33 L\u00e4ndern\u00a0 ein starkes Zeichen zum Schutz der Arktis gesetzt.\u00a0Auch an den Ice Rides von Greenpeace-Freiwilligen in Basel und Genf wurden Massnahmen gegen die Folgen des Klimawandels und f\u00fcr ein arktisches Schutzgebiet gefordert.<\/b><\/p>\n<div class=\"post-content\">\n<div>\n<p><strong>Vergangenes Wochenende wurde an insgesamt rund 160-Fahraddemos in 33 L\u00e4ndern\u00a0 ein starkes Zeichen zum Schutz der Arktis gesetzt.\u00a0Auch an den Ice Rides von Greenpeace-Freiwilligen in Basel und Genf wurden Massnahmen gegen die Folgen des Klimawandels und f\u00fcr ein arktisches Schutzgebiet gefordert.<\/strong><\/p>\n<div class=\"events-box big-box left\">\n<div class=\"frame\">\n        <a class=\"open-img EnlargeImage\" href=\"https:\/\/www.greenpeace.ch\/wp-content\/uploads\/2017\/01\/Rettet-die-Arktis.jpg\" title=\"Rettet die Arktis\"><br \/>\n            <img decoding=\"async\" id=\"ctl00_cphContentArea_epiEntryContent_ctl00_ctl02_Image1\" title=\"Rettet die Arktis\" class=\"Thumbnail\" src=\"https:\/\/www.greenpeace.ch\/wp-content\/uploads\/2017\/01\/Rettet-die-Arktis.jpg\" alt=\"Rettet die Arktis\" style=\"border-width:0px;\"><\/p>\n<p>        <\/a>\n    <\/div>\n<div class=\"events-content\">\n        <span class=\"date\">Montag, 6. Oktober 2014<\/span><br \/>\n        <strong>Rettet die Arktis<\/strong><\/p>\n<p>\n            Weltweit trafen sich am 4.Oktober Umweltaktivisten zum Ice Ride 2014, der grossen Fahrraddemo f\u00fcr den Schutz der Arktis\n        <\/p>\n<\/p>\n<\/div>\n<\/div>\n<p>\u00a0<br \/>\u00abDie Arktis, einen schon jetzt durch den Klimawandel schwerwiegend in Mitleidenschaft gezogener Lebensraum, zu sch\u00fctzen, welcher nun zus\u00e4tzlich noch durch \u00d6lf\u00f6rderung und zerst\u00f6rerische Fischereipraktiken beeintr\u00e4chtigt wird, ist eine der wichtigsten Umweltschutz-Bem\u00fchungen unserer Zeit\u00bb, meinte Markus Power, Freiwilligen-Koordinator von Greenpeace Deutschland einst. Mittlerweile hat nicht nur er den Ernst der Lage erkannt: Immer mehr Menschen rund um den Globus sind sich dar\u00fcber im Klaren, wie bedeutungsvoll und dringend ein Schutzgebiet in der Arktis letztendlich auch f\u00fcr den Stopp des Klimawandels und somit f\u00fcr uns Menschen ist. <\/p>\n<p>Erst am 18. September 2014 hatte Greenpeace eine <a href=\"\/switzerland\/de\/News_Stories\/Newsblog\/sechs-millionen-arktisschuetzerinnen-bei-uno-\/blog\/50669\/\" target=\"_blank\" rel=\"noopener noreferrer\">Petition<\/a> mit 6 Millionen Unterschriften zum Schutz der Arktis an eine der m\u00e4chtigsten Personen der Welt, <a href=\"\/switzerland\/de\/News_Stories\/Newsblog\/sechs-millionen-arktisschuetzerinnen-bei-uno-\/blog\/50669\/\" target=\"_blank\" rel=\"noopener noreferrer\">UNO-Generalsekret\u00e4r Ban Ki-moon, \u00fcberreicht.<\/a> Wenige Tage sp\u00e4ter protestierten hundertausende Menschen rund um den Globus am Climate March f\u00fcr Massnahmen gegen den Klimawandel, und vergangenes Wochenende kamen abermals unz\u00e4hlige motivierte Menschen zusammen und traten f\u00fcr den Schutz der Arktis in die Pedalen.<\/p>\n<p><a href=\"http:\/\/www.savethearctic.org\/\" target=\"_blank\" rel=\"noopener noreferrer\"><img loading=\"lazy\" decoding=\"async\" src=\"https:\/\/www.greenpeace.ch\/static\/planet4-switzerland-stateless\/2019\/05\/6bd01cd6-6bd01cd6-button_petition.jpg\" alt=\"\" width=\"238\" height=\"54\"><\/p>\n<p><\/a>Bereits 2013 haben sich tausende beim \u00abGreenpeace Ice Ride\u00bb erstmals zum Schutz der Arktis auf ihre Drahtesel geschwungen. Die Fl\u00e4che der arktischen Meereisdecke war damals gerade auf einen historischen Tiefstand geschrumpft. Ihre Botschaft an die Erd\u00f6lkonzerne lautete schon vor einem Jahr: Wir wollen und brauchen keine \u00d6lbohrungen in der Arktis!\u00a0<\/p>\n<p>So auch der Tenor an der Fahrrad-Demo von vergangenem Wochenende, als erneut zehntausende Menschen in 33 L\u00e4ndern ein Schutzgebiet rund um den Nordpol mit seinem fragilen und einzigartigen \u00d6kosystem forderten. Auch in Basel und Genf riefen Regionalgruppen von Greenpeace-Freiwilligen zu spontanen gemeinsamen Velofahrten zum Schutz der Arktis auf.\u00a0<\/p>\n<div class=\"embedded-image-gallery promo general-form\">\n<h2>Ice Ride &#8211; Radfahren f\u00fcr den Klimaschutz<\/h2>\n<div class=\"gallery\">\n<div class=\"img-nav\">\n<div class=\"carousel\">\n<ul class=\"img-list galleria\">\n<li class=\"active\">\n                            <a title=\"Top organisiert.\" href=\"\/switzerland\/de\/News_Stories\/Multimedia\/Fotos\/Ice-Ride---Radfahren-fuer-den-Klimaschutz\/Unbenannt-1jpg\/\" rel=\"Der Ice Ride in der Schweiz wurde von der Regionalgruppe Basel top-organisiert und war ein voller Erfolg f\u00fcr alle Beteiligten.~^~^\/switzerland\/ReSizes\/ImageGalleryLarge\/Global\/switzerland\/photos\/arktis\/Ice RIde\/Unbenannt-1.jpg~^430697\"><br \/>\n                                <img decoding=\"async\" id=\"ctl00_cphContentArea_epiEntryContent_ctl00_ctl06_ctl00_repImages_ctl00_thumbImg\" title=\"Top organisiert.\" src=\"https:\/\/www.greenpeace.ch\/static\/planet4-switzerland-stateless\/2019\/05\/b6ee80d7-b6ee80d7-unbenannt-1.jpg\" alt=\"Top organisiert.\" style=\"border-width:0px;\"><br \/>\n                            <\/a>\n                        <\/li>\n<li>\n                            <a title=\"Top organisiert.\" href=\"\/switzerland\/de\/News_Stories\/Multimedia\/Fotos\/Ice-Ride---Radfahren-fuer-den-Klimaschutz\/Unbenannt-11jpg\/\" rel=\"Der Ice Ride in der Schweiz wurde von der Regionalgruppe Basel top-organisiert und war ein voller Erfolg f\u00fcr alle Beteiligten.~^~^\/switzerland\/ReSizes\/ImageGalleryLarge\/Global\/switzerland\/photos\/arktis\/Ice RIde\/Unbenannt-11.jpg~^430698\"><br \/>\n                                <img decoding=\"async\" id=\"ctl00_cphContentArea_epiEntryContent_ctl00_ctl06_ctl00_repImages_ctl01_thumbImg\" title=\"Top organisiert.\" src=\"https:\/\/www.greenpeace.ch\/static\/planet4-switzerland-stateless\/2019\/05\/c23907f6-c23907f6-unbenannt-11.jpg\" alt=\"Top organisiert.\" style=\"border-width:0px;\"><br \/>\n                            <\/a>\n                        <\/li>\n<li>\n                            <a title=\"Zwischenstopp\" href=\"\/switzerland\/de\/News_Stories\/Multimedia\/Fotos\/Ice-Ride---Radfahren-fuer-den-Klimaschutz\/Zwischenstopp\/\" rel=\"Zwischenstopp auf der Kraftwerksinsel f\u00fcr Fotos-session mit den \u00d6ltanks im Hintergrund~^~^\/switzerland\/ReSizes\/ImageGalleryLarge\/Global\/switzerland\/photos\/arktis\/Ice RIde\/d.jpg~^430705\"><br \/>\n                                <img decoding=\"async\" id=\"ctl00_cphContentArea_epiEntryContent_ctl00_ctl06_ctl00_repImages_ctl02_thumbImg\" title=\"Zwischenstopp\" src=\"https:\/\/www.greenpeace.ch\/static\/planet4-switzerland-stateless\/2018\/05\/c48896e3-action_climate_left_cloud_style_1_e5636d.jpg\" alt=\"Zwischenstopp\" style=\"border-width:0px;\"><br \/>\n                            <\/a>\n                        <\/li>\n<li>\n                            <a title=\"Wie ein Familienausflug\" href=\"\/switzerland\/de\/News_Stories\/Multimedia\/Fotos\/Ice-Ride---Radfahren-fuer-den-Klimaschutz\/Unbenannt-111jpg\/\" rel=\"Auch wenn er mit 25 Teilnehmenden bescheidener als in anderen St\u00e4dten ausfiel, war der Ice Ride insgesamt erfolgreich und toll f\u00fcr alle Beteiligten, die bei wunderbarem Herbstwetter durch Basel fuhren.~^~^\/switzerland\/ReSizes\/ImageGalleryLarge\/Global\/switzerland\/photos\/arktis\/Ice RIde\/Unbenannt-111.jpg~^430699\"><br \/>\n                                <img decoding=\"async\" id=\"ctl00_cphContentArea_epiEntryContent_ctl00_ctl06_ctl00_repImages_ctl03_thumbImg\" title=\"Wie ein Familienausflug\" src=\"https:\/\/www.greenpeace.ch\/static\/planet4-switzerland-stateless\/2019\/05\/65337cec-65337cec-unbenannt-111.jpg\" alt=\"Wie ein Familienausflug\" style=\"border-width:0px;\"><br \/>\n                            <\/a>\n                        <\/li>\n<li>\n                            <a title=\"Save The Arctic\" href=\"\/switzerland\/de\/News_Stories\/Multimedia\/Fotos\/Ice-Ride---Radfahren-fuer-den-Klimaschutz\/Save-The-Arctic\/\" rel=\"Der Eisb\u00e4r auf der F\u00e4hre und im Velowagen hat f\u00fcr viel Aufmerksamkeit gesorgt. ~^~^\/switzerland\/ReSizes\/ImageGalleryLarge\/Global\/switzerland\/photos\/arktis\/Ice RIde\/Unbenannst-1.jpg~^430704\"><br \/>\n                                <img decoding=\"async\" id=\"ctl00_cphContentArea_epiEntryContent_ctl00_ctl06_ctl00_repImages_ctl04_thumbImg\" title=\"Save The Arctic\" src=\"https:\/\/www.greenpeace.ch\/static\/planet4-switzerland-stateless\/2019\/05\/5fc2c469-5fc2c469-unbenannst-1.jpg\" alt=\"Save The Arctic\" style=\"border-width:0px;\"><br \/>\n                            <\/a>\n                        <\/li>\n<li>\n                            <a title=\"Genf\" href=\"\/switzerland\/de\/News_Stories\/Multimedia\/Fotos\/Ice-Ride---Radfahren-fuer-den-Klimaschutz\/Genf\/\" rel=\"Auch in Genf fand spontan ein Ice Ride statt.~^~^\/switzerland\/ReSizes\/ImageGalleryLarge\/Global\/switzerland\/photos\/arktis\/Ice RIde\/15269959727_092a74fa9a_z.jpg~^430714\"><br \/>\n                                <img decoding=\"async\" id=\"ctl00_cphContentArea_epiEntryContent_ctl00_ctl06_ctl00_repImages_ctl05_thumbImg\" title=\"Genf\" src=\"https:\/\/www.greenpeace.ch\/static\/planet4-switzerland-stateless\/2019\/05\/7a6a83d3-7a6a83d3-15269959727_092a74fa9a_z.jpg\" alt=\"Genf\" style=\"border-width:0px;\"><br \/>\n                            <\/a>\n                        <\/li>\n<li>\n                            <a title=\"Gruppenfoto\" href=\"\/switzerland\/de\/News_Stories\/Multimedia\/Fotos\/Ice-Ride---Radfahren-fuer-den-Klimaschutz\/Gruppenfoto\/\" rel=\"Gruppenfoto vor Genfs Wahrzeichen~^~^\/switzerland\/ReSizes\/ImageGalleryLarge\/Global\/switzerland\/photos\/arktis\/Ice RIde\/15456576495_00b0cc397f_z.jpg~^430735\"><br \/>\n                                <img decoding=\"async\" id=\"ctl00_cphContentArea_epiEntryContent_ctl00_ctl06_ctl00_repImages_ctl06_thumbImg\" title=\"Gruppenfoto\" src=\"https:\/\/www.greenpeace.ch\/static\/planet4-switzerland-stateless\/2019\/05\/89276752-89276752-15456576495_00b0cc397f_z.jpg\" alt=\"Gruppenfoto\" style=\"border-width:0px;\"><br \/>\n                            <\/a>\n                        <\/li>\n<li>\n                            <a title=\"Thailand\" href=\"\/switzerland\/de\/News_Stories\/Multimedia\/Fotos\/Ice-Ride---Radfahren-fuer-den-Klimaschutz\/GP0STOMNQ\/\" rel=\"\u00dcber 1200 Demonstranten schlossen sich dem Iceride in Phitsanulok an, organisiert vom Phitsanulok Fahrradclub, Greenpeace-Unterst\u00fctzern und dem Climate Action Network (CAN) Thailand.~^Greenpeace~^\/switzerland\/ReSizes\/ImageGalleryLarge\/Global\/switzerland\/photos\/arktis\/Ice RIde\/gp0stomnq_hp_0-1.jpg~^430701\"><br \/>\n                                <img decoding=\"async\" id=\"ctl00_cphContentArea_epiEntryContent_ctl00_ctl06_ctl00_repImages_ctl07_thumbImg\" title=\"Thailand\" src=\"https:\/\/www.greenpeace.ch\/static\/planet4-switzerland-stateless\/2019\/05\/ccc7748f-ccc7748f-gp0stomnq_hp_0-1.jpg\" alt=\"Thailand\" style=\"border-width:0px;\"><br \/>\n                            <\/a>\n                        <\/li>\n<li>\n                            <a title=\"Spanien\" href=\"\/switzerland\/de\/News_Stories\/Multimedia\/Fotos\/Ice-Ride---Radfahren-fuer-den-Klimaschutz\/GP0STOMOU\/\" rel=\"Auch in der spanischen Hauptstadt Madrid beteiligten sich viele motivierte Freiwillige am Ice Ride.~^Alberto  Di Lolli \/ Greenpeace~^\/switzerland\/ReSizes\/ImageGalleryLarge\/Global\/switzerland\/photos\/arktis\/Ice RIde\/gp0stomou_layout.jpg~^430702\"><br \/>\n                                <img decoding=\"async\" id=\"ctl00_cphContentArea_epiEntryContent_ctl00_ctl06_ctl00_repImages_ctl08_thumbImg\" title=\"Spanien\" src=\"https:\/\/www.greenpeace.ch\/static\/planet4-switzerland-stateless\/2019\/05\/bf16c405-bf16c405-gp0stomou_layout.jpg\" alt=\"Spanien\" style=\"border-width:0px;\"><br \/>\n                            <\/a>\n                        <\/li>\n<li>\n                            <a title=\"Italien\" href=\"\/switzerland\/de\/News_Stories\/Multimedia\/Fotos\/Ice-Ride---Radfahren-fuer-den-Klimaschutz\/GP0STOMP3\/\" rel=\"Auch vor dem Kolosseum in Rom wurde f\u00fcr die Arktis in die Pedale getreten.~^\u00a9 Lorenzo Moscia \/ Greenpeace~^\/switzerland\/ReSizes\/ImageGalleryLarge\/Global\/switzerland\/photos\/arktis\/Ice RIde\/gp0stomp3_hp.jpg~^430703\"><br \/>\n                                <img decoding=\"async\" id=\"ctl00_cphContentArea_epiEntryContent_ctl00_ctl06_ctl00_repImages_ctl09_thumbImg\" title=\"Italien\" src=\"https:\/\/www.greenpeace.ch\/static\/planet4-switzerland-stateless\/2019\/05\/dee6d209-dee6d209-gp0stomp3_hp.jpg\" alt=\"Italien\" style=\"border-width:0px;\"><br \/>\n                            <\/a>\n                        <\/li>\n<\/ul>\n<\/div>\n<\/div>\n<\/div>\n<div class=\"text\">\n<p class=\"description\">Laut und bunt wird es, wenn zum zweiten Mal f\u00fcr die Arktis geradelt wird. Weltweit trafen sich am 4.Oktober Umweltaktivisten zum Ice Ride 2014, der gro\u00dfen Fahrraddemo f\u00fcr den Schutz der Arktis.<br \/>\n\u00d6lkonzerne wie Shell und Gazprom, der als erster Konzern weltweit \u00d6l aus arktischen Gew\u00e4ssern f\u00f6rdert, bedrohen diese einzigartige Region. <\/p>\n<p class=\"copyright\">\n<\/div>\n<\/div>\n<p>\u00a0<\/p>\n<p><em>Luis Balzer &#8211; Greenpeace Schweiz<\/em><\/p>\n<\/div>\n<\/div>\n","protected":false},"excerpt":{"rendered":"<p>Vergangenes Wochenende wurde an insgesamt rund 160-Fahraddemos in 33 L\u00e4ndern\u00a0 ein starkes Zeichen zum Schutz der Arktis gesetzt.\u00a0Auch an den Ice Rides von Greenpeace-Freiwilligen in Basel und Genf wurden Massnahmen&hellip;<\/p>\n","protected":false},"author":23,"featured_media":10703,"comment_status":"closed","ping_status":"open","sticky":false,"template":"","format":"standard","meta":{"_acf_changed":false,"_planet4_optimize_post_is_variant":false,"_planet4_optimize_experiment_name":"","_planet4_optimize_variant_name":"","ep_exclude_from_search":false,"p4_og_title":"","p4_og_description":"","p4_og_image":"","p4_og_image_id":"","p4_seo_canonical_url":"","p4_campaign_name":"","p4_local_project":"","p4_basket_name":"","p4_department":"","footnotes":""},"categories":[1],"tags":[41],"p4-page-type":[75],"gpch-article-type":[],"class_list":["post-10898","post","type-post","status-publish","format-standard","has-post-thumbnail","hentry","category-unkategorisiert","tag-meer","p4-page-type-story"],"acf":[],"_links":{"self":[{"href":"https:\/\/www.greenpeace.ch\/de\/wp-json\/wp\/v2\/posts\/10898","targetHints":{"allow":["GET"]}}],"collection":[{"href":"https:\/\/www.greenpeace.ch\/de\/wp-json\/wp\/v2\/posts"}],"about":[{"href":"https:\/\/www.greenpeace.ch\/de\/wp-json\/wp\/v2\/types\/post"}],"author":[{"embeddable":true,"href":"https:\/\/www.greenpeace.ch\/de\/wp-json\/wp\/v2\/users\/23"}],"replies":[{"embeddable":true,"href":"https:\/\/www.greenpeace.ch\/de\/wp-json\/wp\/v2\/comments?post=10898"}],"version-history":[{"count":0,"href":"https:\/\/www.greenpeace.ch\/de\/wp-json\/wp\/v2\/posts\/10898\/revisions"}],"wp:featuredmedia":[{"embeddable":true,"href":"https:\/\/www.greenpeace.ch\/de\/wp-json\/wp\/v2\/media\/10703"}],"wp:attachment":[{"href":"https:\/\/www.greenpeace.ch\/de\/wp-json\/wp\/v2\/media?parent=10898"}],"wp:term":[{"taxonomy":"category","embeddable":true,"href":"https:\/\/www.greenpeace.ch\/de\/wp-json\/wp\/v2\/categories?post=10898"},{"taxonomy":"post_tag","embeddable":true,"href":"https:\/\/www.greenpeace.ch\/de\/wp-json\/wp\/v2\/tags?post=10898"},{"taxonomy":"p4-page-type","embeddable":true,"href":"https:\/\/www.greenpeace.ch\/de\/wp-json\/wp\/v2\/p4-page-type?post=10898"},{"taxonomy":"gpch-article-type","embeddable":true,"href":"https:\/\/www.greenpeace.ch\/de\/wp-json\/wp\/v2\/gpch-article-type?post=10898"}],"curies":[{"name":"wp","href":"https:\/\/api.w.org\/{rel}","templated":true}]}}