{"id":11236,"date":"2014-06-24T00:00:00","date_gmt":"2014-06-23T22:00:00","guid":{"rendered":"https:\/\/master.greenpeace.ch\/beitrag\/11236\/die-gefahr-fuer-die-baereninsel-ist-noch-nicht-vorueber\/"},"modified":"2019-05-30T10:55:42","modified_gmt":"2019-05-30T08:55:42","slug":"die-gefahr-fuer-die-baereninsel-ist-noch-nicht-vorueber","status":"publish","type":"post","link":"https:\/\/www.greenpeace.ch\/de\/story\/11236\/die-gefahr-fuer-die-baereninsel-ist-noch-nicht-vorueber\/","title":{"rendered":"Die Gefahr f\u00fcr die B\u00e4reninsel ist noch nicht vor\u00fcber"},"content":{"rendered":"<p><b>Statoil hat verk\u00fcndet, dass ihr Vorhaben, \u00d6l in der kontroversen Apollo-Quelle in den arktischen Gew\u00e4ssern der Barentssee zu finden, gescheitert ist.<\/b><\/p>\n<div class=\"post-content\">\n<div>\n<p><strong>Statoil hat verk\u00fcndet, dass ihr Vorhaben, \u00d6l in der kontroversen Apollo-Quelle in den arktischen Gew\u00e4ssern der Barentssee zu finden, gescheitert ist.<\/strong><\/p>\n<\/p>\n<div class=\"embedded-image-gallery promo general-form\">\n<h2>Protest in der Barentsee<\/h2>\n<div class=\"gallery\">\n<div class=\"img-nav\">\n<div class=\"carousel\">\n<ul class=\"img-list galleria\">\n<li class=\"active\">\n                            <a title=\"Protest an der Transocean Spitsbergen\" href=\"\/switzerland\/de\/News_Stories\/Multimedia\/Fotos\/Barentsee\/Protest-an-der-Transocean-Spitsbergen\/\" rel=\"Mit der Bohrinsel Transocean Spitsbergen will Statoil die bislang n\u00f6rdlichste Bohrstelle der Welt er\u00f6ffnen.~^\u00a9 Greenpeace~^\/switzerland\/ReSizes\/ImageGalleryLarge\/Global\/switzerland\/photos\/arktis\/barentsee slideshow\/Statoil-Protest.jpg~^420203\"><br \/>\n                                <img decoding=\"async\" id=\"ctl00_cphContentArea_epiEntryContent_ctl00_ctl02_ctl00_repImages_ctl00_thumbImg\" title=\"Protest an der Transocean Spitsbergen\" src=\"https:\/\/www.greenpeace.ch\/static\/planet4-switzerland-stateless\/2019\/05\/aa5d9cc9-aa5d9cc9-statoil-protest.jpg\" alt=\"Protest an der Transocean Spitsbergen\" style=\"border-width:0px;\"><br \/>\n                            <\/a>\n                        <\/li>\n<li>\n                            <a title=\"An der Bohrinsel.\" href=\"\/switzerland\/de\/News_Stories\/Multimedia\/Fotos\/Barentsee\/An-der-Bohrinsel\/\" rel=\"Greenpeace-AktivistInnen in Schlauchbooten besteigen am 27. Mai die \u00d6lplattform.~^\u00a9 Greenpeace~^\/switzerland\/ReSizes\/ImageGalleryLarge\/Global\/switzerland\/photos\/arktis\/barentsee slideshow\/O\u0308lplattform Besteigung.jpg~^420204\"><br \/>\n                                <img decoding=\"async\" id=\"ctl00_cphContentArea_epiEntryContent_ctl00_ctl02_ctl00_repImages_ctl01_thumbImg\" title=\"An der Bohrinsel.\" src=\"https:\/\/www.greenpeace.ch\/static\/planet4-switzerland-stateless\/2019\/05\/cf8ea602-cf8ea602-o\u0308lplattform-besteigung.jpg\" alt=\"An der Bohrinsel.\" style=\"border-width:0px;\"><br \/>\n                            <\/a>\n                        <\/li>\n<li>\n                            <a title=\"Die Crew der Esperanza\" href=\"\/switzerland\/de\/News_Stories\/Multimedia\/Fotos\/Barentsee\/Die-Crew-der-Esperanza\/\" rel=\"Greenpeace-AktivistInnen aus acht L\u00e4ndern protestierten gemeinsam gegen die geplanten \u00d6lbohrungen vor der norwegischen B\u00e4reninsel.~^\u00a9 Greenpeace~^\/switzerland\/ReSizes\/ImageGalleryLarge\/Global\/switzerland\/photos\/arktis\/barentsee slideshow\/AktivistInnen.jpg~^420205\"><br \/>\n                                <img decoding=\"async\" id=\"ctl00_cphContentArea_epiEntryContent_ctl00_ctl02_ctl00_repImages_ctl02_thumbImg\" title=\"Die Crew der Esperanza\" src=\"https:\/\/www.greenpeace.ch\/static\/planet4-switzerland-stateless\/2019\/05\/b086329a-b086329a-aktivistinnen.jpg\" alt=\"Die Crew der Esperanza\" style=\"border-width:0px;\"><br \/>\n                            <\/a>\n                        <\/li>\n<li>\n                            <a title=\"Naturschutzgebiet gleich nebenan\" href=\"\/switzerland\/de\/News_Stories\/Multimedia\/Fotos\/Barentsee\/Naturschutzgebiet-gleich-nebenan\/\" rel=\"Greenpeace hatte beim norwegischen Umweltministerium eine Beschwerde gegen die Bohrungen eingereicht, unter anderem wegen der N\u00e4he des Bohrprojekts zum Naturschutzgebiet. Die Beschwerde wurde wieder abgewiesen.~^\u00a9 Greenpeace~^\/switzerland\/ReSizes\/ImageGalleryLarge\/Global\/switzerland\/photos\/arktis\/barentsee slideshow\/Stop Arctic Oil.jpg~^420206\"><br \/>\n                                <img decoding=\"async\" id=\"ctl00_cphContentArea_epiEntryContent_ctl00_ctl02_ctl00_repImages_ctl03_thumbImg\" title=\"Naturschutzgebiet gleich nebenan\" src=\"https:\/\/www.greenpeace.ch\/static\/planet4-switzerland-stateless\/2019\/05\/99edc0e7-99edc0e7-stop-arctic-oil.jpg\" alt=\"Naturschutzgebiet gleich nebenan\" style=\"border-width:0px;\"><br \/>\n                            <\/a>\n                        <\/li>\n<li>\n                            <a title=\"Action at Statoil Rig in the Barents Sea\" href=\"\/switzerland\/de\/News_Stories\/Multimedia\/Fotos\/Barentsee\/Action-at-Statoil-Rig-in-the-Barents-Sea\/\" rel=\"Action at Statoil Rig in the Barents Sea~^\u00a9 Greenpeace~^\/switzerland\/ReSizes\/ImageGalleryLarge\/Global\/switzerland\/photos\/arktis\/barentsee slideshow\/GP0STOEJ6_layout.jpg~^420207\"><br \/>\n                                <img decoding=\"async\" id=\"ctl00_cphContentArea_epiEntryContent_ctl00_ctl02_ctl00_repImages_ctl04_thumbImg\" title=\"Action at Statoil Rig in the Barents Sea\" src=\"https:\/\/www.greenpeace.ch\/static\/planet4-switzerland-stateless\/2019\/05\/3f510d92-3f510d92-gp0stoej6_layout.jpg\" alt=\"Action at Statoil Rig in the Barents Sea\" style=\"border-width:0px;\"><br \/>\n                            <\/a>\n                        <\/li>\n<li>\n                            <a title=\"R\u00e4umung\" href=\"\/switzerland\/de\/News_Stories\/Multimedia\/Fotos\/Barentsee\/Raeumung\/\" rel=\"Die Polizei r\u00e4umte die Aktivisten am fr\u00fchen Donnerstagmorgen von der Plattform, darunter auch die Aktivistin Sini Saarela aus Finnland.~^Greenpeace~^\/switzerland\/ReSizes\/ImageGalleryLarge\/Global\/switzerland\/photos\/arktis\/barentsee slideshow\/GP0STOEKQ.jpg~^420208\"><br \/>\n                                <img decoding=\"async\" id=\"ctl00_cphContentArea_epiEntryContent_ctl00_ctl02_ctl00_repImages_ctl05_thumbImg\" title=\"R\u00e4umung\" src=\"https:\/\/www.greenpeace.ch\/static\/planet4-switzerland-stateless\/2019\/05\/c7866046-c7866046-gp0stoekq.jpg\" alt=\"R\u00e4umung\" style=\"border-width:0px;\"><br \/>\n                            <\/a>\n                        <\/li>\n<li>\n                            <a title=\"Abgeschleppt.\" href=\"\/switzerland\/de\/News_Stories\/Multimedia\/Fotos\/Barentsee\/Abgeschleppt\/\" rel=\"30. Mai: Die Esperanza wurde von Einsatzkr\u00e4ften der K\u00fcstenwache besetzt und anschlie\u00dfend von der Bohrstelle gezogen.~^\u00a9 Greenpeace~^\/switzerland\/ReSizes\/ImageGalleryLarge\/Global\/switzerland\/photos\/arktis\/barentsee slideshow\/Ku\u0308stenwache.jpg~^420209\"><br \/>\n                                <img decoding=\"async\" id=\"ctl00_cphContentArea_epiEntryContent_ctl00_ctl02_ctl00_repImages_ctl06_thumbImg\" title=\"Abgeschleppt.\" src=\"https:\/\/www.greenpeace.ch\/static\/planet4-switzerland-stateless\/2019\/05\/6a8478aa-6a8478aa-ku\u0308stenwache.jpg\" alt=\"Abgeschleppt.\" style=\"border-width:0px;\"><br \/>\n                            <\/a>\n                        <\/li>\n<li>\n                            <a title=\"120.000 Unterschriften\" href=\"\/switzerland\/de\/News_Stories\/Multimedia\/Fotos\/Barentsee\/120000-Unterschriften\/\" rel=\"Greenpeace-AktivistInnen \u00fcberreichen dem norwegischen Umweltministerium in Oslo 120.000 Unterschriften f\u00fcr den Schutz der B\u00e4reninsel.~^~^\/switzerland\/ReSizes\/ImageGalleryLarge\/Global\/switzerland\/photos\/arktis\/barentsee slideshow\/GP0STOEOQ.jpg~^420210\"><br \/>\n                                <img decoding=\"async\" id=\"ctl00_cphContentArea_epiEntryContent_ctl00_ctl02_ctl00_repImages_ctl07_thumbImg\" title=\"120.000 Unterschriften\" src=\"https:\/\/www.greenpeace.ch\/static\/planet4-switzerland-stateless\/2019\/05\/697c77ab-697c77ab-gp0stoeoq.jpg\" alt=\"120.000 Unterschriften\" style=\"border-width:0px;\"><br \/>\n                            <\/a>\n                        <\/li>\n<li>\n                            <a title=\" Wiedersehen in Troms\u00f8\" href=\"\/switzerland\/de\/News_Stories\/Multimedia\/Fotos\/Barentsee\/-Wiedersehen-in-Tromso\/\" rel=\"Nach der Protestaktion l\u00e4uft die MV Esperanza am 2. Juni Troms\u00f8 an. Lokale Greenpeace-Gruppen und AktivistInnen, die das Schiff wenige Tage zuvor verlassen mussten, begr\u00fcssen die Crew.~^Greenpeace~^\/switzerland\/ReSizes\/ImageGalleryLarge\/Global\/switzerland\/photos\/arktis\/barentsee slideshow\/GP0STOEVA.jpg~^420211\"><br \/>\n                                <img decoding=\"async\" id=\"ctl00_cphContentArea_epiEntryContent_ctl00_ctl02_ctl00_repImages_ctl08_thumbImg\" title=\" Wiedersehen in Troms\u00f8\" src=\"https:\/\/www.greenpeace.ch\/static\/planet4-switzerland-stateless\/2019\/05\/5e2a4762-5e2a4762-gp0stoeva.jpg\" alt=\" Wiedersehen in Troms\u00f8\" style=\"border-width:0px;\"><br \/>\n                            <\/a>\n                        <\/li>\n<li>\n                            <a title=\"Bedrohte Idylle\" href=\"\/switzerland\/de\/News_Stories\/Multimedia\/Fotos\/Barentsee\/Bedrohte-Idylle\/\" rel=\"Die von Statoil vorgesehene Bohrstelle befindet sich weniger als 200 Kilometer s\u00fcdlich vom Naturschutzgebiet B\u00e4reninsel. Ausgelaufenes \u00d6l k\u00f6nnte die Insel nach wenigen Tagen erreichen.~^\u00a9 Greenpeace~^\/switzerland\/ReSizes\/ImageGalleryLarge\/Global\/switzerland\/photos\/arktis\/barentsee slideshow\/Naturschutzgebiet.jpg~^420212\"><br \/>\n                                <img decoding=\"async\" id=\"ctl00_cphContentArea_epiEntryContent_ctl00_ctl02_ctl00_repImages_ctl09_thumbImg\" title=\"Bedrohte Idylle\" src=\"https:\/\/www.greenpeace.ch\/static\/planet4-switzerland-stateless\/2019\/05\/ada973db-ada973db-naturschutzgebiet.jpg\" alt=\"Bedrohte Idylle\" style=\"border-width:0px;\"><br \/>\n                            <\/a>\n                        <\/li>\n<li>\n                            <a title=\"Kein \u00d6l\" href=\"\/switzerland\/de\/News_Stories\/Multimedia\/Fotos\/Barentsee\/Kein-oel\/\" rel=\"Schlussendlich verk\u00fcndete Statoil, dass ihr Vorhaben \u00d6l in  in den arktischen Gew\u00e4ssern der Barentssee zu finden, scheiterte. Doch die Gef\u00e4hrdung welche Statoil f\u00fcr die B\u00e4reninsel und den Rest der Arktis darstellt, bleibt realer denn je. Statoil plant in dieser Gegend zwei weitere m\u00f6gliche Quellen anzubohren~^\u00a9 Greenpeace~^https:\/\/www.greenpeace.ch\/static\/planet4-switzerland-stateless\/2019\/05\/3f65b987-3f65b987-gp0stoeee.jpg~^421195\"><br \/>\n                                <img decoding=\"async\" id=\"ctl00_cphContentArea_epiEntryContent_ctl00_ctl02_ctl00_repImages_ctl10_thumbImg\" title=\"Kein \u00d6l\" src=\"https:\/\/www.greenpeace.ch\/static\/planet4-switzerland-stateless\/2019\/05\/3f65b987-3f65b987-gp0stoeee.jpg\" alt=\"Kein \u00d6l\" style=\"border-width:0px;\"><br \/>\n                            <\/a>\n                        <\/li>\n<\/ul>\n<\/div>\n<\/div>\n<\/div>\n<div class=\"text\">\n<p class=\"description\">\n<p class=\"copyright\">\n<\/div>\n<\/div>\n<p>\u00a0<\/p>\n<p>\u00abAuch wenn sich die Apollo-Quelle als trocken herausstellte, die Gef\u00e4hrdung welche Statoil f\u00fcr die B\u00e4reninsel und den Rest der Arktis darstellt, bleibt realer denn je. Statoil plant in dieser Gegend zwei weitere m\u00f6gliche Quellen anzubohren, also werden wir weiterhin alle zur Verf\u00fcgung stehenden friedlichen Optionen ausspielen, um die Bohrungen, welche eine Bedrohung f\u00fcr die Arktissche Biodiversit\u00e4t und das Weltklima darstellen, zu stoppen\u00bb, sagte Erlend Tellnes, Arctic Campaignerin bei Greenpeace Nordic.<\/p>\n<p>Statoil\u2019s n\u00f6rdlichste Bohrstelle in der umstrittenen Hoop-Gegend in der Barentssee wurde viel Aufmerksamkeit geschenkt, als Greenpeace Ende Mai als erstes die Bohrinsel und sp\u00e4ter die exakte Stelle, an der Statoil bohren wollte, f\u00fcr 90 Stunden aus Protest gegen \u00d6lbohrungen in der Arktis, besetzte. Mehr als 135&#8217;000 Menschen forderten Norwegens Minister f\u00fcr Klima und Umwelt dazu auf, das nahegelegene Naturreservat der B\u00e4reninsel zu sch\u00fctzen und gleichzeitig Statoils\u00a0 \u00d6lf\u00f6rderungspl\u00e4ne zu stoppen.\u00a0<\/p>\n<p>Statoil besitzt Lizenzen, um zwei weitere \u00d6lquellen, \u00abAtlantis\u00bb und \u00abMercury\u00bb in der selben Gegend, zu f\u00f6rdern<em>. <\/em>Ihre \u00d6lplattform \u00abTransocean Spitsbergen\u00bb befindet sich momentan auf dem Weg zur Quelle \u00abAtlantis\u00bb. Greenpeace hat eine Beschwerde gegen dieses Vorhaben eingereicht und somit ist es Statoil nicht erlaubt, mit dem Bohren zu beginnen, ehe die Beschwerde bearbeitet und eine Entscheidung getroffen wurde.<\/p>\n<p>\u00abDer Minister f\u00fcr Klima und Umwelt bekommt eine weitere Chance die riskanten \u00d6lbohrungspl\u00e4ne zu verhindern. Wir wissen, dass eine \u00d6lkatastrophe in dieser Gegend eine immense Bedrohung f\u00fcr das Naturschutzgebiet auf der B\u00e4reninsel und seine Flora und Fauna darstellt. Ich hoffe Tine Sundtoft wird den mehr als 135&#8217;000 Menschen Beachtung schenken, die ihn darum bitten, die B\u00e4reninsel zu sch\u00fctzen und diese Bohrungen zu stoppen,\u00bb sagt Erlend Tellnes.<\/p>\n<p>\u00abStatoils r\u00fccksichtsloser Vorstoss in die Arktis hat ein riesiges Gefahrenpotential, besonders wenn die unvermeidliche \u00d6lkatastrophe in der N\u00e4he der Eisgrenze eintrifft. Nachdem Statoil Millionen von Dollarn investiert hat, um in einer ausgetrockeneten \u00d6lquelle nach \u00d6l zu bohren, l\u00f6sen sich Statoils Arktispl\u00e4ne zusehends auf und die Investoren m\u00fcssten ziemlich besorgt sein .\u00bb<\/p>\n<p>\u00abStatoils \u00d6lbohrungspl\u00e4ne in der Hoop-Gegend der Barentssee sind Teil von Statoils\u00a0 Rennen um die Arktis und machen Statoil damit zum aggressivsten Unternehmen in Arktischen Gew\u00e4ssern. Statoil ist der einzige Konzern in Norwegen, der \u00fcber Bohrlizenzen f\u00fcr Gegenden in der Arktis verf\u00fcgt, die extremen Bedingungen ausgesetzt sind oder gar in arktischen, eisigen Gew\u00e4ssern liegen. Solange Statoil weiterhin diese r\u00fccksichtslose und aggressive Strategie in der Arktis verfolgt, werden wir alles in unser Macht stehende tun, um sie zu stoppen.\u00bb<\/p>\n<p>Mach mit und unterst\u00fctze die Bewegung zum Schutz der Arktis.<strong><strong><\/p>\n<p> <a title=\"Unterschreibe die Arktis Petition!\" href=\"http:\/\/savethearctic.org\/\" target=\"_blank\" rel=\"noopener noreferrer\"><img loading=\"lazy\" decoding=\"async\" title=\"Unterschreibe die Arktispetition!\" src=\"https:\/\/www.greenpeace.ch\/wp-content\/uploads\/2017\/01\/Zur-Petition-Button.jpg\" alt=\"\" width=\"272\" height=\"70\"><\/a><\/p>\n<p><\/strong><\/strong><\/p>\n<address>\u00a0<\/address>\n<\/div>\n<\/div>\n","protected":false},"excerpt":{"rendered":"<p>Statoil hat verk\u00fcndet, dass ihr Vorhaben, \u00d6l in der kontroversen Apollo-Quelle in den arktischen Gew\u00e4ssern der Barentssee zu finden, gescheitert ist. Statoil hat verk\u00fcndet, dass ihr Vorhaben, \u00d6l in der&hellip;<\/p>\n","protected":false},"author":23,"featured_media":11238,"comment_status":"closed","ping_status":"open","sticky":false,"template":"","format":"standard","meta":{"_acf_changed":false,"_planet4_optimize_post_is_variant":false,"_planet4_optimize_experiment_name":"","_planet4_optimize_variant_name":"","ep_exclude_from_search":false,"p4_og_title":"","p4_og_description":"","p4_og_image":"","p4_og_image_id":"","p4_seo_canonical_url":"","p4_campaign_name":"","p4_local_project":"","p4_basket_name":"","p4_department":"","footnotes":""},"categories":[1],"tags":[41],"p4-page-type":[75],"gpch-article-type":[],"class_list":["post-11236","post","type-post","status-publish","format-standard","has-post-thumbnail","hentry","category-unkategorisiert","tag-meer","p4-page-type-story"],"acf":[],"_links":{"self":[{"href":"https:\/\/www.greenpeace.ch\/de\/wp-json\/wp\/v2\/posts\/11236","targetHints":{"allow":["GET"]}}],"collection":[{"href":"https:\/\/www.greenpeace.ch\/de\/wp-json\/wp\/v2\/posts"}],"about":[{"href":"https:\/\/www.greenpeace.ch\/de\/wp-json\/wp\/v2\/types\/post"}],"author":[{"embeddable":true,"href":"https:\/\/www.greenpeace.ch\/de\/wp-json\/wp\/v2\/users\/23"}],"replies":[{"embeddable":true,"href":"https:\/\/www.greenpeace.ch\/de\/wp-json\/wp\/v2\/comments?post=11236"}],"version-history":[{"count":0,"href":"https:\/\/www.greenpeace.ch\/de\/wp-json\/wp\/v2\/posts\/11236\/revisions"}],"wp:featuredmedia":[{"embeddable":true,"href":"https:\/\/www.greenpeace.ch\/de\/wp-json\/wp\/v2\/media\/11238"}],"wp:attachment":[{"href":"https:\/\/www.greenpeace.ch\/de\/wp-json\/wp\/v2\/media?parent=11236"}],"wp:term":[{"taxonomy":"category","embeddable":true,"href":"https:\/\/www.greenpeace.ch\/de\/wp-json\/wp\/v2\/categories?post=11236"},{"taxonomy":"post_tag","embeddable":true,"href":"https:\/\/www.greenpeace.ch\/de\/wp-json\/wp\/v2\/tags?post=11236"},{"taxonomy":"p4-page-type","embeddable":true,"href":"https:\/\/www.greenpeace.ch\/de\/wp-json\/wp\/v2\/p4-page-type?post=11236"},{"taxonomy":"gpch-article-type","embeddable":true,"href":"https:\/\/www.greenpeace.ch\/de\/wp-json\/wp\/v2\/gpch-article-type?post=11236"}],"curies":[{"name":"wp","href":"https:\/\/api.w.org\/{rel}","templated":true}]}}