{"id":112529,"date":"2024-08-28T17:01:03","date_gmt":"2024-08-28T15:01:03","guid":{"rendered":"https:\/\/www.greenpeace.ch\/?p=112529"},"modified":"2024-08-29T09:14:47","modified_gmt":"2024-08-29T07:14:47","slug":"atomkraft-keine-zukunft","status":"publish","type":"post","link":"https:\/\/www.greenpeace.ch\/de\/medienmitteilung\/112529\/atomkraft-keine-zukunft\/","title":{"rendered":"Der Bundesrat ist auf dem Holzweg: Atomkraft hat keine Zukunft!"},"content":{"rendered":"\n<p><strong>Der Bundesrat hat sich f\u00fcr einen indirekten Gegenvorschlag zur Atominitiative ausgesprochen. Die Volksinitiative wurde im Februar 2024 eingereicht. Damit macht Albert R\u00f6sti die T\u00fcr f\u00fcr neue Atomkraftwerke weit auf. Der Entscheid tr\u00e4gt nichts dazu bei, die unabh\u00e4ngige Energieversorgung der Schweiz sicherzustellen, eine Energieversorgung, die mit den Klimazielen des Pariser Abkommens im Einklang steht. Zudem widerspricht er dem Volkswillen.<\/strong><\/p>\n\n<p><em>Kommentar von Nathan Solothurnmann, Experte f\u00fcr Energiefragen bei Greenpeace Schweiz, zur bundesr\u00e4tlichen Ank\u00fcndigung des indirekten Gegenvorschlags zur Pro-Atom-Initiative:<\/em><\/p>\n\n<p>\u00abAtomkraft hat keine Zukunft. Der Bau eines neuen AKW kommt zu sp\u00e4t, um unsere CO2-Emissionen wirksam zu reduzieren. AKW machen uns von Drittl\u00e4ndern abh\u00e4ngig. Zudem versch\u00e4rft ein neues AKW das ungel\u00f6ste Problem der langfristigen Lagerung radioaktiver Abf\u00e4lle.&nbsp;<\/p>\n\n<p>Der Bau eines neuen AKW ist zu teuer. Die Preise f\u00fcr Solarenergie sinken, w\u00e4hrend <a href=\"https:\/\/www.greenpeace.ch\/static\/planet4-switzerland-stateless\/2024\/08\/a1a3ac62-gp_factsheet_atomkraft-hat-keine-zukunft_de_klein.pdf\">die Baukosten f\u00fcr die neuesten europ\u00e4ischen AKWs<\/a> drei- bis sechsmal h\u00f6her sind als geplant. AKW m\u00fcssen massiv subventioniert werden. Es droht die Gefahr, dass die Bev\u00f6lkerung zur Kasse gebeten wird.<\/p>\n\n<p>Anstatt Zeit und Geld f\u00fcr Atomkraft zu verschwenden, sollte Bundesrat Albert R\u00f6sti den Volkswillen respektieren. Die Abstimmungen \u00fcber den Atomausstieg 2017 und \u00fcber das Stromgesetz 2024 haben gezeigt: Die Bev\u00f6lkerung will rasch auf erneuerbare und effiziente Energien umsteigen \u2013 zum Schutz des Klimas und unserer Unabh\u00e4ngigkeit.\u00bb<\/p>\n\n<h3 class=\"wp-block-heading\"><strong>Kontakte<\/strong><\/h3>\n\n<ul class=\"wp-block-list\">\n<li><strong>Nathan Solothurnmann<\/strong>, Experte f\u00fcr Energiefragen bei Greenpeace Schweiz, +41 76 514 90 48, <a href=\"mailto:nathan.solothurnmann@greenpeace.org\">nathan.solothurnmann@greenpeace.org<\/a>\u00a0\u00a0<\/li>\n\n\n\n<li><strong>Medienstelle Greenpeace Schweiz<\/strong>, +41 44 447 41 11, <a href=\"mailto:pressestelle.ch@greenpeace.org\">pressestelle.ch@greenpeace.org<\/a>\u00a0<\/li>\n<\/ul>\n","protected":false},"excerpt":{"rendered":"<p>Bundesrat Albert R\u00f6sti hat die T\u00fcr f\u00fcr neue Atomkraftwerke weit aufgemacht. Das widerspricht dem Volkswillen und tr\u00e4gt nichts zu einer unabh\u00e4ngigen Energieversorgung bei, die mit den Klimazielen des Pariser Abkommens im Einklang steht.<\/p>\n","protected":false},"author":37,"featured_media":112530,"comment_status":"closed","ping_status":"open","sticky":false,"template":"","format":"standard","meta":{"_acf_changed":false,"_planet4_optimize_post_is_variant":false,"_planet4_optimize_experiment_name":"","_planet4_optimize_variant_name":"","ep_exclude_from_search":false,"p4_og_title":"","p4_og_description":"","p4_og_image":"https:\/\/www.greenpeace.ch\/static\/planet4-switzerland-stateless\/2024\/08\/3d23316a-gp01tec_medium-res-with-credit-line-1200px.jpg","p4_og_image_id":"112530","p4_seo_canonical_url":"","p4_campaign_name":"","p4_local_project":"","p4_basket_name":"","p4_department":"","footnotes":""},"categories":[1],"tags":[42,50],"p4-page-type":[71],"gpch-article-type":[],"class_list":["post-112529","post","type-post","status-publish","format-standard","has-post-thumbnail","hentry","category-unkategorisiert","tag-energie","tag-klima","p4-page-type-medienmitteilung"],"acf":[],"_links":{"self":[{"href":"https:\/\/www.greenpeace.ch\/de\/wp-json\/wp\/v2\/posts\/112529","targetHints":{"allow":["GET"]}}],"collection":[{"href":"https:\/\/www.greenpeace.ch\/de\/wp-json\/wp\/v2\/posts"}],"about":[{"href":"https:\/\/www.greenpeace.ch\/de\/wp-json\/wp\/v2\/types\/post"}],"author":[{"embeddable":true,"href":"https:\/\/www.greenpeace.ch\/de\/wp-json\/wp\/v2\/users\/37"}],"replies":[{"embeddable":true,"href":"https:\/\/www.greenpeace.ch\/de\/wp-json\/wp\/v2\/comments?post=112529"}],"version-history":[{"count":6,"href":"https:\/\/www.greenpeace.ch\/de\/wp-json\/wp\/v2\/posts\/112529\/revisions"}],"predecessor-version":[{"id":112576,"href":"https:\/\/www.greenpeace.ch\/de\/wp-json\/wp\/v2\/posts\/112529\/revisions\/112576"}],"wp:featuredmedia":[{"embeddable":true,"href":"https:\/\/www.greenpeace.ch\/de\/wp-json\/wp\/v2\/media\/112530"}],"wp:attachment":[{"href":"https:\/\/www.greenpeace.ch\/de\/wp-json\/wp\/v2\/media?parent=112529"}],"wp:term":[{"taxonomy":"category","embeddable":true,"href":"https:\/\/www.greenpeace.ch\/de\/wp-json\/wp\/v2\/categories?post=112529"},{"taxonomy":"post_tag","embeddable":true,"href":"https:\/\/www.greenpeace.ch\/de\/wp-json\/wp\/v2\/tags?post=112529"},{"taxonomy":"p4-page-type","embeddable":true,"href":"https:\/\/www.greenpeace.ch\/de\/wp-json\/wp\/v2\/p4-page-type?post=112529"},{"taxonomy":"gpch-article-type","embeddable":true,"href":"https:\/\/www.greenpeace.ch\/de\/wp-json\/wp\/v2\/gpch-article-type?post=112529"}],"curies":[{"name":"wp","href":"https:\/\/api.w.org\/{rel}","templated":true}]}}