{"id":113645,"date":"2024-10-21T09:49:04","date_gmt":"2024-10-21T07:49:04","guid":{"rendered":"https:\/\/www.greenpeace.ch\/?p=113645"},"modified":"2024-10-21T16:58:39","modified_gmt":"2024-10-21T14:58:39","slug":"abstimmungen-am-24-november-ausbau-der-autobahnen-nein","status":"publish","type":"post","link":"https:\/\/www.greenpeace.ch\/de\/story\/113645\/abstimmungen-am-24-november-ausbau-der-autobahnen-nein\/","title":{"rendered":"Abstimmungen am 24. November: Ausbau der Autobahnen? NEIN!\u00a0"},"content":{"rendered":"\n<p><strong>Greenpeace Schweiz setzt sich f\u00fcr eine Verkehrspolitik ein, die mit dem Schutz unseres Klimas, unserer Gesundheit und unseres Wohlstands vereinbar ist. Darum sind wir Teil einer Allianz aus 29 Organisationen, Verb\u00e4nden und Parteien, die sich gegen die sechs Autobahnprojekte in der Vorlage von Bundesrat Albert R\u00f6sti wehrt. Hier sind die wichtigsten Argumente f\u00fcr ein NEIN am 24. November.&nbsp;<\/strong><\/p>\n\n<ul class=\"wp-block-list\">\n<li><strong>In der Schweiz ist der Reifenabrieb hauptverantwortlich f\u00fcr Mikroplastik, das in unsere Umwelt gelangt.<\/strong> Der Reifenabrieb enth\u00e4lt zu einem grossen Teil giftige Zusatzstoffe. Ihre Verbreitung in der Luft und im Regenwasser ist potenziell sch\u00e4dlich f\u00fcr die Gesundheit von uns Menschen, f\u00fcr Tiere und die Umwelt. Diese Feinstaubpartikel sind Teil des Cocktails, den wir t\u00e4glich einatmen und zu uns nehmen. Nur wenn wir den motorisierten Verkehr reduzieren, kann diese Verschmutzung verringert werden. Ein Ausbau und Bau von Strassen versch\u00e4rfen das Problem.<\/li>\n<\/ul>\n\n<ul class=\"wp-block-list\">\n<li><strong>Mehr Strassen bedeuten mehr Autos.<\/strong> Seit dem Ende des Zweiten Weltkriegs haben viele Expert:innen nachgewiesen, dass der Bau neuer oder erweiterter Strassen einen sogenannten Rebound-Effekt ausl\u00f6st, der zu einer h\u00f6heren Anzahl an Autos f\u00fchrt. Die Theorie wurde weltweit mehrfach best\u00e4tigt. Diese besagte Entwicklung wird auch von den Bundesbeh\u00f6rden antizipiert. Unter den sechs Autobahnausbauten, die im Projekt enthalten sind, ist unter anderem vorgesehen, die A1 in der Region Nyon auf sechs Spuren auszubauen. Ein Bericht des Bundesamts f\u00fcr Strassen (ASTRA) zu diesem Projekt erkennt eine Zunahme des Verkehrs in diesem Gebiet an. \u00abBis zum Jahr 2040 reicht die geplante Infrastruktur nicht mehr aus, um die Verkehrsnachfrage aufzunehmen\u00bb, heisst es darin. Die St\u00e4dte Genf und Nyon lehnen das Projekt ab.&nbsp;<\/li>\n<\/ul>\n\n<ul class=\"wp-block-list\">\n<li><strong>In der Schweiz ist der Verkehr<\/strong> <strong>(der internationale Flugverkehr nicht mitgerechnet) f\u00fcr rund einen Drittel der in der Schweiz verursachten Emissionen verantwortlich.<\/strong> Davon gehen mehr als zwei Drittel auf das Konto von Privatautos. Der Ausbau von Autobahnen erh\u00f6ht unseren CO2-Ausstoss und die Verantwortung der Schweiz f\u00fcr Klimakatastrophen wie D\u00fcrren, Hungersn\u00f6te, Waldbr\u00e4nde und \u00dcberschwemmungen. Unsere Verkehrspolitik muss mit dem Klimaschutz vereinbar werden und eine Reduktion der Treibhausgasemissionen unterst\u00fctzen. Mehr als 5 Milliarden Franken f\u00fcr den Ausbau von Autobahnen auszugeben, ist angesichts der Klimakrise eine extravagante Fehlinvestition.&nbsp;<\/li>\n<\/ul>\n\n<ul class=\"wp-block-list\">\n<li>Zu den Emissionen des motorisierten Verkehrs kommen die Emissionen aus der Herstellung von Fahrzeugen und der Gewinnung von Rohstoffen hinzu. Die Schweizer:innen sind Liebhaber:innen von stark motorisierten und schweren Fahrzeugen, was unsere Klimaauswirkungen noch verschlimmert. <strong>Die Schweiz hat sich verpflichtet, die Ziele des Pariser Klimaabkommens einzuhalten. Es ist unm\u00f6glich, dies ohne eine Verringerung des Verkehrs zu erreichen. <\/strong>Eine geringere Anzahl an Fahrzeugen ist auch der Weg, um Staus einzud\u00e4mmen. Um dies zu erreichen, m\u00fcssen \u00f6ffentliche Gelder eingesetzt werden, um die Entstehung einer fairen, sparsamen und umweltfreundlichen Mobilit\u00e4t zu f\u00f6rdern, die sich auf \u00f6ffentliche Verkehrsmittel, sanfte Mobilit\u00e4t und leichte, langlebige Fahrzeuge st\u00fctzt. Ausserdem sollten Nutzungen gef\u00f6rdert werden, die das Reisen verringern, wie Homeoffice, die Lieferung von Eink\u00e4ufen sowie flexible Arbeitszeiten. Es gibt also zahlreiche L\u00f6sungen, die es zu erforschen gilt, um die \u00dcberlastung unserer Strassen zu verringern. Sie k\u00f6nnen verhindern, dass Milliarden \u00f6ffentlicher Gelder, landwirtschaftliche Fl\u00e4chen, W\u00e4lder oder Wohnh\u00e4user unn\u00f6tig geopfert werden, um Autobahnen zu vergr\u00f6ssern. &nbsp;<\/li>\n<\/ul>\n\n<p>Weitere Argumente f\u00fcr ein NEIN zum Referendum sind auf der <a href=\"https:\/\/www.autobahnausbau-nein.ch\/\">Website des Referendumskomitees<\/a> zu finden.<\/p>\n\t\t\t<section\n\t\t\tclass=\"boxout  \"\n\t\t\t\n\t\t>\n\t\t\t<a\n\t\t\t\tdata-ga-category=\"Take Action Boxout\"\n\t\t\t\tdata-ga-action=\"Image\"\n\t\t\t\tdata-ga-label=\"n\/a\"\n\t\t\t\tclass=\"cover-card-overlay\"\n\t\t\t\thref=\"https:\/\/www.autobahnausbau-nein.ch\/material-bestellen\" \n\t\t\t><\/a>\n\t\t\t\t\t\t\t<img\n\t\t\t\t\t\tsrc=\"https:\/\/www.greenpeace.ch\/static\/planet4-switzerland-stateless\/2024\/10\/83a50adb-bildschirmfoto-2024-10-21-um-16.56.38-1024x696.png\"\n\t\t\t\t\t\tsrcset=\"https:\/\/www.greenpeace.ch\/static\/planet4-switzerland-stateless\/2024\/10\/83a50adb-bildschirmfoto-2024-10-21-um-16.56.38-300x204.png 300w, https:\/\/www.greenpeace.ch\/static\/planet4-switzerland-stateless\/2024\/10\/83a50adb-bildschirmfoto-2024-10-21-um-16.56.38-1024x696.png 1024w, https:\/\/www.greenpeace.ch\/static\/planet4-switzerland-stateless\/2024\/10\/83a50adb-bildschirmfoto-2024-10-21-um-16.56.38-768x522.png 768w, https:\/\/www.greenpeace.ch\/static\/planet4-switzerland-stateless\/2024\/10\/83a50adb-bildschirmfoto-2024-10-21-um-16.56.38-500x340.png 500w, https:\/\/www.greenpeace.ch\/static\/planet4-switzerland-stateless\/2024\/10\/83a50adb-bildschirmfoto-2024-10-21-um-16.56.38.png 1104w\"\n\t\t\t\t\t\tsizes=\"(min-width: 1000px) 358px, (min-width: 780px) 313px, 88px\"\n\t\t\t\t\t\talt=\"\" title=\"\"\n\t\t\t\t\/>\n            \t\t\t<div class=\"boxout-content\">\n\t\t\t\t\t\t\t\t\t<a\n\t\t\t\t\t\tclass=\"boxout-heading medium\"\n\t\t\t\t\t\tdata-ga-category=\"Take Action Boxout\"\n\t\t\t\t\t\tdata-ga-action=\"Title\"\n\t\t\t\t\t\tdata-ga-label=\"n\/a\"\n\t\t\t\t\t\thref=\"https:\/\/www.autobahnausbau-nein.ch\/material-bestellen\"\n\t\t\t\t\t\t\n\t\t\t\t\t>\n\t\t\t\t\t\tBestelle gratis Material\n\t\t\t\t\t<\/a>\n\t\t\t\t\t\t\t\t\t\t\t\t\t<p class=\"boxout-excerpt\">Zeig dein Engagement gegen den masslosen Autobahnausbau. Bestelle gratis Kampagnenmaterial.<\/p>\n\t\t\t\t                                    <a\n                        class=\"btn btn-primary\"\n                        data-ga-category=\"Take Action Boxout\"\n                        data-ga-action=\"Call to Action\"\n                        data-ga-label=\"n\/a\"\n                        href=\"https:\/\/www.autobahnausbau-nein.ch\/material-bestellen\"\n                        \n                    >\n                        Jetzt bestellen\n                    <\/a>\n                \t\t\t<\/div>\n\t\t\t\t\t<\/section>\n\t\n<h3 class=\"wp-block-heading\"><strong>Stimmen wir am 24. November NEIN zu den extremen Autobahnprojekten!<\/strong><\/h3>\n","protected":false},"excerpt":{"rendered":"<p>Greenpeace ist Teil einer Allianz, die sich gegen die sechs Autobahnprojekte in der Vorlage von Bundesrat Albert R\u00f6sti wehrt. Hier sind die wichtigsten Argumente f\u00fcr ein NEIN am 24. November.\u00a0<\/p>\n","protected":false},"author":48,"featured_media":113641,"comment_status":"closed","ping_status":"open","sticky":false,"template":"","format":"standard","meta":{"_acf_changed":false,"_planet4_optimize_post_is_variant":false,"_planet4_optimize_experiment_name":"","_planet4_optimize_variant_name":"","ep_exclude_from_search":false,"p4_og_title":"","p4_og_description":"","p4_og_image":"","p4_og_image_id":"","p4_seo_canonical_url":"","p4_campaign_name":"","p4_local_project":"","p4_basket_name":"","p4_department":"","footnotes":""},"categories":[1],"tags":[50],"p4-page-type":[75],"gpch-article-type":[],"class_list":["post-113645","post","type-post","status-publish","format-standard","has-post-thumbnail","hentry","category-unkategorisiert","tag-klima","p4-page-type-story"],"acf":[],"_links":{"self":[{"href":"https:\/\/www.greenpeace.ch\/de\/wp-json\/wp\/v2\/posts\/113645","targetHints":{"allow":["GET"]}}],"collection":[{"href":"https:\/\/www.greenpeace.ch\/de\/wp-json\/wp\/v2\/posts"}],"about":[{"href":"https:\/\/www.greenpeace.ch\/de\/wp-json\/wp\/v2\/types\/post"}],"author":[{"embeddable":true,"href":"https:\/\/www.greenpeace.ch\/de\/wp-json\/wp\/v2\/users\/48"}],"replies":[{"embeddable":true,"href":"https:\/\/www.greenpeace.ch\/de\/wp-json\/wp\/v2\/comments?post=113645"}],"version-history":[{"count":6,"href":"https:\/\/www.greenpeace.ch\/de\/wp-json\/wp\/v2\/posts\/113645\/revisions"}],"predecessor-version":[{"id":113723,"href":"https:\/\/www.greenpeace.ch\/de\/wp-json\/wp\/v2\/posts\/113645\/revisions\/113723"}],"wp:featuredmedia":[{"embeddable":true,"href":"https:\/\/www.greenpeace.ch\/de\/wp-json\/wp\/v2\/media\/113641"}],"wp:attachment":[{"href":"https:\/\/www.greenpeace.ch\/de\/wp-json\/wp\/v2\/media?parent=113645"}],"wp:term":[{"taxonomy":"category","embeddable":true,"href":"https:\/\/www.greenpeace.ch\/de\/wp-json\/wp\/v2\/categories?post=113645"},{"taxonomy":"post_tag","embeddable":true,"href":"https:\/\/www.greenpeace.ch\/de\/wp-json\/wp\/v2\/tags?post=113645"},{"taxonomy":"p4-page-type","embeddable":true,"href":"https:\/\/www.greenpeace.ch\/de\/wp-json\/wp\/v2\/p4-page-type?post=113645"},{"taxonomy":"gpch-article-type","embeddable":true,"href":"https:\/\/www.greenpeace.ch\/de\/wp-json\/wp\/v2\/gpch-article-type?post=113645"}],"curies":[{"name":"wp","href":"https:\/\/api.w.org\/{rel}","templated":true}]}}