{"id":114300,"date":"2024-11-11T15:06:23","date_gmt":"2024-11-11T14:06:23","guid":{"rendered":"https:\/\/www.greenpeace.ch\/?p=114300"},"modified":"2024-11-11T15:19:51","modified_gmt":"2024-11-11T14:19:51","slug":"cop29-ein-kurzer-ueberblick-zum-weltklimagipfel","status":"publish","type":"post","link":"https:\/\/www.greenpeace.ch\/de\/story\/114300\/cop29-ein-kurzer-ueberblick-zum-weltklimagipfel\/","title":{"rendered":"COP29: Ein kurzer \u00dcberblick zum Weltklimagipfel"},"content":{"rendered":"\n<p><strong>W\u00e4hrend die Erde Monat f\u00fcr Monat einen Temperaturrekord nach dem anderen aufstellt und wir uns immer mehr der im Pariser Abkommen festgelegten Temperaturgrenze n\u00e4hern, treffen sich die Staats- und Regierungschefs der Welt von Montag, dem 11. November, bis Freitag, dem 22. November 2024, zu den 29. j\u00e4hrlichen Klimaschutzverhandlungen.<\/strong> <strong>Die Konferenz findet in Baku, Aserbaidschan, statt, einem Land, das zu den gr\u00f6ssten \u00d6l- und Gasproduzenten der Welt geh\u00f6rt.<\/strong><strong><br><\/strong><\/p>\n\n<h2 class=\"wp-block-heading\">Was ist die COP29?<\/h2>\n\n<p>Die j\u00e4hrliche Konferenz der Vereinten Nationen zum Klimawandel, die sogenannte \u00abCOP\u00bb (Abk\u00fcrzung f\u00fcr Conference of the Parties), findet seit 1995 jedes Jahr in einer anderen Stadt statt. Minister:innen und Staatschefs von Regierungen aus aller Welt nehmen daran teil, ebenso wie Vertreter:innen der Zivilgesellschaft (NGOs, Unternehmen, kirchliche Gruppen, Wissenschaftler) und andere Gruppen von Akteuren wie indigene V\u00f6lker und lokale Gemeinschaften.&nbsp;<\/p>\n\n<p>Greenpeace ist jedes Jahr vor Ort, beobachtet die Verhandlungen und sorgt daf\u00fcr, dass die Teilnehmer:innen wissenschaftliche Erkenntnisse und die Stimmen der Zivilgesellschaft h\u00f6ren.<\/p>\n\n<p>Auch wenn das eigentliche Ziel die globale Zusammenarbeit im Kampf gegen die Erderw\u00e4rmung ist, konzentriert sich jede COP auf unterschiedliche Fragen und Umsetzungsaufgaben \u2013 das Gastgeberland gibt den Ton und die Richtung vor. Die COP29 wird als \u00abFinanz-COP\u00bb bezeichnet, da erwartet wird, dass eine Einigung \u00fcber ein neues kollektives quantitatives Ziel zur Klimafinanzierung (New Collective Quantitative Goal on Climate Financing, NCQG) erreicht wird. Dieses Ziel soll die Finanzierung des Kampfes gegen den Klimawandel sicherstellen.<\/p>\n\n<p>Die COP28, die letztes Jahr in Dubai stattfand, h\u00e4lt mit fast 100\u2019000 Delegierten und \u00fcber 150 Staatsoberh\u00e4uptern den Titel der gr\u00f6ssten Teilnehmer:innenzahl. Nach zwei Wochen intensiver Verhandlungen anerkannte das Abschlussabkommen die dringende Notwendigkeit einer Abkehr von fossilen Brennstoffen. Es bleibt jedoch noch viel zu tun, um das Zeitalter der Kohle, des \u00d6ls und des Gases zu beenden.<\/p>\n\n<h2 class=\"wp-block-heading\">Warum ist die COP 29 wichtig?<\/h2>\n\n<p>Im letzten Jahr hat die Welt eine Versch\u00e4rfung der Auswirkungen der Klimakrise erlebt, von Hurrikans \u00fcber Hitzewellen bis hin zu D\u00fcrren und \u00dcberschwemmungen. Extreme Wetterereignisse verw\u00fcsten Gemeinden, H\u00e4user und Lebensgrundlagen. Noch nie war ein koordiniertes, globales Vorgehen so dringend erforderlich.<\/p>\n\n<p>An der COP28 wurde das allererste globale Inventar \u00fcber den Fortschritt einzelner L\u00e4nder bez\u00fcglich Klimaschutz vorgestellt. Es zeigt, dass die globalen Treibhausgasemissionen bis 2030 um etwa 43 Prozent und bis 2035 um 60 Prozent gesenkt werden m\u00fcssen, um noch eine Chance zu haben, die globale Erw\u00e4rmung in einem ertr\u00e4glichen Rahmen zu halten.&nbsp;<\/p>\n\n<p>Wir hinken bei unseren Bem\u00fchungen, die globale Erw\u00e4rmung auf 1,5 Grad zu begrenzen, weit hinterher. Dies wird durch einen k\u00fcrzlich ver\u00f6ffentlichten<a href=\"https:\/\/www.greenpeace.org\/international\/press-release\/70832\/time-to-act-unep-paints-bleak-climate-picture-without-rapid-emissions-cut\"> UNEP-Bericht <\/a>\u00fcber die L\u00fccke zwischen Bedarf und Aussichten bei der Emissionsreduzierung deutlich. Auch die <a href=\"https:\/\/www.greenpeace.org\/international\/press-release\/70514\/greenpeace-comment-international-energy-agency-world-energy-outlook-2024\">Zahlen der Internationalen Energieagentur<\/a> best\u00e4tigen die Kluft. Wir erwarten deshalb, dass auf der COP29 konkrete und ehrgeizige Massnahmen ergriffen werden.<\/p>\n\n<h2 class=\"wp-block-heading\">Unsere Forderungen f\u00fcr die COP29:<\/h2>\n\n<ul class=\"wp-block-list\">\n<li>Das neue kollektive quantitative Ziel f\u00fcr die Klimafinanzierung, das NCQG, muss sicherstellen, dass die \u00f6ffentlichen Mittel f\u00fcr Entwicklungsl\u00e4nder deutlich erh\u00f6ht werden. Mit diesem Ziel muss <a href=\"https:\/\/www.greenpeace.org\/international\/story\/67702\/time-make-polluters-pay\/?_gl=1*116503q*_up*MQ..*_ga*MTE2NTA0MzEyMi4xNzMwNzM3MjA2*_ga_94MRTN8HG4*MTczMDczNzIwNi4xLjAuMTczMDczNzIyOC4wLjAuMTE0OTA5NzA0OQ..*_ga_0CCB1GTVV6*MTczMDczNzIwNi4xLjEuMTczMDczNzIyOC4wLjAuMA..*_ga_99CSX66YC1*MTczMDczNzIwNi4xLjEuMTczMDczNzIyOC4wLjAuMA..\">das Verursacherprinzip<\/a> klar integriert und in den Mittelpunkt ger\u00fcckt werden.<\/li>\n\n\n\n<li>Die COP29 muss die an der COP28 beschlossene Abkehr von fossilen Brennstoffen konkretisieren. Die Klimaaktionspl\u00e4ne der L\u00e4nder f\u00fcr 2030 und 2035, die sogenannten National Determined Contributions (NDCs), m\u00fcssen Pl\u00e4ne und Strategien f\u00fcr den schrittweisen Ausstieg aus fossilen Brennstoffen enthalten, um den globalen Temperaturanstieg auf 1,5 Grad zu begrenzen.<\/li>\n\n\n\n<li>Die Delegationen m\u00fcssen sich auf <a href=\"https:\/\/www.greenpeace.org\/international\/story\/50689\/carbon-offsets-net-zero-greenwashing-scam\/\">Ausgleichsmechanismen<\/a> einigen, die tats\u00e4chlich den Schutz und die Wiederherstellung kohlenstoffreicher \u00d6kosysteme erm\u00f6glichen.<\/li>\n<\/ul>\n\n<blockquote class=\"instagram-media\" data-instgrm-permalink=\"https:\/\/www.instagram.com\/p\/DCOoRbSoYo7\/?utm_source=ig_embed&amp;utm_campaign=loading\" data-instgrm-version=\"14\" style=\" background:#FFF; border:0; border-radius:3px; box-shadow:0 0 1px 0 rgba(0,0,0,0.5),0 1px 10px 0 rgba(0,0,0,0.15); margin: 1px; max-width:540px; min-width:326px; padding:0; width:99.375%; width:-webkit-calc(100% - 2px); width:calc(100% - 2px);\"><div style=\"padding:16px;\"> <a href=\"https:\/\/www.instagram.com\/p\/DCOoRbSoYo7\/?utm_source=ig_embed&amp;utm_campaign=loading\" style=\" background:#FFFFFF; line-height:0; padding:0 0; text-align:center; text-decoration:none; width:100%;\" target=\"_blank\" rel=\"noopener\"> <div style=\" display: flex; flex-direction: row; align-items: center;\"> <div style=\"background-color: #F4F4F4; border-radius: 50%; flex-grow: 0; height: 40px; margin-right: 14px; width: 40px;\"><\/div> <div style=\"display: flex; flex-direction: column; flex-grow: 1; justify-content: center;\"> <div style=\" background-color: #F4F4F4; border-radius: 4px; flex-grow: 0; height: 14px; margin-bottom: 6px; width: 100px;\"><\/div> <div style=\" background-color: #F4F4F4; border-radius: 4px; flex-grow: 0; height: 14px; width: 60px;\"><\/div><\/div><\/div><div style=\"padding: 19% 0;\"><\/div> <div style=\"display:block; height:50px; margin:0 auto 12px; width:50px;\"><svg width=\"50px\" height=\"50px\" viewBox=\"0 0 60 60\" version=\"1.1\" xmlns=\"https:\/\/www.w3.org\/2000\/svg\" xmlns:xlink=\"https:\/\/www.w3.org\/1999\/xlink\"><g stroke=\"none\" stroke-width=\"1\" fill=\"none\" fill-rule=\"evenodd\"><g transform=\"translate(-511.000000, -20.000000)\" fill=\"#000000\"><g><path d=\"M556.869,30.41 C554.814,30.41 553.148,32.076 553.148,34.131 C553.148,36.186 554.814,37.852 556.869,37.852 C558.924,37.852 560.59,36.186 560.59,34.131 C560.59,32.076 558.924,30.41 556.869,30.41 M541,60.657 C535.114,60.657 530.342,55.887 530.342,50 C530.342,44.114 535.114,39.342 541,39.342 C546.887,39.342 551.658,44.114 551.658,50 C551.658,55.887 546.887,60.657 541,60.657 M541,33.886 C532.1,33.886 524.886,41.1 524.886,50 C524.886,58.899 532.1,66.113 541,66.113 C549.9,66.113 557.115,58.899 557.115,50 C557.115,41.1 549.9,33.886 541,33.886 M565.378,62.101 C565.244,65.022 564.756,66.606 564.346,67.663 C563.803,69.06 563.154,70.057 562.106,71.106 C561.058,72.155 560.06,72.803 558.662,73.347 C557.607,73.757 556.021,74.244 553.102,74.378 C549.944,74.521 548.997,74.552 541,74.552 C533.003,74.552 532.056,74.521 528.898,74.378 C525.979,74.244 524.393,73.757 523.338,73.347 C521.94,72.803 520.942,72.155 519.894,71.106 C518.846,70.057 518.197,69.06 517.654,67.663 C517.244,66.606 516.755,65.022 516.623,62.101 C516.479,58.943 516.448,57.996 516.448,50 C516.448,42.003 516.479,41.056 516.623,37.899 C516.755,34.978 517.244,33.391 517.654,32.338 C518.197,30.938 518.846,29.942 519.894,28.894 C520.942,27.846 521.94,27.196 523.338,26.654 C524.393,26.244 525.979,25.756 528.898,25.623 C532.057,25.479 533.004,25.448 541,25.448 C548.997,25.448 549.943,25.479 553.102,25.623 C556.021,25.756 557.607,26.244 558.662,26.654 C560.06,27.196 561.058,27.846 562.106,28.894 C563.154,29.942 563.803,30.938 564.346,32.338 C564.756,33.391 565.244,34.978 565.378,37.899 C565.522,41.056 565.552,42.003 565.552,50 C565.552,57.996 565.522,58.943 565.378,62.101 M570.82,37.631 C570.674,34.438 570.167,32.258 569.425,30.349 C568.659,28.377 567.633,26.702 565.965,25.035 C564.297,23.368 562.623,22.342 560.652,21.575 C558.743,20.834 556.562,20.326 553.369,20.18 C550.169,20.033 549.148,20 541,20 C532.853,20 531.831,20.033 528.631,20.18 C525.438,20.326 523.257,20.834 521.349,21.575 C519.376,22.342 517.703,23.368 516.035,25.035 C514.368,26.702 513.342,28.377 512.574,30.349 C511.834,32.258 511.326,34.438 511.181,37.631 C511.035,40.831 511,41.851 511,50 C511,58.147 511.035,59.17 511.181,62.369 C511.326,65.562 511.834,67.743 512.574,69.651 C513.342,71.625 514.368,73.296 516.035,74.965 C517.703,76.634 519.376,77.658 521.349,78.425 C523.257,79.167 525.438,79.673 528.631,79.82 C531.831,79.965 532.853,80.001 541,80.001 C549.148,80.001 550.169,79.965 553.369,79.82 C556.562,79.673 558.743,79.167 560.652,78.425 C562.623,77.658 564.297,76.634 565.965,74.965 C567.633,73.296 568.659,71.625 569.425,69.651 C570.167,67.743 570.674,65.562 570.82,62.369 C570.966,59.17 571,58.147 571,50 C571,41.851 570.966,40.831 570.82,37.631\"><\/path><\/g><\/g><\/g><\/svg><\/div><div style=\"padding-top: 8px;\"> <div style=\" color:#3897f0; font-family:Arial,sans-serif; font-size:14px; font-style:normal; font-weight:550; line-height:18px;\">Sieh dir diesen Beitrag auf Instagram an<\/div><\/div><div style=\"padding: 12.5% 0;\"><\/div> <div style=\"display: flex; flex-direction: row; margin-bottom: 14px; align-items: center;\"><div> <div style=\"background-color: #F4F4F4; border-radius: 50%; height: 12.5px; width: 12.5px; transform: translateX(0px) translateY(7px);\"><\/div> <div style=\"background-color: #F4F4F4; height: 12.5px; transform: rotate(-45deg) translateX(3px) translateY(1px); width: 12.5px; flex-grow: 0; margin-right: 14px; margin-left: 2px;\"><\/div> <div style=\"background-color: #F4F4F4; border-radius: 50%; height: 12.5px; width: 12.5px; transform: translateX(9px) translateY(-18px);\"><\/div><\/div><div style=\"margin-left: 8px;\"> <div style=\" background-color: #F4F4F4; border-radius: 50%; flex-grow: 0; height: 20px; width: 20px;\"><\/div> <div style=\" width: 0; height: 0; border-top: 2px solid transparent; border-left: 6px solid #f4f4f4; border-bottom: 2px solid transparent; transform: translateX(16px) translateY(-4px) rotate(30deg)\"><\/div><\/div><div style=\"margin-left: auto;\"> <div style=\" width: 0px; border-top: 8px solid #F4F4F4; border-right: 8px solid transparent; transform: translateY(16px);\"><\/div> <div style=\" background-color: #F4F4F4; flex-grow: 0; height: 12px; width: 16px; transform: translateY(-4px);\"><\/div> <div style=\" width: 0; height: 0; border-top: 8px solid #F4F4F4; border-left: 8px solid transparent; transform: translateY(-4px) translateX(8px);\"><\/div><\/div><\/div> <div style=\"display: flex; flex-direction: column; flex-grow: 1; justify-content: center; margin-bottom: 24px;\"> <div style=\" background-color: #F4F4F4; border-radius: 4px; flex-grow: 0; height: 14px; margin-bottom: 6px; width: 224px;\"><\/div> <div style=\" background-color: #F4F4F4; border-radius: 4px; flex-grow: 0; height: 14px; width: 144px;\"><\/div><\/div><\/a><p style=\" color:#c9c8cd; font-family:Arial,sans-serif; font-size:14px; line-height:17px; margin-bottom:0; margin-top:8px; overflow:hidden; padding:8px 0 7px; text-align:center; text-overflow:ellipsis; white-space:nowrap;\"><a href=\"https:\/\/www.instagram.com\/p\/DCOoRbSoYo7\/?utm_source=ig_embed&amp;utm_campaign=loading\" style=\" color:#c9c8cd; font-family:Arial,sans-serif; font-size:14px; font-style:normal; font-weight:normal; line-height:17px; text-decoration:none;\" target=\"_blank\" rel=\"noopener\">Ein Beitrag geteilt von Greenpeace Switzerland (@greenpeace_switzerland)<\/a><\/p><\/div><\/blockquote>\n<script async src=\"\/\/www.instagram.com\/embed.js\"><\/script>\n\n<style>\n.instagram-media {\n  max-width: 450px !important;\n  margin: 0 auto !important;\n}\n#gdpr-comments-label,\n#commentform .btn {\n  color: #000;\n}\n<\/style>\n\n<figure class=\"wp-block-table\"><table class=\"has-fixed-layout\"><tbody><tr><td><strong>Die Schweiz kann nicht weitermachen wie bisher<\/strong><br><br>Angesichts der <a href=\"http:\/\/url8849.greenpeace.ch\/ls\/click?upn=u001.4fy19utFy0oiar-2BsiBr50YugvZI5G5FYeBxF4Z5ilMe7WTI1gzZZfXNRgWsHGwxq6eLIAoMBUr2KRyhrZnj02erF4zkUtu6-2FUZ78L-2FOE9O34WiMyappTEt6O1W-2FgSueSFBlh0Q9Ma5yUNFjj6hikwQ-3D-3DggCU_Qn1Vz3DaVCPuB55npwrvbVrSCi-2FZtplTFtUK9YY2geGKAauQlE6tglHL6LXHJ-2BmaGYyOk1uUfeOgxAi9o7hLTzQ1z1ByYYt5c-2FzTNVZoDx8XOS0opg7LRJtjTgj8WW0Fb-2Fz4-2Bw6hQr1EdgDmNaTv-2FCSeks-2BHMOwndcs0IQ8lek3k2O6J27BPOtx9t6-2B8BGILCoQZTUf2haQegT7L91qsjRGl3yDu-2B6LBfDfPa4gnwecnjVcmOqEkXc5TET8ewXhFlKMfHoHvxohy9L-2FbW4i00Kfrh6vfOVUFL8933q9BUVxDDJqSf99dLsp9mu1JuNZEOpIpSk5bzRwaU3-2FzSHsTG-2BhqnFWVA6aGxtZj23ZQKP-2BODEDMGbGOw4-2BudTcOxbGUFyB8uXjpSM-2BvPgT9QrGIETjYemQ5PFMk37sIxfNb8FEP8fDjUfyRkNZQcgJBs6meDiRqMqFsZZKrOIhQLctc4tftEwxR8qPhukXfGOhYOvxouG71-2Fy7TFNrRpnrnfSFLb-2Fc5JtpRfnOay6twiwkSy4va4aDEf3Vuhx0YURMeSQRf3mQs-2FhzLm5R45bpdGQMh1kDxLOa2xE-2FL25b6PJKPO-2FC0XNRqL0vg06shGfwgGlCVKLC-2B1mEIXf7U-2BSRgToWzEkF9ZCZk0Fv3nNDGEzVxy5yVkzsKeWE3u-2B-2FfVz5BD9v0eVwP1Aj2t8nKh050LXjWRIeRhAWilO7so7poQZxrfVI5VjOrjtQ9ymaIKD0j8XDm3FdkuBhhr90NAijGFnrQSMHoSsHeIFMGaHsZHJPR5TfAEa25Fm5-2BH8fK7etR3X2enKU8XGl2bfxPIgDw9ion1ZR84bBMwsAlNJf5PY5p0ELkGyYe5-2F45dpIYCiXXvwXWelGxHBE1Mf0JkOp3em8YgGgQUlQI-2FGNTGS144LV1qFEq6JrOSwNeTvTBiWwew7g-3D\">Reaktion des Bundes auf das Urteil des EGMR<\/a>, verh\u00e4lt sich die Schweiz so, als h\u00e4tte sie das international anerkannte Ziel, die globale Erw\u00e4rmung auf 1,5 Grad zu begrenzen, einfach aufgegeben. Der Bund muss mit dem normalen Lauf der Dinge brechen und seine Klimastrategie neu ausrichten.\u00a0<br><br>Die weltweit einzuhaltende Schwelle f\u00fcr Kohlenstoffemissionen, das sogenannte CO2-Budget, muss gerecht zwischen den einzelnen Staaten aufgeteilt werden. Bei dieser Verteilung z\u00e4hlt die Bev\u00f6lkerungsgr\u00f6sse ebenso wie die Wirtschaftskraft und die Menge des bereits ausgestossenen CO2. Die Schweiz ignoriert bislang diese Faktoren und beabsichtigt, sich einen unrechtm\u00e4ssig hohen Anteil am CO2-Budget zu nehmen.\u00a0<br><br>Die Ziele zur Reduzierung der nationalen CO2-Emissionen bis 2030 sind bei weitem nicht ausreichend, insbesondere im Vergleich zu \u00e4hnlichen L\u00e4ndern wie D\u00e4nemark, Deutschland oder Finnland. Schlimmer noch: Die Emissionen, die durch den Konsum (Importg\u00fcter) und das von Finanzinstituten verwaltete Kapital im Ausland verursacht werden, bleiben in den Schweizer Pl\u00e4nen vollst\u00e4ndig unber\u00fccksichtigt. <br><br>Die Schweiz muss ihr Ziel zur Reduzierung der nationalen Emissionen \u00fcberarbeiten und die Finanzierung des Klimaschutzes in anderen L\u00e4ndern massiv ausbauen \u2013 und zwar ohne sich das anzurechnen.<\/td><\/tr><\/tbody><\/table><\/figure>\n","protected":false},"excerpt":{"rendered":"<p>W\u00e4hrend die Erde Monat f\u00fcr Monat einen Temperaturrekord nach dem anderen aufstellt, treffen sich die Staats- und Regierungschefs zur j\u00e4hrlichen COP.<\/p>\n","protected":false},"author":48,"featured_media":114312,"comment_status":"closed","ping_status":"open","sticky":false,"template":"","format":"standard","meta":{"_acf_changed":false,"_planet4_optimize_post_is_variant":false,"_planet4_optimize_experiment_name":"","_planet4_optimize_variant_name":"","ep_exclude_from_search":false,"p4_og_title":"","p4_og_description":"","p4_og_image":"","p4_og_image_id":"","p4_seo_canonical_url":"","p4_campaign_name":"","p4_local_project":"","p4_basket_name":"","p4_department":"","footnotes":""},"categories":[1],"tags":[34,50],"p4-page-type":[75],"gpch-article-type":[],"class_list":["post-114300","post","type-post","status-publish","format-standard","has-post-thumbnail","hentry","category-unkategorisiert","tag-klimagerechtigkeit","tag-klima","p4-page-type-story"],"acf":[],"_links":{"self":[{"href":"https:\/\/www.greenpeace.ch\/de\/wp-json\/wp\/v2\/posts\/114300","targetHints":{"allow":["GET"]}}],"collection":[{"href":"https:\/\/www.greenpeace.ch\/de\/wp-json\/wp\/v2\/posts"}],"about":[{"href":"https:\/\/www.greenpeace.ch\/de\/wp-json\/wp\/v2\/types\/post"}],"author":[{"embeddable":true,"href":"https:\/\/www.greenpeace.ch\/de\/wp-json\/wp\/v2\/users\/48"}],"replies":[{"embeddable":true,"href":"https:\/\/www.greenpeace.ch\/de\/wp-json\/wp\/v2\/comments?post=114300"}],"version-history":[{"count":4,"href":"https:\/\/www.greenpeace.ch\/de\/wp-json\/wp\/v2\/posts\/114300\/revisions"}],"predecessor-version":[{"id":114309,"href":"https:\/\/www.greenpeace.ch\/de\/wp-json\/wp\/v2\/posts\/114300\/revisions\/114309"}],"wp:featuredmedia":[{"embeddable":true,"href":"https:\/\/www.greenpeace.ch\/de\/wp-json\/wp\/v2\/media\/114312"}],"wp:attachment":[{"href":"https:\/\/www.greenpeace.ch\/de\/wp-json\/wp\/v2\/media?parent=114300"}],"wp:term":[{"taxonomy":"category","embeddable":true,"href":"https:\/\/www.greenpeace.ch\/de\/wp-json\/wp\/v2\/categories?post=114300"},{"taxonomy":"post_tag","embeddable":true,"href":"https:\/\/www.greenpeace.ch\/de\/wp-json\/wp\/v2\/tags?post=114300"},{"taxonomy":"p4-page-type","embeddable":true,"href":"https:\/\/www.greenpeace.ch\/de\/wp-json\/wp\/v2\/p4-page-type?post=114300"},{"taxonomy":"gpch-article-type","embeddable":true,"href":"https:\/\/www.greenpeace.ch\/de\/wp-json\/wp\/v2\/gpch-article-type?post=114300"}],"curies":[{"name":"wp","href":"https:\/\/api.w.org\/{rel}","templated":true}]}}