{"id":11439,"date":"2014-04-03T00:00:00","date_gmt":"2014-04-02T22:00:00","guid":{"rendered":"https:\/\/master.greenpeace.ch\/beitrag\/11439\/die-stoeranfaelligkeit-des-akw-beznau-steigt-mit-dem-alter\/"},"modified":"2022-02-28T14:07:28","modified_gmt":"2022-02-28T13:07:28","slug":"die-stoeranfaelligkeit-des-akw-beznau-steigt-mit-dem-alter","status":"publish","type":"post","link":"https:\/\/www.greenpeace.ch\/de\/story\/11439\/die-stoeranfaelligkeit-des-akw-beznau-steigt-mit-dem-alter\/","title":{"rendered":"Die St\u00f6ranf\u00e4lligkeit des AKW Beznau steigt mit dem Alter"},"content":{"rendered":"<p><b>In einem k\u00fcrzlich erschienenen Artikel weist die SonntagsZeitung auf die alterungsbedingte St\u00f6ranf\u00e4lligkeit der Atomkraftwerke hin. In Belgien wurden letzte Woche zwei Reaktoren (Doel 3 und Tihange 2) vorl\u00e4ufig abgeschaltet, weil sie einen Sicherheitstest nicht \u00fcberstanden haben. Eine neue Greenpeace-Analyse der St\u00f6rf\u00e4lle in Beznau zeigt, dass auch in der Schweiz die Alterungsproblematik untersch\u00e4tzt wird.<\/b><\/p>\n<div class=\"post-content\">\n<div>\n<p><strong>In einem k\u00fcrzlich erschienenen Artikel weist die SonntagsZeitung auf die alterungsbedingte St\u00f6ranf\u00e4lligkeit der Atomkraftwerke hin. <a href=\"http:\/\/www.greenpeace.de\/themen\/belgische-alt-akw-wieder-vom-netz\" target=\"_blank\" rel=\"noopener noreferrer\">In Belgien wurden letzte Woche zwei Reaktoren (Doel 3 und Tihange 2)<\/a><\/strong><strong><a href=\"http:\/\/www.greenpeace.de\/themen\/belgische-alt-akw-wieder-vom-netz\" target=\"_blank\" rel=\"noopener noreferrer\"> vorl\u00e4ufig abgeschaltet<\/a>, weil sie einen Sicherheitstest nicht \u00fcberstanden haben. Eine neue Greenpeace-Analyse der St\u00f6rf\u00e4lle in Beznau zeigt, dass auch in der Schweiz die Alterungsproblematik untersch\u00e4tzt wird.<\/strong><\/p>\n<div class=\"events-box big-box left\">\n<div class=\"frame reset-padding\"><a class=\"open-img EnlargeImage\" title=\"\" href=\"https:\/\/www.greenpeace.ch\/static\/planet4-switzerland-stateless\/2019\/05\/751f22ea-751f22ea-zeitbombe1.jpg\"><br \/>\n<img decoding=\"async\" id=\"ctl00_cphContentArea_epiEntryContent_ctl00_ctl02_Image1\" class=\"Thumbnail\" style=\"border-width: 0px;\" src=\"https:\/\/www.greenpeace.ch\/static\/planet4-switzerland-stateless\/2019\/05\/751f22ea-751f22ea-zeitbombe1.jpg\" alt=\"\" \/><\/a><\/p>\n<\/div>\n<div class=\"hidden\">\n<\/div>\n<\/div>\n<p>Atomexperte Stefan F\u00fcglister hat im Auftrag von Greenpeace Schweiz die St\u00f6rf\u00e4lle und Betriebsabweichungen der letzten zehn Jahre untersucht und klassifiziert. Fazit: Von den 71 aufgezeichneten Vorkommnissen stehen \u00fcber 50% im Zusammenhang mit dem Alter der Anlage. Dazu geh\u00f6ren Verschleisserscheinungen, aber auch die technologische Veralterung und M\u00e4ngel beim Bau. Ein weiteres Viertel ist auf menschliche Fehlleistungen zur\u00fcckzuf\u00fchren.<\/p>\n<p>F\u00fcr den Atomcampaigner von Greenpeace Schweiz Florian Kasser ist klar: \u00abUnsere alten Anlagen stellen eine grosse Gefahr f\u00fcr die Bev\u00f6lkerung dar. Gefordert ist das eidgen\u00f6ssische Parlament: Es muss eine Laufzeitbeschr\u00e4nkung von 40 Jahren beschliessen, wie das in Belgien f\u00fcr die meisten Reaktoren der Fall ist\u00bb.\u00a0 Die sofortige Abschaltung der Altreaktoren war auch die Forderung der Aktivistinnen und Aktivisten, die in den letzten Wochen in Beznau (Schweiz), Tihange (Belgien), Bugey und Fessenheim (Frankreich), Oskarshamns (Schweden), Garo\u00f1a (Spanien) und Borssele (Niederlande) mit \u00abThe End\u00bb-Bannern protestiert haben.<\/p>\n<p><strong>Nur die Spitze des Eisbergs<\/strong><\/p>\n<p>Das AKW Beznau ist mit 45 Jahren die \u00e4lteste Anlage der Welt und sollte auch laut dem ehemaligen Leiter der deutschen Aufsichtsbeh\u00f6rde, Dieter Majer, sofort abgeschaltet werden, weil es erhebliche Sicherheitsdefizite wie Korrosionserscheinungen aufweist. Zudem sind die meldepflichtigen Vorkommnisse, die Stefan F\u00fcglister untersucht hat, nur die Spitze des Eisbergs.<\/p>\n<p>\u00abAltersbedingte Ver\u00e4nderungen sind oft nicht sichtbar und Voraussagen \u00fcber den Zeitpunkt des Versagens deshalb kaum m\u00f6glich\u00bb, schreibt Majer in seiner <a href=\"http:\/\/www.greenpeace.org\/switzerland\/de\/Publikationen\/Reports-Atom\/Risiko-Altreaktoren-Schweiz\/\" target=\"_blank\" rel=\"noopener noreferrer\">Studie \u201eRisiko Altreaktoren Schweiz\u201c<\/a>. Sch\u00e4den w\u00fcrden meist zuf\u00e4llig oder nach einem Schadensereignis entdeckt und zuverl\u00e4ssige Aussagen \u00fcber das stark beanspruchte Material des Reaktordruckbeh\u00e4lters k\u00f6nnten nicht gemacht werden. Anders gesagt: Der Betrieb einer alten Anlagen ist ein Blindflug bei dem man nicht weiss, wie er endet.<\/p>\n<\/div>\n<\/div>\n","protected":false},"excerpt":{"rendered":"<p>In einem k\u00fcrzlich erschienenen Artikel weist die SonntagsZeitung auf die alterungsbedingte St\u00f6ranf\u00e4lligkeit der Atomkraftwerke hin. In Belgien wurden letzte Woche zwei Reaktoren (Doel 3 und Tihange 2) vorl\u00e4ufig abgeschaltet, weil&hellip;<\/p>\n","protected":false},"author":23,"featured_media":11441,"comment_status":"closed","ping_status":"open","sticky":false,"template":"","format":"standard","meta":{"_acf_changed":false,"_planet4_optimize_post_is_variant":false,"_planet4_optimize_experiment_name":"","_planet4_optimize_variant_name":"","ep_exclude_from_search":false,"p4_og_title":"","p4_og_description":"","p4_og_image":"","p4_og_image_id":"","p4_seo_canonical_url":"","p4_campaign_name":"not set","p4_local_project":"not set","p4_basket_name":"not set","p4_department":"","footnotes":""},"categories":[1],"tags":[42],"p4-page-type":[75],"gpch-article-type":[],"class_list":["post-11439","post","type-post","status-publish","format-standard","has-post-thumbnail","hentry","category-unkategorisiert","tag-energie","p4-page-type-story"],"acf":[],"_links":{"self":[{"href":"https:\/\/www.greenpeace.ch\/de\/wp-json\/wp\/v2\/posts\/11439","targetHints":{"allow":["GET"]}}],"collection":[{"href":"https:\/\/www.greenpeace.ch\/de\/wp-json\/wp\/v2\/posts"}],"about":[{"href":"https:\/\/www.greenpeace.ch\/de\/wp-json\/wp\/v2\/types\/post"}],"author":[{"embeddable":true,"href":"https:\/\/www.greenpeace.ch\/de\/wp-json\/wp\/v2\/users\/23"}],"replies":[{"embeddable":true,"href":"https:\/\/www.greenpeace.ch\/de\/wp-json\/wp\/v2\/comments?post=11439"}],"version-history":[{"count":0,"href":"https:\/\/www.greenpeace.ch\/de\/wp-json\/wp\/v2\/posts\/11439\/revisions"}],"wp:featuredmedia":[{"embeddable":true,"href":"https:\/\/www.greenpeace.ch\/de\/wp-json\/wp\/v2\/media\/11441"}],"wp:attachment":[{"href":"https:\/\/www.greenpeace.ch\/de\/wp-json\/wp\/v2\/media?parent=11439"}],"wp:term":[{"taxonomy":"category","embeddable":true,"href":"https:\/\/www.greenpeace.ch\/de\/wp-json\/wp\/v2\/categories?post=11439"},{"taxonomy":"post_tag","embeddable":true,"href":"https:\/\/www.greenpeace.ch\/de\/wp-json\/wp\/v2\/tags?post=11439"},{"taxonomy":"p4-page-type","embeddable":true,"href":"https:\/\/www.greenpeace.ch\/de\/wp-json\/wp\/v2\/p4-page-type?post=11439"},{"taxonomy":"gpch-article-type","embeddable":true,"href":"https:\/\/www.greenpeace.ch\/de\/wp-json\/wp\/v2\/gpch-article-type?post=11439"}],"curies":[{"name":"wp","href":"https:\/\/api.w.org\/{rel}","templated":true}]}}