{"id":115294,"date":"2024-12-02T14:21:02","date_gmt":"2024-12-02T13:21:02","guid":{"rendered":"https:\/\/www.greenpeace.ch\/?p=115294"},"modified":"2024-12-02T14:21:06","modified_gmt":"2024-12-02T13:21:06","slug":"klimawandel-die-schweiz-wird-sich-nicht-mehr-lange-vor-der-verantwortung-druecken-koennen","status":"publish","type":"post","link":"https:\/\/www.greenpeace.ch\/de\/medienmitteilung\/115294\/klimawandel-die-schweiz-wird-sich-nicht-mehr-lange-vor-der-verantwortung-druecken-koennen\/","title":{"rendered":"Klimawandel: Die Schweiz wird sich nicht mehr lange vor der Verantwortung dr\u00fccken k\u00f6nnen"},"content":{"rendered":"\n<p><strong>Der Internationale Gerichtshof (IGH) befasst sich mit den Verpflichtungen von Staaten im Kampf gegen den Klimawandel. Ab heute finden in Den Haag \u00f6ffentliche Anh\u00f6rungen dazu statt. Es ist zu erwarten, dass der IGH ein \u00e4hnlich wegweisendes Signal aussenden wird, wie es der Europ\u00e4ische Gerichtshof f\u00fcr Menschenrechte (EGMR) mit dem KlimaSeniorinnen-Urteil getan hat.\u00a0<\/strong><\/p>\n\n<p>Staaten sind verpflichtet, ihre B\u00fcrger:innen vor den gravierenden Folgen der Klimaerhitzung zu sch\u00fctzen, daf\u00fcr muss die globale Erderw\u00e4rmung auf 1.5\u00b0C begrenzt werden. So urteilte der Europ\u00e4ische Gerichtshof f\u00fcr Menschenrechte (EGMR) im Fall der KlimaSeniorinnen Schweiz.&nbsp;<\/p>\n\n<p>Zu einem \u00e4hnlichen Schluss k\u00f6nnte auch der Internationale Gerichtshof (IGH) kommen. Ab heute f\u00fchrt der IGH \u00f6ffentliche Anh\u00f6rungen durch. Sie dauern bis zum 13. Dezember. Die Frage: Was sind die Verpflichtungen und Verantwortlichkeiten von Staaten im Zusammenhang mit dem Klimawandel? <a href=\"https:\/\/www.icj-cij.org\/sites\/default\/files\/case-related\/187\/187-20241108-pre-01-00-en.pdf\" target=\"_blank\" rel=\"noreferrer noopener\">98 Staaten und 12 internationale Organisationen<\/a> nehmen an den Anh\u00f6rungen teil.\u00a0<\/p>\n\n<p>Die Schweiz spricht am <a href=\"https:\/\/journal.un.org\/en\/the-hague\/icjannouncements\/2024-11-27\" target=\"_blank\" rel=\"noreferrer noopener\">Mittwoch, 11. Dezember<\/a>. Im Gegensatz zu anderen L\u00e4ndern machte sie ihre <a href=\"https:\/\/www.greenpeace.ch\/static\/planet4-switzerland-stateless\/2024\/11\/20240318-obligations-states-respect-climate-change-statement-CH_EN.pdf\" target=\"_blank\" rel=\"noreferrer noopener\">Erkl\u00e4rung<\/a> bereits im M\u00e4rz \u00f6ffentlich. Auch Greenpeace International hat eine Stellungnahme eingereicht. Die Umweltorganisation zitiert unter anderem betroffene KlimaSeniorinnen. Ziel des Gerichtshofs ist es, ein Gutachten (Advisory Opinion) zum Thema zu erstellen. Als Vorbereitung haben sich IGH-Vertreter:innen <a href=\"https:\/\/www.icj-cij.org\/sites\/default\/files\/case-related\/187\/187-20241126-pre-01-00-en.pdf\" target=\"_blank\" rel=\"noreferrer noopener\">mit Autor:innen vergangener und aktueller IPCC-Berichten getroffen<\/a>.\u00a0<\/p>\n\n<p><strong>Georg Klingler, Klima- und Energieexperte bei Greenpeace Schweiz,<\/strong> sagt: \u00abDie Schweiz wird sich nicht mehr lange vor der Verantwortung dr\u00fccken k\u00f6nnen. Das Gutachten des Internationalen Gerichtshofs verspricht Klarheit \u00fcber die v\u00f6lkerrechtlichen Verpflichtungen von Staaten, die Menschen vor den Auswirkungen des Klimawandels zu sch\u00fctzen. Noch wehren sich Bundesrat und Parlament mit H\u00e4nden und F\u00fcssen, das KlimaSeniorinnen-Urteil umzusetzen und diskreditieren den Europ\u00e4ischen Gerichtshof f\u00fcr Menschenrechte EMGR. Die kollektive Verursachung der globalen Klimakrise entbindet keinen Staat von der Pflicht, seinen fairen Anteil zur Probleml\u00f6sung beizutragen. Vielmehr muss jedes Land anhand der geplanten Beanspruchung des noch verbleibenden CO2-Budgets aufzeigen, wie es seinen Teil zur L\u00f6sung beisteuert. Genau das hat die Schweiz bisher verweigert.\u00bb<\/p>\n\n<hr class=\"wp-block-separator has-alpha-channel-opacity\"\/>\n\n<h2 class=\"wp-block-heading\"><strong>Gutachten auf Antrag der UNO-Generalversammlung<\/strong><\/h2>\n\n<p>Der Internationale Gerichtshof (IGH) mit Sitz in Den Haag (Niederlande) ist das wichtigste Rechtsprechungsorgan der Vereinten Nationen. Die Generalversammlung der Vereinten Nationen verabschiedete am 23. M\u00e4rz 2023 einstimmig \u2013 also mit der Stimme der Schweiz \u2013 eine Resolution: Der IGH m\u00fcsse in einem Gutachten die <a href=\"https:\/\/press.un.org\/fr\/2023\/ag12497.doc.htm\" target=\"_blank\" rel=\"noreferrer noopener\">rechtlichen Verpflichtungen der UN-Mitgliedsstaaten im Kampf gegen den Klimawandel kl\u00e4ren<\/a>. \u00abSie schreiben gemeinsam Geschichte\u00bb, lobte <a href=\"https:\/\/press.un.org\/en\/2023\/sgsm21750.doc.htm\" target=\"_blank\" rel=\"noreferrer noopener\">UN-Generalsekret\u00e4r Ant\u00f3nio Guterres<\/a> die Mitgliedstaaten. In der <a href=\"https:\/\/documents.un.org\/doc\/undoc\/ltd\/n23\/094\/52\/pdf\/n2309452.pdf\" target=\"_blank\" rel=\"noreferrer noopener\">Resolution<\/a> heisst es unter anderem: \u00abThe General Assembly, recognizing that climate change is an unprecedented challenge of civilizational proportions and that the well-being of present and future generations of humankind depends on our immediate and urgent response to it.\u00bb<\/p>\n\n<hr class=\"wp-block-separator has-alpha-channel-opacity\"\/>\n\n<h2 class=\"wp-block-heading\">Weitere Informationen:&nbsp;<\/h2>\n\n<ul class=\"wp-block-list\">\n<li>Die m\u00fcndlichen Anh\u00f6rungen werden <a href=\"https:\/\/webtv.un.org\/en\/asset\/k1c\/k1ce3oitwq\" target=\"_blank\" rel=\"noreferrer noopener\">live \u00fcbertragen<\/a>.\u00a0<\/li>\n\n\n\n<li><a href=\"https:\/\/www.greenpeace.ch\/static\/planet4-switzerland-stateless\/2024\/11\/20240318-obligations-states-respect-climate-change-statement-CH_EN.pdf\" target=\"_blank\" rel=\"noreferrer noopener\">Stellungnahme<\/a> der Schweiz zuhanden des Internationalen Gerichtshofs (in Englisch)<\/li>\n<\/ul>\n\n<ul class=\"wp-block-list\">\n<li>Greenpeace International hat ebenfalls eine Stellungnahme zu den Verpflichtungen der Staaten in Bezug auf den Klimawandel beim Internationalen Gerichtshof eingereicht (<a href=\"https:\/\/www.greenpeace.org\/international\/greenpeace-brief-to-international-court-of-justice-on-obligations-of-states-regarding-climate-change\/\" target=\"_blank\" rel=\"noreferrer noopener\">Medienmitteilung<\/a>, <a href=\"https:\/\/www.greenpeace.org\/static\/planet4-international-stateless\/2024\/03\/154c198a-greenpeace-international_icj-ao-climate_20240321_final.pdf\" target=\"_blank\" rel=\"noreferrer noopener\">Stellungnahme<\/a>).\u00a0<\/li>\n<\/ul>\n\n<h2 class=\"wp-block-heading\">Kontakte<\/h2>\n\n<ul class=\"wp-block-list\">\n<li>Georg Klingler, Klimaexperte Greenpeace Schweiz, 079 785 07 38, <a href=\"mailto:georg.klingler@greenpeace.org\">georg.klingler@greenpeace.org<\/a>\u00a0<\/li>\n\n\n\n<li>Medienstelle Greenpeace Schweiz, +41 44 447 41 11, <a href=\"mailto:pressestelle.ch@greenpeace.org\">pressestelle.ch@greenpeace.org<\/a><\/li>\n<\/ul>\n","protected":false},"excerpt":{"rendered":"<p>Der Internationale Gerichtshof (IGH) befasst sich mit den Verpflichtungen von Staaten im Kampf gegen den Klimawandel. Ab heute finden in Den Haag \u00f6ffentliche Anh\u00f6rungen dazu statt.<\/p>\n","protected":false},"author":39,"featured_media":115297,"comment_status":"closed","ping_status":"open","sticky":false,"template":"","format":"standard","meta":{"_acf_changed":false,"_planet4_optimize_post_is_variant":false,"_planet4_optimize_experiment_name":"","_planet4_optimize_variant_name":"","ep_exclude_from_search":false,"p4_og_title":"","p4_og_description":"","p4_og_image":"","p4_og_image_id":"","p4_seo_canonical_url":"","p4_campaign_name":"","p4_local_project":"","p4_basket_name":"","p4_department":"","footnotes":""},"categories":[1],"tags":[34,50],"p4-page-type":[71],"gpch-article-type":[],"class_list":["post-115294","post","type-post","status-publish","format-standard","has-post-thumbnail","hentry","category-unkategorisiert","tag-klimagerechtigkeit","tag-klima","p4-page-type-medienmitteilung"],"acf":[],"_links":{"self":[{"href":"https:\/\/www.greenpeace.ch\/de\/wp-json\/wp\/v2\/posts\/115294","targetHints":{"allow":["GET"]}}],"collection":[{"href":"https:\/\/www.greenpeace.ch\/de\/wp-json\/wp\/v2\/posts"}],"about":[{"href":"https:\/\/www.greenpeace.ch\/de\/wp-json\/wp\/v2\/types\/post"}],"author":[{"embeddable":true,"href":"https:\/\/www.greenpeace.ch\/de\/wp-json\/wp\/v2\/users\/39"}],"replies":[{"embeddable":true,"href":"https:\/\/www.greenpeace.ch\/de\/wp-json\/wp\/v2\/comments?post=115294"}],"version-history":[{"count":8,"href":"https:\/\/www.greenpeace.ch\/de\/wp-json\/wp\/v2\/posts\/115294\/revisions"}],"predecessor-version":[{"id":115361,"href":"https:\/\/www.greenpeace.ch\/de\/wp-json\/wp\/v2\/posts\/115294\/revisions\/115361"}],"wp:featuredmedia":[{"embeddable":true,"href":"https:\/\/www.greenpeace.ch\/de\/wp-json\/wp\/v2\/media\/115297"}],"wp:attachment":[{"href":"https:\/\/www.greenpeace.ch\/de\/wp-json\/wp\/v2\/media?parent=115294"}],"wp:term":[{"taxonomy":"category","embeddable":true,"href":"https:\/\/www.greenpeace.ch\/de\/wp-json\/wp\/v2\/categories?post=115294"},{"taxonomy":"post_tag","embeddable":true,"href":"https:\/\/www.greenpeace.ch\/de\/wp-json\/wp\/v2\/tags?post=115294"},{"taxonomy":"p4-page-type","embeddable":true,"href":"https:\/\/www.greenpeace.ch\/de\/wp-json\/wp\/v2\/p4-page-type?post=115294"},{"taxonomy":"gpch-article-type","embeddable":true,"href":"https:\/\/www.greenpeace.ch\/de\/wp-json\/wp\/v2\/gpch-article-type?post=115294"}],"curies":[{"name":"wp","href":"https:\/\/api.w.org\/{rel}","templated":true}]}}