{"id":115379,"date":"2024-12-03T10:10:39","date_gmt":"2024-12-03T09:10:39","guid":{"rendered":"https:\/\/www.greenpeace.ch\/?p=115379"},"modified":"2024-12-03T10:13:55","modified_gmt":"2024-12-03T09:13:55","slug":"norwegen-stoppt-plaene-fuer-tiefseebergbau-in-der-arktis","status":"publish","type":"post","link":"https:\/\/www.greenpeace.ch\/de\/story\/115379\/norwegen-stoppt-plaene-fuer-tiefseebergbau-in-der-arktis\/","title":{"rendered":"Norwegen stoppt Pl\u00e4ne f\u00fcr Tiefseebergbau in der Arktis"},"content":{"rendered":"\n<p><strong>Der massive Druck von Aktivist:innen, Wissenschaftler:innen und der internationalen Gemeinschaft zeigt Wirkung: Norwegens Regierung hat ihre Tiefseebergbau-Pl\u00e4ne gestoppt. Die f\u00fcr das kommende Jahr geplante Lizenzvergabe f\u00fcr Tiefseebergbau in der Arktis ist vorerst auf Eis gelegt.<\/strong><\/p>\n\n<h2 class=\"wp-block-heading\">Keine Lizenzen bis Ende 2025<\/h2>\n\n<p>Im Januar 2024 legte die norwegische Regierung Pl\u00e4ne vor, ein Gebiet von der Gr\u00f6sse Grossbritanniens zwischen Spitzbergen und der Insel Jan Mayen f\u00fcr den Tiefseebergbau zu erschliessen. Norwegen sollte damit das erste Land in Europa werden, das die Tiefsee f\u00fcr die Ausbeutung von Bodensch\u00e4tzen \u00f6ffnet.&nbsp;<\/p>\n\n<p>Doch w\u00e4hrend der Haushaltsverhandlungen am 1. Dezember 2024 forderte die Sozialistische Linkspartei (SV) die Regierung auf, die erste Lizenzvergabe f\u00fcr den Tiefseebergbau zu stoppen \u2013 und erzielte damit einen wichtigen Erfolg f\u00fcr alle, die die Tiefsee sch\u00fctzen wollen. Die norwegische Regierung hat sich daraufhin verpflichtet, bis Ende 2025 keine Lizenzen f\u00fcr den Abbau von Rohstoffen im Tiefseegebiet zu vergeben. Damit ist Norwegens Vorhaben, als erstes europ\u00e4isches Land die Tiefsee auszubeuten, vorerst gestoppt.<\/p>\n\n<h2 class=\"wp-block-heading\">Greenpeace im Einsatz gegen den Tiefseebergbau<\/h2>\n\n<p>Seit Norwegens Regierung im Januar 2024 den Beschluss fasste, mit dem Tiefseebergbau in der Arktis starten zu wollen, hat Greenpeace sich f\u00fcr den Schutz der dortigen Tiefsee und der Arktis eingesetzt. In der Arktis, in Zusammenarbeit mit Wissenschaftler:innen, aber auch durch Proteste in Norwegen und der ganzen Welt setzten wir starke Zeichen gegen den Tiefseebergbau.<\/p>\n<div data-hydrate=\"planet4-blocks\/gallery\" data-attributes=\"{&quot;attributes&quot;:{&quot;multiple_image&quot;:&quot;115380,115389,115392,115404,115398,115395,115386,115383&quot;,&quot;image_data&quot;:[{&quot;url&quot;:&quot;https:\\\/\\\/www.greenpeace.ch\\\/static\\\/planet4-switzerland-stateless\\\/2024\\\/12\\\/0f2bc227-gp0stxta4_medium-res-1200px.jpg&quot;,&quot;focalPoint&quot;:{&quot;x&quot;:0.5,&quot;y&quot;:0.5},&quot;id&quot;:115380},{&quot;url&quot;:&quot;https:\\\/\\\/www.greenpeace.ch\\\/static\\\/planet4-switzerland-stateless\\\/2024\\\/12\\\/b1690029-gp0stz5i8_medium-res-1200px.jpg&quot;,&quot;focalPoint&quot;:{&quot;x&quot;:0.5,&quot;y&quot;:0.5},&quot;id&quot;:115389},{&quot;url&quot;:&quot;https:\\\/\\\/www.greenpeace.ch\\\/static\\\/planet4-switzerland-stateless\\\/2024\\\/12\\\/c1b63fca-gp0su1r14_medium-res-1200px.jpg&quot;,&quot;focalPoint&quot;:{&quot;x&quot;:0.5,&quot;y&quot;:0.5},&quot;id&quot;:115392},{&quot;url&quot;:&quot;https:\\\/\\\/www.greenpeace.ch\\\/static\\\/planet4-switzerland-stateless\\\/2024\\\/12\\\/844ae757-gp0su2ffz_medium-res-1200px.jpg&quot;,&quot;focalPoint&quot;:{&quot;x&quot;:0.5,&quot;y&quot;:0.5},&quot;id&quot;:115404},{&quot;url&quot;:&quot;https:\\\/\\\/www.greenpeace.ch\\\/static\\\/planet4-switzerland-stateless\\\/2024\\\/12\\\/48ee411d-gp0su2pr4_medium-res-1200px.jpg&quot;,&quot;focalPoint&quot;:{&quot;x&quot;:0.5,&quot;y&quot;:0.5},&quot;id&quot;:115398},{&quot;url&quot;:&quot;https:\\\/\\\/www.greenpeace.ch\\\/static\\\/planet4-switzerland-stateless\\\/2024\\\/12\\\/6eb7adbe-gp0su2qdo_medium-res-1200px.jpg&quot;,&quot;focalPoint&quot;:{&quot;x&quot;:0.5,&quot;y&quot;:0.5},&quot;id&quot;:115395},{&quot;url&quot;:&quot;https:\\\/\\\/www.greenpeace.ch\\\/static\\\/planet4-switzerland-stateless\\\/2024\\\/12\\\/7aed0a04-gp0styax7_medium-res-1200px.jpg&quot;,&quot;focalPoint&quot;:{&quot;x&quot;:0.5,&quot;y&quot;:0.5},&quot;id&quot;:115386},{&quot;url&quot;:&quot;https:\\\/\\\/www.greenpeace.ch\\\/static\\\/planet4-switzerland-stateless\\\/2024\\\/12\\\/63f00fd2-gp0styaaz_medium-res-1200px.jpg&quot;,&quot;focalPoint&quot;:{&quot;x&quot;:0.5,&quot;y&quot;:0.5},&quot;id&quot;:115383}],&quot;gallery_block_style&quot;:0,&quot;gallery_block_title&quot;:&quot;&quot;,&quot;gallery_block_description&quot;:&quot;&quot;,&quot;gallery_block_focus_points&quot;:&quot;&quot;,&quot;images&quot;:[{&quot;image_src&quot;:&quot;https:\\\/\\\/www.greenpeace.ch\\\/static\\\/planet4-switzerland-stateless\\\/2024\\\/12\\\/0f2bc227-gp0stxta4_medium-res-1200px.jpg&quot;,&quot;image_srcset&quot;:&quot;https:\\\/\\\/www.greenpeace.ch\\\/static\\\/planet4-switzerland-stateless\\\/2024\\\/12\\\/0f2bc227-gp0stxta4_medium-res-1200px.jpg 1200w, https:\\\/\\\/www.greenpeace.ch\\\/static\\\/planet4-switzerland-stateless\\\/2024\\\/12\\\/0f2bc227-gp0stxta4_medium-res-1200px-300x200.jpg 300w, https:\\\/\\\/www.greenpeace.ch\\\/static\\\/planet4-switzerland-stateless\\\/2024\\\/12\\\/0f2bc227-gp0stxta4_medium-res-1200px-1024x683.jpg 1024w, https:\\\/\\\/www.greenpeace.ch\\\/static\\\/planet4-switzerland-stateless\\\/2024\\\/12\\\/0f2bc227-gp0stxta4_medium-res-1200px-768x512.jpg 768w, https:\\\/\\\/www.greenpeace.ch\\\/static\\\/planet4-switzerland-stateless\\\/2024\\\/12\\\/0f2bc227-gp0stxta4_medium-res-1200px-510x340.jpg 510w&quot;,&quot;image_sizes&quot;:false,&quot;alt_text&quot;:&quot;&quot;,&quot;caption&quot;:&quot;September 2023: Greenpeace-Aktivist:innen konfrontieren den norwegischen Ministerpr\\u00e4sident und seine Parteikolleg:innen von der Arbeiterpartei in Oslo mit einem lila Riesenkraken.&quot;,&quot;focus_image&quot;:&quot;&quot;,&quot;credits&quot;:&quot;\\u00a9 Greenpeace \\\/ Will Rose&quot;},{&quot;image_src&quot;:&quot;https:\\\/\\\/www.greenpeace.ch\\\/static\\\/planet4-switzerland-stateless\\\/2024\\\/12\\\/b1690029-gp0stz5i8_medium-res-1200px.jpg&quot;,&quot;image_srcset&quot;:&quot;https:\\\/\\\/www.greenpeace.ch\\\/static\\\/planet4-switzerland-stateless\\\/2024\\\/12\\\/b1690029-gp0stz5i8_medium-res-1200px.jpg 1200w, https:\\\/\\\/www.greenpeace.ch\\\/static\\\/planet4-switzerland-stateless\\\/2024\\\/12\\\/b1690029-gp0stz5i8_medium-res-1200px-300x200.jpg 300w, https:\\\/\\\/www.greenpeace.ch\\\/static\\\/planet4-switzerland-stateless\\\/2024\\\/12\\\/b1690029-gp0stz5i8_medium-res-1200px-1024x683.jpg 1024w, https:\\\/\\\/www.greenpeace.ch\\\/static\\\/planet4-switzerland-stateless\\\/2024\\\/12\\\/b1690029-gp0stz5i8_medium-res-1200px-768x512.jpg 768w, https:\\\/\\\/www.greenpeace.ch\\\/static\\\/planet4-switzerland-stateless\\\/2024\\\/12\\\/b1690029-gp0stz5i8_medium-res-1200px-510x340.jpg 510w&quot;,&quot;image_sizes&quot;:false,&quot;alt_text&quot;:&quot;&quot;,&quot;caption&quot;:&quot;Januar 2024: Internationale Aktivist:innen und Umweltorganisationen versammeln sich vor dem norwegischen Parlament, als das Votum f\\u00fcr die \\u00d6ffnung des Tiefseebergbaus verabschiedet wird.&quot;,&quot;focus_image&quot;:&quot;&quot;,&quot;credits&quot;:&quot;\\u00a9 Will Rose \\\/ Greenpeace&quot;},{&quot;image_src&quot;:&quot;https:\\\/\\\/www.greenpeace.ch\\\/static\\\/planet4-switzerland-stateless\\\/2024\\\/12\\\/c1b63fca-gp0su1r14_medium-res-1200px.jpg&quot;,&quot;image_srcset&quot;:&quot;https:\\\/\\\/www.greenpeace.ch\\\/static\\\/planet4-switzerland-stateless\\\/2024\\\/12\\\/c1b63fca-gp0su1r14_medium-res-1200px.jpg 1200w, https:\\\/\\\/www.greenpeace.ch\\\/static\\\/planet4-switzerland-stateless\\\/2024\\\/12\\\/c1b63fca-gp0su1r14_medium-res-1200px-300x200.jpg 300w, https:\\\/\\\/www.greenpeace.ch\\\/static\\\/planet4-switzerland-stateless\\\/2024\\\/12\\\/c1b63fca-gp0su1r14_medium-res-1200px-1024x683.jpg 1024w, https:\\\/\\\/www.greenpeace.ch\\\/static\\\/planet4-switzerland-stateless\\\/2024\\\/12\\\/c1b63fca-gp0su1r14_medium-res-1200px-768x512.jpg 768w, https:\\\/\\\/www.greenpeace.ch\\\/static\\\/planet4-switzerland-stateless\\\/2024\\\/12\\\/c1b63fca-gp0su1r14_medium-res-1200px-510x340.jpg 510w&quot;,&quot;image_sizes&quot;:false,&quot;alt_text&quot;:&quot;&quot;,&quot;caption&quot;:&quot;Juli 2024: Greenpeace Nordic und Greenpeace Deutschland starten eine Arktis-Expedition zur Erforschung gef\\u00e4hrdeter Meeress\\u00e4uger im geplanten Tiefseebergbaugebiet in Norwegen. Greenpeace protestiert mit einer mehrsprachigen Projektion \\&quot;Stopp den Tiefseebergbau\\&quot; im S\\u00f8rfjord, in der N\\u00e4he des Ortes Bruvik, Vestland.&quot;,&quot;focus_image&quot;:&quot;&quot;,&quot;credits&quot;:&quot;\\u00a9 Daniel M\\u00fcller \\\/ Greenpeace&quot;},{&quot;image_src&quot;:&quot;https:\\\/\\\/www.greenpeace.ch\\\/static\\\/planet4-switzerland-stateless\\\/2024\\\/12\\\/844ae757-gp0su2ffz_medium-res-1200px.jpg&quot;,&quot;image_srcset&quot;:&quot;https:\\\/\\\/www.greenpeace.ch\\\/static\\\/planet4-switzerland-stateless\\\/2024\\\/12\\\/844ae757-gp0su2ffz_medium-res-1200px.jpg 1200w, https:\\\/\\\/www.greenpeace.ch\\\/static\\\/planet4-switzerland-stateless\\\/2024\\\/12\\\/844ae757-gp0su2ffz_medium-res-1200px-300x200.jpg 300w, https:\\\/\\\/www.greenpeace.ch\\\/static\\\/planet4-switzerland-stateless\\\/2024\\\/12\\\/844ae757-gp0su2ffz_medium-res-1200px-1024x683.jpg 1024w, https:\\\/\\\/www.greenpeace.ch\\\/static\\\/planet4-switzerland-stateless\\\/2024\\\/12\\\/844ae757-gp0su2ffz_medium-res-1200px-768x512.jpg 768w, https:\\\/\\\/www.greenpeace.ch\\\/static\\\/planet4-switzerland-stateless\\\/2024\\\/12\\\/844ae757-gp0su2ffz_medium-res-1200px-510x340.jpg 510w&quot;,&quot;image_sizes&quot;:false,&quot;alt_text&quot;:&quot;&quot;,&quot;caption&quot;:&quot;September 2024: Die Singer-Songwriter Jacob Collier und AURORA tun sich zum ersten Mal zusammen, um auf Spitzbergen f\\u00fcr die Tiefseebergbau-Kampagne von Greenpeace ein Mash-up ihrer beiden Songs \\u201eA Rock Somewhere\\u201c und \\u201eThe Seed\\u201c aufzuf\\u00fchren.&quot;,&quot;focus_image&quot;:&quot;&quot;,&quot;credits&quot;:&quot;\\u00a9 Bianca Vitale \\\/ Greenpeace&quot;},{&quot;image_src&quot;:&quot;https:\\\/\\\/www.greenpeace.ch\\\/static\\\/planet4-switzerland-stateless\\\/2024\\\/12\\\/48ee411d-gp0su2pr4_medium-res-1200px.jpg&quot;,&quot;image_srcset&quot;:&quot;https:\\\/\\\/www.greenpeace.ch\\\/static\\\/planet4-switzerland-stateless\\\/2024\\\/12\\\/48ee411d-gp0su2pr4_medium-res-1200px.jpg 1200w, https:\\\/\\\/www.greenpeace.ch\\\/static\\\/planet4-switzerland-stateless\\\/2024\\\/12\\\/48ee411d-gp0su2pr4_medium-res-1200px-300x200.jpg 300w, https:\\\/\\\/www.greenpeace.ch\\\/static\\\/planet4-switzerland-stateless\\\/2024\\\/12\\\/48ee411d-gp0su2pr4_medium-res-1200px-1024x683.jpg 1024w, https:\\\/\\\/www.greenpeace.ch\\\/static\\\/planet4-switzerland-stateless\\\/2024\\\/12\\\/48ee411d-gp0su2pr4_medium-res-1200px-768x512.jpg 768w, https:\\\/\\\/www.greenpeace.ch\\\/static\\\/planet4-switzerland-stateless\\\/2024\\\/12\\\/48ee411d-gp0su2pr4_medium-res-1200px-510x340.jpg 510w&quot;,&quot;image_sizes&quot;:false,&quot;alt_text&quot;:&quot;&quot;,&quot;caption&quot;:&quot;Oktober 2024: Eine Gruppe der Greenpeace JAGs (Jugendaktionsgruppe) bilden am World- Octopus Day vor der norwegischen Botschaft in Berlin ein Menschenbild mit leuchtenden Krakenkost\\u00fcmen.&quot;,&quot;focus_image&quot;:&quot;&quot;,&quot;credits&quot;:&quot;\\u00a9 Anne Barth \\\/ Greenpeace&quot;},{&quot;image_src&quot;:&quot;https:\\\/\\\/www.greenpeace.ch\\\/static\\\/planet4-switzerland-stateless\\\/2024\\\/12\\\/6eb7adbe-gp0su2qdo_medium-res-1200px.jpg&quot;,&quot;image_srcset&quot;:&quot;https:\\\/\\\/www.greenpeace.ch\\\/static\\\/planet4-switzerland-stateless\\\/2024\\\/12\\\/6eb7adbe-gp0su2qdo_medium-res-1200px.jpg 1200w, https:\\\/\\\/www.greenpeace.ch\\\/static\\\/planet4-switzerland-stateless\\\/2024\\\/12\\\/6eb7adbe-gp0su2qdo_medium-res-1200px-300x218.jpg 300w, https:\\\/\\\/www.greenpeace.ch\\\/static\\\/planet4-switzerland-stateless\\\/2024\\\/12\\\/6eb7adbe-gp0su2qdo_medium-res-1200px-1024x742.jpg 1024w, https:\\\/\\\/www.greenpeace.ch\\\/static\\\/planet4-switzerland-stateless\\\/2024\\\/12\\\/6eb7adbe-gp0su2qdo_medium-res-1200px-768x557.jpg 768w, https:\\\/\\\/www.greenpeace.ch\\\/static\\\/planet4-switzerland-stateless\\\/2024\\\/12\\\/6eb7adbe-gp0su2qdo_medium-res-1200px-469x340.jpg 469w&quot;,&quot;image_sizes&quot;:false,&quot;alt_text&quot;:&quot;&quot;,&quot;caption&quot;:&quot;Oktober 2024: Greenpeace USA liefert einen Eiskraken an die norwegische Botschaft in Washington, D.C.&quot;,&quot;focus_image&quot;:&quot;&quot;,&quot;credits&quot;:&quot;\\u00a9 Tim Aubry \\\/ Greenpeace&quot;},{&quot;image_src&quot;:&quot;https:\\\/\\\/www.greenpeace.ch\\\/static\\\/planet4-switzerland-stateless\\\/2024\\\/12\\\/7aed0a04-gp0styax7_medium-res-1200px.jpg&quot;,&quot;image_srcset&quot;:&quot;https:\\\/\\\/www.greenpeace.ch\\\/static\\\/planet4-switzerland-stateless\\\/2024\\\/12\\\/7aed0a04-gp0styax7_medium-res-1200px.jpg 1200w, https:\\\/\\\/www.greenpeace.ch\\\/static\\\/planet4-switzerland-stateless\\\/2024\\\/12\\\/7aed0a04-gp0styax7_medium-res-1200px-300x200.jpg 300w, https:\\\/\\\/www.greenpeace.ch\\\/static\\\/planet4-switzerland-stateless\\\/2024\\\/12\\\/7aed0a04-gp0styax7_medium-res-1200px-1024x683.jpg 1024w, https:\\\/\\\/www.greenpeace.ch\\\/static\\\/planet4-switzerland-stateless\\\/2024\\\/12\\\/7aed0a04-gp0styax7_medium-res-1200px-768x512.jpg 768w, https:\\\/\\\/www.greenpeace.ch\\\/static\\\/planet4-switzerland-stateless\\\/2024\\\/12\\\/7aed0a04-gp0styax7_medium-res-1200px-510x340.jpg 510w&quot;,&quot;image_sizes&quot;:false,&quot;alt_text&quot;:&quot;&quot;,&quot;caption&quot;:&quot;November 2024: Greenpeace Frankreich verurteilt das Tiefseebergbau-Vorhaben des norwegischen Premierministers Jonas Gahr St\\u00f8re, der anl\\u00e4sslich des One Planet - Polar Summit in Paris weilt.&quot;,&quot;focus_image&quot;:&quot;&quot;,&quot;credits&quot;:&quot;\\u00a9 Marion Lepr\\u00eatre \\\/ Greenpeace&quot;},{&quot;image_src&quot;:&quot;https:\\\/\\\/www.greenpeace.ch\\\/static\\\/planet4-switzerland-stateless\\\/2024\\\/12\\\/63f00fd2-gp0styaaz_medium-res-1200px.jpg&quot;,&quot;image_srcset&quot;:&quot;https:\\\/\\\/www.greenpeace.ch\\\/static\\\/planet4-switzerland-stateless\\\/2024\\\/12\\\/63f00fd2-gp0styaaz_medium-res-1200px.jpg 1200w, https:\\\/\\\/www.greenpeace.ch\\\/static\\\/planet4-switzerland-stateless\\\/2024\\\/12\\\/63f00fd2-gp0styaaz_medium-res-1200px-300x225.jpg 300w, https:\\\/\\\/www.greenpeace.ch\\\/static\\\/planet4-switzerland-stateless\\\/2024\\\/12\\\/63f00fd2-gp0styaaz_medium-res-1200px-1024x768.jpg 1024w, https:\\\/\\\/www.greenpeace.ch\\\/static\\\/planet4-switzerland-stateless\\\/2024\\\/12\\\/63f00fd2-gp0styaaz_medium-res-1200px-768x576.jpg 768w, https:\\\/\\\/www.greenpeace.ch\\\/static\\\/planet4-switzerland-stateless\\\/2024\\\/12\\\/63f00fd2-gp0styaaz_medium-res-1200px-453x340.jpg 453w&quot;,&quot;image_sizes&quot;:false,&quot;alt_text&quot;:&quot;&quot;,&quot;caption&quot;:&quot;November 2024: Aktivist:innen von Greenpeace Nordic projizieren Tiefseekreaturen aus der Arktis auf ber\\u00fchmte Wahrzeichen in Oslo, darunter das Opernhaus, das Nationalmuseum und das Parlament. Dies als Protest vor der bevorstehenden Abstimmung im Parlament \\u00fcber den Tiefseebergbau.&quot;,&quot;focus_image&quot;:&quot;&quot;,&quot;credits&quot;:&quot;\\u00a9 Will Rose \\\/ Greenpeace&quot;}]}}\"><section class=\"block carousel-wrap \"><\/section><\/div>\n<h2 class=\"wp-block-heading\">Warum d\u00fcrfte Norwegen mit dem Tiefseebergbau in der Arktis starten?<\/h2>\n\n<p>Eigentlich ist es die Aufgabe der Internationalen Meeresbodenbeh\u00f6rde (ISA), die Aktivit\u00e4ten rund um den Tiefseebergbau zu \u00fcberwachen, zu verwalten und zu regulieren. Das gilt aber ausschliesslich f\u00fcr Meeresb\u00f6den in internationalen Gew\u00e4ssern. Doch wie viele weitere L\u00e4nder hat auch Norwegen eigene, sogenannte Territorialgew\u00e4sser und eine ausschliessliche Wirtschaftszone (AWZ) gem\u00e4ss dem Seerechts\u00fcbereinkommen der Vereinten Nationen.&nbsp;<\/p>\n\n<p>Innerhalb beider Bereiche hat Norwegen das alleinige Recht, Gesetze bez\u00fcglich Navigation, Umwelt und Ressourcennutzung zu erlassen. In der ausschliesslichen Wirtschaftszone darf Norwegen exklusiv nat\u00fcrliche Ressourcen nutzen, wie zum Beispiel Fischgr\u00fcnde, \u00d6l- und Gasvorkommen \u2013 oder eben Rohstoffe in der Tiefsee. Wissenschaftler:innen des norwegischen Instituts f\u00fcr Meeresforschung, die norwegische Umweltbeh\u00f6rde, die Vereinten Nationen \u2013 sie alle warnen davor, dass Tiefseebergbau den \u00d6kosystemen am Meeresgrund irreversibel schaden kann.<\/p>\n\n<h2 class=\"wp-block-heading\">Das politische Tauziehen geht weiter<\/h2>\n\n<p>Bisher ging Norwegen mit seinen Pl\u00e4nen weiter voran als jedes andere Land in Europa. Urspr\u00fcnglich sollten bereits Anfang 2025 erste Abbaulizenzen f\u00fcr Tiefseebergbau in der Arktis vergeben werden. Die Regierung plant, den nun erlangten Aufschub bis Ende 2025 zu nutzen, um sich weiter auf den Start von Tiefseebergbau vorzubereiten. Die norwegischen Parlamentswahlen im September 2025 k\u00f6nnten eine entscheidende Wende bringen. Eine neue Regierung sollte ein dauerhaftes Verbot des Tiefseebergbaus durchsetzen.<\/p>\n\t\t\t<section\n\t\t\tclass=\"boxout post-81517 \"\n\t\t\t\n\t\t>\n\t\t\t<a\n\t\t\t\tdata-ga-category=\"Take Action Boxout\"\n\t\t\t\tdata-ga-action=\"Image\"\n\t\t\t\tdata-ga-label=\"n\/a\"\n\t\t\t\tclass=\"cover-card-overlay\"\n\t\t\t\thref=\"https:\/\/www.greenpeace.ch\/de\/handeln\/deine-spende-fuer-den-meeresschutz\/\" \n\t\t\t><\/a>\n\t\t\t\t\t\t\t<img\n\t\t\t\t\t\tsrc=\"https:\/\/www.greenpeace.ch\/static\/planet4-switzerland-stateless\/2021\/07\/27e6675b-gp04l30_pressmedia-1024x663.jpg\"\n\t\t\t\t\t\tsrcset=\"https:\/\/www.greenpeace.ch\/static\/planet4-switzerland-stateless\/2021\/07\/27e6675b-gp04l30_pressmedia-300x194.jpg 300w, https:\/\/www.greenpeace.ch\/static\/planet4-switzerland-stateless\/2021\/07\/27e6675b-gp04l30_pressmedia-1024x663.jpg 1024w, https:\/\/www.greenpeace.ch\/static\/planet4-switzerland-stateless\/2021\/07\/27e6675b-gp04l30_pressmedia-768x497.jpg 768w, https:\/\/www.greenpeace.ch\/static\/planet4-switzerland-stateless\/2021\/07\/27e6675b-gp04l30_pressmedia-1536x995.jpg 1536w, https:\/\/www.greenpeace.ch\/static\/planet4-switzerland-stateless\/2021\/07\/27e6675b-gp04l30_pressmedia-2048x1326.jpg 2048w, https:\/\/www.greenpeace.ch\/static\/planet4-switzerland-stateless\/2021\/07\/27e6675b-gp04l30_pressmedia-510x330.jpg 510w\"\n\t\t\t\t\t\tsizes=\"(min-width: 1000px) 358px, (min-width: 780px) 313px, 88px\"\n\t\t\t\t\t\talt=\"\" title=\"\"\n\t\t\t\t\/>\n            \t\t\t<div class=\"boxout-content\">\n\t\t\t\t\t\t\t\t\t<a\n\t\t\t\t\t\tclass=\"boxout-heading medium\"\n\t\t\t\t\t\tdata-ga-category=\"Take Action Boxout\"\n\t\t\t\t\t\tdata-ga-action=\"Title\"\n\t\t\t\t\t\tdata-ga-label=\"n\/a\"\n\t\t\t\t\t\thref=\"https:\/\/www.greenpeace.ch\/de\/handeln\/deine-spende-fuer-den-meeresschutz\/\"\n\t\t\t\t\t\t\n\t\t\t\t\t>\n\t\t\t\t\t\tDeine Spende f\u00fcr den Meeresschutz\n\t\t\t\t\t<\/a>\n\t\t\t\t\t\t\t\t                                    <a\n                        class=\"btn btn-primary\"\n                        data-ga-category=\"Take Action Boxout\"\n                        data-ga-action=\"Call to Action\"\n                        data-ga-label=\"n\/a\"\n                        href=\"https:\/\/www.greenpeace.ch\/de\/handeln\/deine-spende-fuer-den-meeresschutz\/\"\n                        \n                    >\n                        Mitmachen\n                    <\/a>\n                \t\t\t<\/div>\n\t\t\t\t\t<\/section>\n\t","protected":false},"excerpt":{"rendered":"<p>Der massive Druck von Aktivist:innen, Wissenschaftler:innen und der internationalen Gemeinschaft zeigt Wirkung: Norwegens Regierung hat ihre Tiefseebergbau-Pl\u00e4ne gestoppt.<\/p>\n","protected":false},"author":89,"featured_media":115408,"comment_status":"closed","ping_status":"open","sticky":false,"template":"","format":"standard","meta":{"_acf_changed":false,"_planet4_optimize_post_is_variant":false,"_planet4_optimize_experiment_name":"","_planet4_optimize_variant_name":"","ep_exclude_from_search":false,"p4_og_title":"","p4_og_description":"","p4_og_image":"","p4_og_image_id":"","p4_seo_canonical_url":"","p4_campaign_name":"","p4_local_project":"","p4_basket_name":"","p4_department":"","footnotes":""},"categories":[1],"tags":[41,245],"p4-page-type":[75],"gpch-article-type":[],"class_list":["post-115379","post","type-post","status-publish","format-standard","has-post-thumbnail","hentry","category-unkategorisiert","tag-meer","tag-erfolge","p4-page-type-story"],"acf":[],"_links":{"self":[{"href":"https:\/\/www.greenpeace.ch\/de\/wp-json\/wp\/v2\/posts\/115379","targetHints":{"allow":["GET"]}}],"collection":[{"href":"https:\/\/www.greenpeace.ch\/de\/wp-json\/wp\/v2\/posts"}],"about":[{"href":"https:\/\/www.greenpeace.ch\/de\/wp-json\/wp\/v2\/types\/post"}],"author":[{"embeddable":true,"href":"https:\/\/www.greenpeace.ch\/de\/wp-json\/wp\/v2\/users\/89"}],"replies":[{"embeddable":true,"href":"https:\/\/www.greenpeace.ch\/de\/wp-json\/wp\/v2\/comments?post=115379"}],"version-history":[{"count":4,"href":"https:\/\/www.greenpeace.ch\/de\/wp-json\/wp\/v2\/posts\/115379\/revisions"}],"predecessor-version":[{"id":115416,"href":"https:\/\/www.greenpeace.ch\/de\/wp-json\/wp\/v2\/posts\/115379\/revisions\/115416"}],"wp:featuredmedia":[{"embeddable":true,"href":"https:\/\/www.greenpeace.ch\/de\/wp-json\/wp\/v2\/media\/115408"}],"wp:attachment":[{"href":"https:\/\/www.greenpeace.ch\/de\/wp-json\/wp\/v2\/media?parent=115379"}],"wp:term":[{"taxonomy":"category","embeddable":true,"href":"https:\/\/www.greenpeace.ch\/de\/wp-json\/wp\/v2\/categories?post=115379"},{"taxonomy":"post_tag","embeddable":true,"href":"https:\/\/www.greenpeace.ch\/de\/wp-json\/wp\/v2\/tags?post=115379"},{"taxonomy":"p4-page-type","embeddable":true,"href":"https:\/\/www.greenpeace.ch\/de\/wp-json\/wp\/v2\/p4-page-type?post=115379"},{"taxonomy":"gpch-article-type","embeddable":true,"href":"https:\/\/www.greenpeace.ch\/de\/wp-json\/wp\/v2\/gpch-article-type?post=115379"}],"curies":[{"name":"wp","href":"https:\/\/api.w.org\/{rel}","templated":true}]}}