{"id":115669,"date":"2024-12-11T13:17:16","date_gmt":"2024-12-11T12:17:16","guid":{"rendered":"https:\/\/www.greenpeace.ch\/?p=115669"},"modified":"2024-12-11T13:17:21","modified_gmt":"2024-12-11T12:17:21","slug":"40-jahre-akw-leibstadt-40-jahre-abhaengigkeit-vom-ausland","status":"publish","type":"post","link":"https:\/\/www.greenpeace.ch\/de\/medienmitteilung\/115669\/40-jahre-akw-leibstadt-40-jahre-abhaengigkeit-vom-ausland\/","title":{"rendered":"40 Jahre AKW Leibstadt \u2013 40 Jahre Abh\u00e4ngigkeit vom Ausland"},"content":{"rendered":"\n<p><strong>Seit 15. Dezember 1984 ist das Atomkraftwerk Leibstadt in Betrieb. Ein Ende seiner Laufzeit ist nicht in Sicht. Je l\u00e4nger die Schweiz auf Atomstrom setzt, desto l\u00e4nger ist unser Land bei der Energieversorgung stark vom Ausland abh\u00e4ngig. Und wir unterst\u00fctzen damit autokratische und kriegerische Staaten: Der Brennstoff f\u00fcr das AKW Leibstadt stammt zur H\u00e4lfte aus Russland.&nbsp;<\/strong><\/p>\n\n<p>\u00abDer runde Geburtstag des Atomkraftwerks Leibstadt ist kein Freudentag\u00bb, sagt Nathan Solothurnmann, Energie- und Klimaexperte bei Greenpeace Schweiz. \u00abJedes Schweizer AKW wird mit Uran aus dem Ausland betrieben. Atomstrom ist Strom aus dem Ausland. Unsere Abh\u00e4ngigkeit vom Goodwill fremder Regierungen ist bei der Versorgung der Atomkraftwerke immens. H\u00e4ufig kommt das Uran zudem aus Russland: Nach wie vor importiert die Schweiz f\u00fcnfzig Prozent ihres Bedarfs an Uran-Brennst\u00e4ben zum Betrieb der AKW aus dem autokratischen Staat: Das Atomkraftwerk Beznau l\u00e4uft vollst\u00e4ndig mit russischem Uran, jenes in Leibstadt zur H\u00e4lfte. Damit finanzieren Schweizer Energieunternehmen den Krieg in der Ukraine mit.\u00bb&nbsp;<\/p>\n\n<p>\u00abTrotzdem wollen die Schweizer Energiekonzerne ihre Atomkraftwerke m\u00f6glichst lange laufen lassen. Gleichzeitig bastelt der Bundesrat an einem Vorschlag, um den astronomisch teuren Neubau von AKW hierzulande wieder zu erlauben. Das ist eine Steinzeit-Politik. <a href=\"https:\/\/www.greenpeace.ch\/de\/publikation\/111160\/atomkraft-hat-keine-zukunft\/\" target=\"_blank\" rel=\"noreferrer noopener\">Atomkraft hat keine Zukunft<\/a>.\u00bb<\/p>\n\n<p>\u00abDie Schweiz braucht keine Atomkraft, um ihre Energieversorgung sicherzustellen und die Klimakrise einzud\u00e4mmen. Der Schl\u00fcssel f\u00fcr eine unabh\u00e4ngige und klimavertr\u00e4gliche Energieversorgung sind erneuerbare Energien. Wenn die Schweiz die Energie effizient nutzt und die Transformation gezielt vorantreibt, hat sie die besten Voraussetzungen daf\u00fcr, sich zu <a href=\"https:\/\/www.greenpeace.ch\/de\/publikation\/79839\/versorgungssicherheit-und-klimaschutz\/\" target=\"_blank\" rel=\"noreferrer noopener\">100 Prozent mit einheimischer Energie zu versorgen<\/a>.\u00bb<\/p>\n\n<hr class=\"wp-block-separator has-alpha-channel-opacity\"\/>\n\n<h2 class=\"wp-block-heading\"><strong>Bilder<\/strong><\/h2>\n\n<p>\u00abFrom Russia with Love\u00bb \u2013 den 40. Geburtstag des Atomkraftwerks Leibstadt nehmen Greenpeace-Aktivist:innen zum Anlass, um auf die starke Russland-Abh\u00e4ngigkeit bei der Produktion von Atomstrom hinzuweisen. <a href=\"https:\/\/drive.google.com\/drive\/folders\/1w1sTMqfU02GoXP3ifNkQdQ1aVaYpAE59?usp=sharing\">Bilder der Aktion sind hier zu finden<\/a> (Credit: Greenpeace).\u00a0<\/p>\n\n<h2 class=\"wp-block-heading\"><strong>Kontakte<\/strong><\/h2>\n\n<ul class=\"wp-block-list\">\n<li>Nathan Solothurnmann, Energie- und Klimaexperte und Autor des <a href=\"https:\/\/www.greenpeace.ch\/de\/publikation\/111160\/atomkraft-hat-keine-zukunft\/\" target=\"_blank\" rel=\"noreferrer noopener\">Factsheets \u00abAtomkraft hat keine Zukunft\u00bb<\/a>, Greenpeace Schweiz, +41 76 514 90 48, <a href=\"mailto:nathan.solothurnmann@greenpeace.org\">nathan.solothurnmann@greenpeace.org<\/a>\u00a0<\/li>\n\n\n\n<li>Medienstelle Greenpeace Schweiz, +41 44 447 41 11, <a href=\"mailto:pressestelle.ch@greenpeace.org\">pressestelle.ch@greenpeace.org<\/a>\u00a0\u00a0\u00a0\u00a0<\/li>\n<\/ul>\n","protected":false},"excerpt":{"rendered":"<p>Seit 15. Dezember 1984 ist das Atomkraftwerk Leibstadt in Betrieb. Ein Ende seiner Laufzeit ist nicht in Sicht. Je l\u00e4nger die Schweiz auf Atomstrom setzt, desto l\u00e4nger ist unser Land&hellip;<\/p>\n","protected":false},"author":39,"featured_media":115681,"comment_status":"closed","ping_status":"open","sticky":false,"template":"","format":"standard","meta":{"_acf_changed":false,"_planet4_optimize_post_is_variant":false,"_planet4_optimize_experiment_name":"","_planet4_optimize_variant_name":"","ep_exclude_from_search":false,"p4_og_title":"","p4_og_description":"","p4_og_image":"","p4_og_image_id":"","p4_seo_canonical_url":"","p4_campaign_name":"","p4_local_project":"","p4_basket_name":"","p4_department":"","footnotes":""},"categories":[1],"tags":[42,50],"p4-page-type":[71],"gpch-article-type":[],"class_list":["post-115669","post","type-post","status-publish","format-standard","has-post-thumbnail","hentry","category-unkategorisiert","tag-energie","tag-klima","p4-page-type-medienmitteilung"],"acf":[],"_links":{"self":[{"href":"https:\/\/www.greenpeace.ch\/de\/wp-json\/wp\/v2\/posts\/115669","targetHints":{"allow":["GET"]}}],"collection":[{"href":"https:\/\/www.greenpeace.ch\/de\/wp-json\/wp\/v2\/posts"}],"about":[{"href":"https:\/\/www.greenpeace.ch\/de\/wp-json\/wp\/v2\/types\/post"}],"author":[{"embeddable":true,"href":"https:\/\/www.greenpeace.ch\/de\/wp-json\/wp\/v2\/users\/39"}],"replies":[{"embeddable":true,"href":"https:\/\/www.greenpeace.ch\/de\/wp-json\/wp\/v2\/comments?post=115669"}],"version-history":[{"count":3,"href":"https:\/\/www.greenpeace.ch\/de\/wp-json\/wp\/v2\/posts\/115669\/revisions"}],"predecessor-version":[{"id":115684,"href":"https:\/\/www.greenpeace.ch\/de\/wp-json\/wp\/v2\/posts\/115669\/revisions\/115684"}],"wp:featuredmedia":[{"embeddable":true,"href":"https:\/\/www.greenpeace.ch\/de\/wp-json\/wp\/v2\/media\/115681"}],"wp:attachment":[{"href":"https:\/\/www.greenpeace.ch\/de\/wp-json\/wp\/v2\/media?parent=115669"}],"wp:term":[{"taxonomy":"category","embeddable":true,"href":"https:\/\/www.greenpeace.ch\/de\/wp-json\/wp\/v2\/categories?post=115669"},{"taxonomy":"post_tag","embeddable":true,"href":"https:\/\/www.greenpeace.ch\/de\/wp-json\/wp\/v2\/tags?post=115669"},{"taxonomy":"p4-page-type","embeddable":true,"href":"https:\/\/www.greenpeace.ch\/de\/wp-json\/wp\/v2\/p4-page-type?post=115669"},{"taxonomy":"gpch-article-type","embeddable":true,"href":"https:\/\/www.greenpeace.ch\/de\/wp-json\/wp\/v2\/gpch-article-type?post=115669"}],"curies":[{"name":"wp","href":"https:\/\/api.w.org\/{rel}","templated":true}]}}