{"id":11573,"date":"2014-01-30T00:00:00","date_gmt":"2014-01-29T22:00:00","guid":{"rendered":"https:\/\/master.greenpeace.ch\/beitrag\/11573\/erfolg-loreal-will-auf-palmoel-aus-regenwaldzerstoerung-verzichten\/"},"modified":"2019-05-30T11:06:47","modified_gmt":"2019-05-30T09:06:47","slug":"erfolg-loreal-will-auf-palmoel-aus-regenwaldzerstoerung-verzichten","status":"publish","type":"post","link":"https:\/\/www.greenpeace.ch\/de\/story\/11573\/erfolg-loreal-will-auf-palmoel-aus-regenwaldzerstoerung-verzichten\/","title":{"rendered":"Erfolg: L\u2019Oreal will auf Palm\u00f6l aus Regenwaldzerst\u00f6rung verzichten"},"content":{"rendered":"<p><b>Sie sind es sich endlich wert \u2013 der weltweit gr\u00f6sste Konzern f\u00fcr Beauty- und Kosmetikprodukte hat sich ehrgeizigere Ziele beim Waldschutz gesetzt. Bis zum Jahr 2020 will L\u2019Oreal nicht-nachhaltiges Palm\u00f6l aus all seinen Produkten verbannt haben. In einem ersten Schritt will der Konzern bis zum Jahr 2015 f\u00fcr Transparenz in seiner Lieferkette sorgen: Die Herkunft des verwendeten Palm\u00f6ls soll komplett nachvollziehbar sein. Es wird \u00a0nach Angaben von L\u2019Oreal aufgrund seiner Eigenschaften als Weichmacher gr\u00f6sstenteils in Haut- und Haarpflegeprodukten verwendet.<\/b><\/p>\n<div class=\"post-content\">\n<div>\n<h3><strong><span style=\"font-family: Calibri;\">Sie sind es sich endlich wert \u2013 der weltweit gr\u00f6sste Konzern f\u00fcr Beauty- und Kosmetikprodukte hat sich ehrgeizigere Ziele beim Waldschutz gesetzt. Bis zum Jahr 2020 will L\u2019Oreal nicht-nachhaltiges Palm\u00f6l aus all seinen Produkten verbannt haben. In einem ersten Schritt will der Konzern bis zum Jahr 2015 f\u00fcr Transparenz in seiner Lieferkette sorgen: Die Herkunft des verwendeten Palm\u00f6ls soll komplett nachvollziehbar sein. Es wird \u00a0nach Angaben von L\u2019Oreal aufgrund seiner Eigenschaften als Weichmacher gr\u00f6sstenteils in Haut- und Haarpflegeprodukten verwendet.<\/span><\/strong><\/h3>\n<\/p>\n<div class=\"events-box big-box left\">\n<div class=\"frame\">\n        <a class=\"open-img EnlargeImage\" href=\"https:\/\/www.greenpeace.ch\/static\/planet4-switzerland-stateless\/2019\/05\/a0b7ede1-a0b7ede1-gp04v1q.jpg\" title=\"\"><br \/>\n            <img decoding=\"async\" id=\"ctl00_cphContentArea_epiEntryContent_ctl00_ctl02_Image1\" class=\"Thumbnail\" src=\"https:\/\/www.greenpeace.ch\/static\/planet4-switzerland-stateless\/2019\/05\/a0b7ede1-a0b7ede1-gp04v1q.jpg\" alt=\"\" style=\"border-width:0px;\"><\/p>\n<p>        <\/a>\n    <\/div>\n<div class=\"events-content\">\n        <span class=\"date\">Donnerstag, 30. Januar 2014<\/span><br \/>\n        <strong><\/strong><\/p>\n<p>\n            Tesso Nilo National Park in Indonesien\/ Sumatra<br \/>\n\u00a9 Ardiles Rante \/ Greenpeace\n        <\/p>\n<\/p>\n<\/div>\n<\/div>\n<p><span style=\"font-family: Calibri;\">\u00abDas Versprechen von L\u2018Oreal ist nicht nur ein Erfolg f\u00fcr unsere Arbeit zum Schutz der W\u00e4lder, sondern auch f\u00fcr Verbraucher und Kunden, die keine Produkte aus Waldzerst\u00f6rung kaufen m\u00f6chten\u00bb, sagt Mirjam Kopp, Waldexpertin von Greenpeace Schweiz. \u00a0\u00abMan darf jedoch trotzdem nicht vergessen, dass L\u2019Oreal sechs Jahre Zeit hat, seinen Plan in die Tat umzusetzen. Anhand offiziellen Kartenmaterials k\u00f6nnen wir nachvollziehen, dass in Indonesien j\u00e4hrlich rund 620.000 Hektar wertvoller Regenwald zerst\u00f6rt werden. Der Klimawandel schreitet voran, die Uhr f\u00fcr viele bedrohte Arten tickt. Die neue Palm\u00f6lstrategie ist ein guter Schritt, aber wir dr\u00e4ngen darauf, dass L\u2019Oreal die Beine in die Hand nimmt und diese deutlich vor 2020 vollst\u00e4ndig umsetzt\u00bb, so Kopp. \u00a0<\/span><\/p>\n<h3><span style=\"font-family: Calibri;\">Das \u00abZero Deforestation\u00bb &#8211; Versprechen von L&#8217;Oreal <\/span><\/h3>\n<p><span style=\"font-family: Calibri;\">Auf kritische Nachfragen verwies L\u2019Oreal bisher darauf, RSPO-zertifiziertes Palm\u00f6l zu beziehen. RSPO ist das K\u00fcrzel f\u00fcr den Runden Tisch f\u00fcr Nachhaltiges Palm\u00f6l, dessen Nachhaltigkeitskriterien Greenpeace als viel zu schwach einstuft. Mehr zur <a href=\"http:\/\/www.greenpeace.org\/switzerland\/de\/Themen\/Wald\/Probleme\/palmoel\/rspo\/\" target=\"_blank\" rel=\"noopener noreferrer\">Greenpeace-Kritik am RSPO<\/a>\u00a0<\/span><\/p>\n<p><span style=\"font-family: Calibri;\">Zuk\u00fcnftig will L\u2019Oreal seinen Palm\u00f6l-Zulieferern strengere \u00a0Bedingungen stellen: Alle Stufen der Lieferkette m\u00fcssen nachvollziehbar sein bis zur jeweiligen Plantage oder zum Verarbeitungsstandort. Der Kosmetikkonzern will zuk\u00fcnftig zunehmend mit Zulieferern zusammenarbeiten, die verantwortungsbewusste Gesch\u00e4ftspraktiken garantieren k\u00f6nnen, u.a. folgende Aspekte erf\u00fcllen:<\/span><\/p>\n<ul>\n<li><span style=\"font-family: Calibri;\">Die Einhaltung von Gesetzen, insbesondere Anti-Korruptions-Gesetze und Landbesitzrechte<\/span><\/li>\n<li><span style=\"font-family: Calibri;\">Der Umgang mit der indigenen Bev\u00f6lkerung und lokalen Gemeinden, die von dem Anbau neuer Plantagen betroffen w\u00e4ren. Darunter fallen die Einhaltung von Arbeiterrechten als auch besondere Kooperationen mit den Gemeinden und Kleinbauern<\/span><\/li>\n<li><span style=\"font-family: Calibri;\">Der Schutz und die Wiederherstellung von besonders sch\u00fctzenswerten Fl\u00e4chen und W\u00e4ldern mit hohem Kohlenstoffvorrat bei der Expansion von Palm\u00f6lplantagen<\/span><\/li>\n<li><span style=\"font-family: Calibri;\">Der Verzicht, Torfb\u00f6den f\u00fcr den Anbau neuer Plantagen umzuwandeln sowie den Schutz von Torfb\u00f6den in bestehenden Plantagen<\/span><\/li>\n<\/ul>\n<h3><span style=\"font-family: Calibri;\">Palm\u00f6labnehmer und Produzenten mit Vorbildfunktion<\/span><\/h3>\n<p><span style=\"font-family: Calibri;\">Mit seinem heutigen Versprechen folgt L\u2019Oreal dem Beispiel von Konzernen wie Nestl\u00e9, Unilever und Ferrero, die sich auf Druck von Umweltschutzorganisationen und Verbrauchern zu einem Null-Entwaldungs-Prinzip verpflichtet haben. Es bleibt spannend, ob grosse Palm\u00f6labnehmer wie Procter&amp;Gamble oder Colgate Palmolive nachziehen werden. Greenpeace hatte zuletzt in einem Report nachgewiesen, dass diese Firmen in das Gesch\u00e4ft mit dreckigem Palm\u00f6l verstrickt sind mit katastrophalen Folgen f\u00fcr bedrohte Tierarten wie dem Sumatra-Tiger, dessen Lebensraum schwindet. Doch auch der Palm\u00f6lsektor bewegt sich langsam &#8211; \u00a0daf\u00fcr sorgte auch das <a title=\"Wilmar lenkt ein\" href=\"http:\/\/www.greenpeace.org\/switzerland\/de\/News_Stories\/Newsblog\/palmoel-gigant-wilmar-will-regenwaelder-schue\/blog\/47620\/\" target=\"_blank\" rel=\"noopener noreferrer\">Einlenken von Wilmar International, dem gr\u00f6ssten internationalen Palm\u00f6lh\u00e4ndler<\/a><\/span><span style=\"font-family: Calibri;\">. Der gr\u00f6sste Teil der Regenwaldzerst\u00f6rung in Indonesien geht auf das Konto der Palm\u00f6lindustrie. Das Problem weitet sich aus \u2013 auch in Neu Guinea und in Afrika sorgt die Ausbreitung von Palm\u00f6lplantagen bereits zunehmend f\u00fcr Konflikte mit den lokalen Gemeinden und bedroht die W\u00e4lder.<\/span><\/p>\n<\/div>\n<\/div>\n","protected":false},"excerpt":{"rendered":"<p>Sie sind es sich endlich wert \u2013 der weltweit gr\u00f6sste Konzern f\u00fcr Beauty- und Kosmetikprodukte hat sich ehrgeizigere Ziele beim Waldschutz gesetzt. Bis zum Jahr 2020 will L\u2019Oreal nicht-nachhaltiges Palm\u00f6l&hellip;<\/p>\n","protected":false},"author":23,"featured_media":11575,"comment_status":"closed","ping_status":"open","sticky":false,"template":"","format":"standard","meta":{"_acf_changed":false,"_planet4_optimize_post_is_variant":false,"_planet4_optimize_experiment_name":"","_planet4_optimize_variant_name":"","ep_exclude_from_search":false,"p4_og_title":"","p4_og_description":"","p4_og_image":"","p4_og_image_id":"","p4_seo_canonical_url":"","p4_campaign_name":"","p4_local_project":"","p4_basket_name":"","p4_department":"","footnotes":""},"categories":[1],"tags":[40],"p4-page-type":[75],"gpch-article-type":[],"class_list":["post-11573","post","type-post","status-publish","format-standard","has-post-thumbnail","hentry","category-unkategorisiert","tag-wald","p4-page-type-story"],"acf":[],"_links":{"self":[{"href":"https:\/\/www.greenpeace.ch\/de\/wp-json\/wp\/v2\/posts\/11573","targetHints":{"allow":["GET"]}}],"collection":[{"href":"https:\/\/www.greenpeace.ch\/de\/wp-json\/wp\/v2\/posts"}],"about":[{"href":"https:\/\/www.greenpeace.ch\/de\/wp-json\/wp\/v2\/types\/post"}],"author":[{"embeddable":true,"href":"https:\/\/www.greenpeace.ch\/de\/wp-json\/wp\/v2\/users\/23"}],"replies":[{"embeddable":true,"href":"https:\/\/www.greenpeace.ch\/de\/wp-json\/wp\/v2\/comments?post=11573"}],"version-history":[{"count":0,"href":"https:\/\/www.greenpeace.ch\/de\/wp-json\/wp\/v2\/posts\/11573\/revisions"}],"wp:featuredmedia":[{"embeddable":true,"href":"https:\/\/www.greenpeace.ch\/de\/wp-json\/wp\/v2\/media\/11575"}],"wp:attachment":[{"href":"https:\/\/www.greenpeace.ch\/de\/wp-json\/wp\/v2\/media?parent=11573"}],"wp:term":[{"taxonomy":"category","embeddable":true,"href":"https:\/\/www.greenpeace.ch\/de\/wp-json\/wp\/v2\/categories?post=11573"},{"taxonomy":"post_tag","embeddable":true,"href":"https:\/\/www.greenpeace.ch\/de\/wp-json\/wp\/v2\/tags?post=11573"},{"taxonomy":"p4-page-type","embeddable":true,"href":"https:\/\/www.greenpeace.ch\/de\/wp-json\/wp\/v2\/p4-page-type?post=11573"},{"taxonomy":"gpch-article-type","embeddable":true,"href":"https:\/\/www.greenpeace.ch\/de\/wp-json\/wp\/v2\/gpch-article-type?post=11573"}],"curies":[{"name":"wp","href":"https:\/\/api.w.org\/{rel}","templated":true}]}}