{"id":116456,"date":"2025-01-16T15:26:20","date_gmt":"2025-01-16T14:26:20","guid":{"rendered":"https:\/\/www.greenpeace.ch\/?p=116456"},"modified":"2025-01-16T15:27:35","modified_gmt":"2025-01-16T14:27:35","slug":"plastik-recycling-eine-flucht-nach-vorn-mit-immer-mehr-klima-und-umweltschaedlichen-verpackungen","status":"publish","type":"post","link":"https:\/\/www.greenpeace.ch\/de\/medienmitteilung\/116456\/plastik-recycling-eine-flucht-nach-vorn-mit-immer-mehr-klima-und-umweltschaedlichen-verpackungen\/","title":{"rendered":"Plastik-Recycling: Eine Flucht nach vorn, mit immer mehr klima- und umweltsch\u00e4dlichen Verpackungen"},"content":{"rendered":"\n<p><strong>Die Organisation Recypac, ein Zusammenschluss von Akteuren aus der Plastikindustrie, Herstellerfirmen und Detailhandel, best\u00e4tigt heute den Start der Sammlung f\u00fcr Plastikverpackungen und Getr\u00e4nkekartons. Greenpeace Schweiz bedauert, dass diese Akteure weiterhin in das Recycling investieren, anstatt zusammenzuarbeiten, um Mehrwegsysteme einzuf\u00fchren.<\/strong><br><\/p>\n\n<p>Der Kommentar von Jo\u00eblle H\u00e9rin, Expertin f\u00fcr Konsum und Kreislaufwirtschaft bei Greenpeace Schweiz:&nbsp;<\/p>\n\n<p>\u00abEine separate Sammlung von Plastikabfall wird den Bedarf an neuem Plastik f\u00fcr Verpackungen nicht verkleinern. Denn aus den Plastikverpackungen, die im Recycling landen, k\u00f6nnen keine neuen Verpackungen hergestellt werden, sondern nur gr\u00f6bere Plastikprodukte (sog. Downcycling). Da Plastik aus Erd\u00f6l hergestellt wird, steht das im Widerspruch zu den Klimazielen. Viel sinnvoller w\u00e4re es, das Problem an der Wurzel zu packen und daf\u00fcr zu sorgen, dass weniger Plastik in Umlauf gebracht wird. Die Vorteile f\u00fcr das Klima und die Umwelt w\u00e4ren weitaus gr\u00f6sser. Die einzige wirklich nachhaltige L\u00f6sung ist daher eine, welche die Wiederwendbarkeit priorisiert.\u00bb&nbsp;<\/p>\n\n<p>\u00abRecypac vereint die wichtigsten Akteure der Plastiklieferkette, vom Hersteller bis zum Detailh\u00e4ndler.&nbsp; Der Verein verpasst eine grossartige Gelegenheit, Mehrwegsysteme zu entwickeln. Stattdessen w\u00e4lzt er die Verantwortung auf die Konsument:innen ab, indem diese f\u00fcr das Sortieren von Verpackungen bezahlen sollen, die von den Herstellern und dem Detailhandel produziert werden. Das zeugt nicht von einem erweiterten Verst\u00e4ndnis von Verantwortung.\u00bb<\/p>\n\n<h2 class=\"wp-block-heading\"><strong>Kontakt<\/strong><\/h2>\n\n<p>Medienstelle Greenpeace Schweiz, +41 44 447 41 11, <a href=\"mailto:pressestelle.ch@greenpeace.org\">pressestelle.ch@greenpeace.org<\/a><\/p>\n","protected":false},"excerpt":{"rendered":"<p>Die Organisation Recypa best\u00e4tigt heute den Start der Sammlung f\u00fcr Plastikverpackungen und Getr\u00e4nkekartons. Greenpeace Schweiz bedauert, dass diese Akteure weiterhin in das Recycling investieren, anstatt zusammenzuarbeiten, um Mehrwegsysteme einzuf\u00fchren.<\/p>\n","protected":false},"author":103,"featured_media":104651,"comment_status":"closed","ping_status":"open","sticky":false,"template":"","format":"standard","meta":{"_acf_changed":false,"_planet4_optimize_post_is_variant":false,"_planet4_optimize_experiment_name":"","_planet4_optimize_variant_name":"","ep_exclude_from_search":false,"p4_og_title":"","p4_og_description":"","p4_og_image":"","p4_og_image_id":"","p4_seo_canonical_url":"","p4_campaign_name":"","p4_local_project":"","p4_basket_name":"","p4_department":"","footnotes":""},"categories":[48,1],"tags":[37,217],"p4-page-type":[71],"gpch-article-type":[],"class_list":["post-116456","post","type-post","status-publish","format-standard","has-post-thumbnail","hentry","category-zero-waste","category-unkategorisiert","tag-zero-waste","tag-konsum","p4-page-type-medienmitteilung"],"acf":[],"_links":{"self":[{"href":"https:\/\/www.greenpeace.ch\/de\/wp-json\/wp\/v2\/posts\/116456","targetHints":{"allow":["GET"]}}],"collection":[{"href":"https:\/\/www.greenpeace.ch\/de\/wp-json\/wp\/v2\/posts"}],"about":[{"href":"https:\/\/www.greenpeace.ch\/de\/wp-json\/wp\/v2\/types\/post"}],"author":[{"embeddable":true,"href":"https:\/\/www.greenpeace.ch\/de\/wp-json\/wp\/v2\/users\/103"}],"replies":[{"embeddable":true,"href":"https:\/\/www.greenpeace.ch\/de\/wp-json\/wp\/v2\/comments?post=116456"}],"version-history":[{"count":3,"href":"https:\/\/www.greenpeace.ch\/de\/wp-json\/wp\/v2\/posts\/116456\/revisions"}],"predecessor-version":[{"id":116459,"href":"https:\/\/www.greenpeace.ch\/de\/wp-json\/wp\/v2\/posts\/116456\/revisions\/116459"}],"wp:featuredmedia":[{"embeddable":true,"href":"https:\/\/www.greenpeace.ch\/de\/wp-json\/wp\/v2\/media\/104651"}],"wp:attachment":[{"href":"https:\/\/www.greenpeace.ch\/de\/wp-json\/wp\/v2\/media?parent=116456"}],"wp:term":[{"taxonomy":"category","embeddable":true,"href":"https:\/\/www.greenpeace.ch\/de\/wp-json\/wp\/v2\/categories?post=116456"},{"taxonomy":"post_tag","embeddable":true,"href":"https:\/\/www.greenpeace.ch\/de\/wp-json\/wp\/v2\/tags?post=116456"},{"taxonomy":"p4-page-type","embeddable":true,"href":"https:\/\/www.greenpeace.ch\/de\/wp-json\/wp\/v2\/p4-page-type?post=116456"},{"taxonomy":"gpch-article-type","embeddable":true,"href":"https:\/\/www.greenpeace.ch\/de\/wp-json\/wp\/v2\/gpch-article-type?post=116456"}],"curies":[{"name":"wp","href":"https:\/\/api.w.org\/{rel}","templated":true}]}}