{"id":116741,"date":"2025-01-27T09:55:00","date_gmt":"2025-01-27T08:55:00","guid":{"rendered":"https:\/\/www.greenpeace.ch\/?p=116741"},"modified":"2025-01-27T07:51:12","modified_gmt":"2025-01-27T06:51:12","slug":"umsetzung-des-egmr-urteils-klimaseniorinnen-und-ngo-koalition-reagieren-auf-aktionsbericht-der-schweiz","status":"publish","type":"post","link":"https:\/\/www.greenpeace.ch\/de\/medienmitteilung\/116741\/umsetzung-des-egmr-urteils-klimaseniorinnen-und-ngo-koalition-reagieren-auf-aktionsbericht-der-schweiz\/","title":{"rendered":"Umsetzung des EGMR-Urteils: KlimaSeniorinnen und NGO-Koalition reagieren auf Aktionsbericht der Schweiz"},"content":{"rendered":"\n<p><strong>Das Ministerkomitee des Europarats \u00fcberwacht die Umsetzung der Urteile des Europ\u00e4ischen Gerichtshofs f\u00fcr Menschenrechte (EGMR). An seiner <\/strong><a href=\"https:\/\/www.coe.int\/en\/web\/cm\/march-2025\" target=\"_blank\" rel=\"noreferrer noopener\"><strong>Sitzung vom 4. bis 6. M\u00e4rz 2025<\/strong><\/a><strong> ist das Urteil im Fall der KlimaSeniorinnen Schweiz traktandiert. Die KlimaSeniorinnen sowie eine breite Koalition von Nichtregierungsorganisationen haben nun zuhanden des Ministerkomitees je eine Stellungnahme eingereicht und reagieren darin auf den Aktionsbericht der Schweiz.&nbsp;<\/strong><\/p>\n\n<p>Das Ministerkomitee \u00fcberwacht, ob und wie die vom EGMR festgestellten Menschenrechtsverletzungen behoben werden. Es pr\u00fcft daf\u00fcr die Berichterstattung der betroffenen Staaten und ber\u00fccksichtigt bei seiner Beurteilung auch Stellungnahmen der verletzten Partei, zivilgesellschaftlicher Organisationen und nationaler Menschenrechtseinrichtungen. Im Oktober 2024 erstattete die Schweiz dem Ministerkomitee Bericht. Darin beantragte die Schweiz die Schliessung des Falls.&nbsp;<\/p>\n\n<p>Das Rechtsteam der KlimaSeniorinnen Schweiz sowie eine breite Koalition von 33 Nichtregierungsorganisationen (NGO) [1] haben in der Folge den <a href=\"https:\/\/rm.coe.int\/0900001680b1ddd9\" target=\"_blank\" rel=\"noreferrer noopener\">Aktionsbericht der Schweiz<\/a> analysiert und dazu beim Ministerkomitee Stellung genommen.\u00a0<\/p>\n\n<p>Sowohl die KlimaSeniorinnen als auch die NGO-Koalition weisen darauf hin, dass die Schweiz die vom EGMR festgestellte Verletzung von Artikel 8 der Europ\u00e4ischen Menschenrechtskonvention bislang nicht behoben hat. \u00abIn ihrem Aktionsbericht st\u00fctzt sich die Schweiz auf Argumente, die der EGMR in seiner Entscheidung bereits zur\u00fcckgewiesen hatte. Auch die nach dem Urteil \u2013 und unabh\u00e4ngig vom Urteil \u2013 erfolgten Gesetzesanpassungen sind nicht ausreichend, um die Anforderungen an einen menschenrechtskonformen Klimaschutz zu erf\u00fcllen\u00bb, sagt Cordelia B\u00e4hr, leitende Rechtsanw\u00e4ltin der KlimaSeniorinnen.&nbsp;<\/p>\n\n<p>Die KlimaSeniorinnen und die NGO-Koalition ersuchen das Ministerkomitee, die Schweiz dazu aufzufordern, den Anforderungen des Klima-Urteils umgehend nachzukommen.&nbsp;<\/p>\n\n<p>Dazu geh\u00f6rt erstens die zeitnahe Bestimmung des Schweizer CO2-Budgets, welches \u00fcbereinstimmt mit dem Ziel, die globale Erw\u00e4rmung auf 1.5\u00b0C zu begrenzen. Und zweitens eine entsprechende Anpassung der Schweizer Klimaziele. Die Schweiz behauptet, dass eine Berechnung des CO2-Budgets mangels einer international vereinbarten Methodik nicht m\u00f6glich sei. Doch der EGMR hat dieses Argument bereits in seinem Urteil abgelehnt und festgestellt, dass es m\u00f6glich ist, das nationale CO2-Budget zu bestimmen (<a href=\"https:\/\/www.klimaseniorinnen.ch\/wp-content\/uploads\/2024\/04\/CASE-OF-VEREIN-KLIMASENIORINNEN-SCHWEIZ-AND-OTHERS-v.-SWITZERLAND.pdf\" target=\"_blank\" rel=\"noreferrer noopener\">\u00a7571<\/a>). Auch das European Scientific Advisory Board on Climate Change (ESABCC), auf den sich der Gerichtshof zu Vergleichszwecken bezog, hat f\u00fcr die \u00dcberarbeitung der EU-Klimazielsetzungen f\u00fcr 2040 just solche <a href=\"https:\/\/climate-advisory-board.europa.eu\/reports-and-publications\/scientific-advice-for-the-determination-of-an-eu-wide-2040\" target=\"_blank\" rel=\"noreferrer noopener\">Budgetberechnungen<\/a> vorgenommen.&nbsp;<\/p>\n\n<p>Gest\u00fctzt auf die Methodik des ESABCC haben die KlimaSeniorinnen und Greenpeace Schweiz das Schweizer CO2-Budget von Experten berechnen lassen. \u00abDiese dem Ministerkomitee vorgelegten Berechnungen zeigen, dass die von der Schweiz geplanten Emissionen in jedem Fall ein 1.5\u00b0C-kompatibles CO2-Budget stark \u00fcberschreiten\u00bb, sagt Georg Klingler, Klima- und Energieexperte sowie Projektkoordinator bei Greenpeace Schweiz.&nbsp;<\/p>\n\n<p>\u00abDie Schweizer Klimapolitik verletzt weiterhin unsere Menschenrechte. Darum hoffen wir, dass das Ministerkomitee die Schweiz auffordert, die Umsetzung des Urteils nun endlich an die Hand zu nehmen. Das Zeitfenster, in dem eine lebenswerte und nachhaltige Zukunft f\u00fcr alle gesichert werden kann, schliesst sich schnell\u00bb, sagt Rosmarie Wydler-W\u00e4lti, Co-Pr\u00e4sidentin der KlimaSeniorinnen.&nbsp;<\/p>\n\n<p>[1] Greenpeace International und Climate Litigation Network, unterst\u00fctzt von 31 NGO, darunter die Konferenz der Internationalen Nichtregierungsorganisationen des Europarates, das repr\u00e4sentative Gremium der INGOs, die beim Europarat einen Teilnehmerstatus geniessen. Die beteiligten NGO decken ein breites geografisches und thematisches Spektrum ab und konzentrieren sich unter anderem auf Menschenrechte, Umwelt, k\u00fcnftige Generationen und Klimaschutz.<\/p>\n\n<hr class=\"wp-block-separator has-alpha-channel-opacity\"\/>\n\n<h2 class=\"wp-block-heading\"><strong>Die Stellungnahmen zuhanden des Ministerkomitees<\/strong><\/h2>\n\n<ul class=\"wp-block-list\">\n<li><a href=\"https:\/\/www.klimaseniorinnen.ch\/wp-content\/uploads\/2025\/01\/250117_Rule_9_submission_KlimaSeniorinnen.pdf\" target=\"_blank\" rel=\"noreferrer noopener\">Stellungnahme<\/a> der KlimaSeniorinnen Schweiz mit Annex I CLN-Analyse (erscheint in K\u00fcrze), <a href=\"https:\/\/www.klimaseniorinnen.ch\/wp-content\/uploads\/2025\/01\/Annex_II_Pelz_du_Pont_Nicholls_Switzerland_Carbon_Budget.pdf\" target=\"_blank\" rel=\"noreferrer noopener\">Annex II Schweizer CO2-Budget<\/a>, <a href=\"https:\/\/www.klimaseniorinnen.ch\/wp-content\/uploads\/2025\/01\/Annex_III_CO2_emissions_projections_Switzerland_2023_2050.pdf\" target=\"_blank\" rel=\"noreferrer noopener\">Annex III CO2-Emissionsprognosen f\u00fcr die Schweiz 2023\u20132050<\/a><\/li>\n\n\n\n<li><a href=\"https:\/\/climatelitigationnetwork.org\/wp-content\/uploads\/2024-01-17-Verein-KlimaSeniorinnen_Rule-9.2-Submission_NGO-Coalition-1.pdf\" target=\"_blank\" rel=\"noreferrer noopener\">Stellungnahme<\/a> der NGO-Koalition<\/li>\n\n\n\n<li><a href=\"https:\/\/www.isdh.ch\/de\/smri\/aktuell\/stellungnahmen\/klimaseniorinnen-stellungnahme-ministerkomitee-des-europarates\" target=\"_blank\" rel=\"noreferrer noopener\">Stellungnahme<\/a> der Schweizerischen Menschenrechtsinstitution<\/li>\n<\/ul>\n\n<p>Weitere Informationen zum Klima-Urteil sind auf der <a href=\"https:\/\/www.klimaseniorinnen.ch\/dokumente\/\" target=\"_blank\" rel=\"noreferrer noopener\">Website der KlimaSeniorinnen<\/a> zu finden.&nbsp;<\/p>\n\n<hr class=\"wp-block-separator has-alpha-channel-opacity\"\/>\n\n<h2 class=\"wp-block-heading\"><strong>Kontakte<\/strong><\/h2>\n\n<p>Deutsch<\/p>\n\n<ul class=\"wp-block-list\">\n<li>Rosmarie Wydler-W\u00e4lti, Co-Pr\u00e4sidentin des Vereins KlimaSeniorinnen, 079 567 67 73, <a href=\"mailto:rosmariewydler@sunrise.ch\">rosmariewydler@sunrise.ch<\/a>&nbsp;<\/li>\n\n\n\n<li>Cordelia B\u00e4hr, Rechtsanw\u00e4ltin der KlimaSeniorinnen, 078 801 70 34, <a href=\"mailto:baehr@ettwein.ch\">baehr@ettwein.ch<\/a>&nbsp;<\/li>\n\n\n\n<li>Martin Looser, Rechtsanwalt der KlimaSeniorinnen, 079 481 76 88, <a href=\"mailto:looser@ettlersuter.ch\">looser@ettlersuter.ch<\/a>&nbsp;<\/li>\n\n\n\n<li>Georg Klingler, Klimaexperte Greenpeace Schweiz, 079 785 07 38, <a href=\"mailto:georg.klingler@greenpeace.org\">georg.klingler@greenpeace.org<\/a>&nbsp;<\/li>\n<\/ul>\n\n<p>Franz\u00f6sisch<\/p>\n\n<ul class=\"wp-block-list\">\n<li>Anne Mahrer, Co-Pr\u00e9sidente des A\u00een\u00e9es pour le climat Suisse, 079 249 72 17, <a href=\"mailto:anne.mahrer@bluewin.ch\">anne.mahrer@bluewin.ch<\/a>&nbsp;<\/li>\n\n\n\n<li>Rapha\u00ebl Mahaim, Avocat au Barreau, 079 769 70 33, <a href=\"mailto:rmahaim@r-associes.ch\">rmahaim@r-associes.ch<\/a>&nbsp;<\/li>\n<\/ul>\n\n<p>Italienisch<\/p>\n\n<ul class=\"wp-block-list\">\n<li>Norma Bargetzi, Anziane per la protezione del clima, 079 352 98 89, <a href=\"mailto:normaba@bluewin.ch\">normaba@bluewin.ch<\/a>&nbsp;<\/li>\n<\/ul>\n\n<p><\/p>\n","protected":false},"excerpt":{"rendered":"<p>Die KlimaSeniorinnen sowie eine breite Koalition von Nichtregierungsorganisationen haben zuhanden des Ministerkomitees je eine Stellungnahme eingereicht und reagieren darin auf den Aktionsbericht der Schweiz. <\/p>\n","protected":false},"author":39,"featured_media":116742,"comment_status":"closed","ping_status":"open","sticky":false,"template":"","format":"standard","meta":{"_acf_changed":false,"_planet4_optimize_post_is_variant":false,"_planet4_optimize_experiment_name":"","_planet4_optimize_variant_name":"","ep_exclude_from_search":false,"p4_og_title":"","p4_og_description":"","p4_og_image":"","p4_og_image_id":"","p4_seo_canonical_url":"","p4_campaign_name":"","p4_local_project":"","p4_basket_name":"","p4_department":"","footnotes":""},"categories":[1],"tags":[34,50],"p4-page-type":[71],"gpch-article-type":[],"class_list":["post-116741","post","type-post","status-publish","format-standard","has-post-thumbnail","hentry","category-unkategorisiert","tag-klimagerechtigkeit","tag-klima","p4-page-type-medienmitteilung"],"acf":[],"_links":{"self":[{"href":"https:\/\/www.greenpeace.ch\/de\/wp-json\/wp\/v2\/posts\/116741","targetHints":{"allow":["GET"]}}],"collection":[{"href":"https:\/\/www.greenpeace.ch\/de\/wp-json\/wp\/v2\/posts"}],"about":[{"href":"https:\/\/www.greenpeace.ch\/de\/wp-json\/wp\/v2\/types\/post"}],"author":[{"embeddable":true,"href":"https:\/\/www.greenpeace.ch\/de\/wp-json\/wp\/v2\/users\/39"}],"replies":[{"embeddable":true,"href":"https:\/\/www.greenpeace.ch\/de\/wp-json\/wp\/v2\/comments?post=116741"}],"version-history":[{"count":3,"href":"https:\/\/www.greenpeace.ch\/de\/wp-json\/wp\/v2\/posts\/116741\/revisions"}],"predecessor-version":[{"id":116807,"href":"https:\/\/www.greenpeace.ch\/de\/wp-json\/wp\/v2\/posts\/116741\/revisions\/116807"}],"wp:featuredmedia":[{"embeddable":true,"href":"https:\/\/www.greenpeace.ch\/de\/wp-json\/wp\/v2\/media\/116742"}],"wp:attachment":[{"href":"https:\/\/www.greenpeace.ch\/de\/wp-json\/wp\/v2\/media?parent=116741"}],"wp:term":[{"taxonomy":"category","embeddable":true,"href":"https:\/\/www.greenpeace.ch\/de\/wp-json\/wp\/v2\/categories?post=116741"},{"taxonomy":"post_tag","embeddable":true,"href":"https:\/\/www.greenpeace.ch\/de\/wp-json\/wp\/v2\/tags?post=116741"},{"taxonomy":"p4-page-type","embeddable":true,"href":"https:\/\/www.greenpeace.ch\/de\/wp-json\/wp\/v2\/p4-page-type?post=116741"},{"taxonomy":"gpch-article-type","embeddable":true,"href":"https:\/\/www.greenpeace.ch\/de\/wp-json\/wp\/v2\/gpch-article-type?post=116741"}],"curies":[{"name":"wp","href":"https:\/\/api.w.org\/{rel}","templated":true}]}}