{"id":117368,"date":"2025-02-07T07:00:00","date_gmt":"2025-02-07T06:00:00","guid":{"rendered":"https:\/\/www.greenpeace.ch\/?p=117368"},"modified":"2025-02-06T17:42:41","modified_gmt":"2025-02-06T16:42:41","slug":"klima-allianz-kritisiert","status":"publish","type":"post","link":"https:\/\/www.greenpeace.ch\/de\/medienmitteilung\/117368\/klima-allianz-kritisiert\/","title":{"rendered":"Rechenfehler und unzureichende Ambitionen: Klima-Allianz kritisiert Klimaverpflichtungen der Schweiz"},"content":{"rendered":"\n<p><strong>Die Klima-Allianz hat den zweiten national\u00a0 festgelegten Beitrag (NDC) der Schweiz im Rahmen des Pariser Abkommens <\/strong><a href=\"https:\/\/www.klima-allianz.ch\/wp-content\/uploads\/250205_CH-NDC_2-pagers.pdf\" target=\"_blank\" rel=\"noreferrer noopener\"><strong>vertieft analysiert<\/strong><\/a><strong> und bringt ihre tiefe Besorgnis zum Ausdruck. Weit davon entfernt, das Prinzip des \u201efairen Anteils\u201c (fair share) und die notwendigen Anforderungen zur Begrenzung der Erw\u00e4rmung auf 1,5\u00b0C zu erf\u00fcllen, pr\u00e4sentiert die Schweiz weitgehend unzureichende Ziele, sowohl in Bezug auf die Emissionsreduktionen als auch auf die Klimagerechtigkeit und die Finanzierung.<\/strong><\/p>\n\n<h4 class=\"wp-block-heading\"><strong>Sektorspezifische Ziele, die nicht mit dem nationalen Ziel \u00fcbereinstimmen: ein weiterer Beweis f\u00fcr die Inkoh\u00e4renz der aktuellen Bundespolitik.<\/strong><\/h4>\n\n<p>David Knecht, Klimaexperte bei Fastenaktion, ordnet ein: \u201cObwohl die Schweiz ihre sektoralen Pfade detailliert aufgeschl\u00fcsselt hat, reicht deren Addition nicht einmal aus, um das unzureichende Gesamtziel von -65 % Emissionen bis 2035 zu erreichen.\u201d Abgesehen von diesem \u201cRechnungsfehler\u201d bei den Schweizer Sektorzielen produziert der Bundesrat weitere Unstimmigkeiten. Im NDC verweist der Bundesrat gegen\u00fcber der internationalen Staatengemeinschaft auf die Wirkung der nationalen Klimapolitik, und gleichzeitig beschliesst er, diese abzubauen. Patrick Hofstetter, WWF und Vorstandsmitglied der Klima-Allianz, erkl\u00e4rt: \u201cEin Beispiel ist das Geb\u00e4udeprogramm. Am Tag der Ver\u00f6ffentlichung des NDC, in dem der Bundesrat auf die Wirkung des Geb\u00e4udeprogramm hinweist, hat der Bundesrat beschlossen, f\u00fcr genau dieses Programm die Bundesgelder zu streichen. Diese Inkonsistenzen stellen die F\u00e4higkeit der Schweiz, ihre eigenen Klimaverpflichtungen einzuhalten, in Frage.\u201d<\/p>\n\n<h4 class=\"wp-block-heading\"><strong>Unzureichende Reduktionen bei einem bereits ausgesch\u00f6pften Kohlenstoffbudget.<\/strong><\/h4>\n\n<p>Das neue Ziel, die Emissionen bis 2035 um -65% im Vergleich zu 1990 zu reduzieren, ist v\u00f6llig unzureichend. Die Schweiz pr\u00e4sentiert damit ein lineares Zwischenziel der im ersten NDC kommunizierten netto Null-Zielsetzung bis 2050. Die bis 2050 geplanten Emissionen bleiben gleich, womit das Gebot der Steigerung der Ambitionen, wie in Artikel 4, Absatz 3 des \u00dcbereinkommens von Paris vorgesehen, verletzt wird.&nbsp;<\/p>\n\n<p>Georg Klingler, Greenpeace und Vorstandsmitglied der Klima-Allianz, erkl\u00e4rt: \u201cOhne Steigerung der Ambitionen kann die 1.5\u00b0C-Grenze nicht eingehalten werden. Mit diesem NDC plant die Schweiz eine massive \u00dcbernutzung des noch verbleibenden CO2-Budgets.\u201d<\/p>\n\n<h4 class=\"wp-block-heading\"><strong>Die Klimafinanzierung ist bei weitem nicht ausreichend.<\/strong><\/h4>\n\n<p>Die Schweiz muss ihre Klimafinanzierung deutlich erh\u00f6hen, um dem tats\u00e4chlichen Bedarf gerecht zu werden. Bettina D\u00fcrr, Fastenaktion und Vorstandsmitglied der Klima-Allianz erl\u00e4utert: \u201cDie Schweiz muss den globalen Finanzierungsbedarf anerkennen und entsprechend ihrer Wirtschaftskraft rund 1% an den Bedarf der Entwicklungsl\u00e4nder beitragen. Dies entspricht\u00a0 j\u00e4hrlich rund 10 Milliarden US-Dollar, die n\u00f6tig sind, um die am st\u00e4rksten gef\u00e4hrdeten L\u00e4nder im Globalen S\u00fcden zu unterst\u00fctzen. Damit k\u00f6nnen betroffene L\u00e4nder zum Beispiel Verluste und Sch\u00e4den aufgrund von Klimaauswirkungen decken.\u201d<\/p>\n\n<h4 class=\"wp-block-heading\"><strong>Eine Klimapolitik, die die Menschenrechte mit F\u00fcssen tritt.<\/strong><\/h4>\n\n<p>Mit diesem NDC ignoriert die Schweizer Regierung die Anforderungen des historischen Urteils des Europ\u00e4ischen Gerichtshofs f\u00fcr Menschenrechte (EGMR). Dieses verlangt, dass die Schweiz ihre Emissionen so begrenzt, dass das noch verbleibende CO2-Budget f\u00fcr die Einhaltung der 1.5\u00b0C-Grenze nicht \u00fcberschritten wird. Als reiches Land mit hohen historischen Emissionen m\u00fcsste die Schweiz bis 2035 netto negative Emissionen erreichen. Dies m\u00fcsste durch ein netto null Ziel im Inland mit zus\u00e4tzlicher Unterst\u00fctzung anderer L\u00e4nder bei der Reduktion ihrer Emissionen erfolgen. Die von der Schweiz weiterhin geplante Anrechnung von Emissionsreduktionen aus anderen L\u00e4ndern an die Landes-Zielsetzungen verw\u00e4ssert die Ambitionen und muss dringend gestoppt werden.\u00a0<\/p>\n\n<h4 class=\"wp-block-heading\"><strong>Die Klima-Allianz fordert eine Reaktion des Bundesrates.<\/strong><\/h4>\n\n<p>Wir erwarten Folgendes:&nbsp;<\/p>\n\n<ul class=\"wp-block-list\">\n<li>Die Schweiz muss schnell von Verpflichtungen zu konkreten Massnahmen \u00fcbergehen und die Schweizer Klimapolitik muss mit diesen Verpflichtungen \u00fcbereinstimmen, indem sie massiv in die Energiewende und die Geb\u00e4udesanierung investiert, anstatt Haushaltsk\u00fcrzungen vorzunehmen, die diese Bem\u00fchungen schw\u00e4chen.<\/li>\n\n\n\n<li>Die Schweiz muss bei zuk\u00fcnftigen Verpflichtungen ehrgeiziger sein, indem sie die Tatsache ber\u00fccksichtigt, dass ihr CO2-Budget bereits \u00fcberschritten ist, und sie muss ihr Engagement f\u00fcr den Ausstieg aus fossilen Energien endg\u00fcltig verankern. Die Anrechnung von Emissionsreduktionen in anderen L\u00e4ndern muss gestoppt werden.\u00a0<\/li>\n\n\n\n<li>Die Schweiz muss ihre globale Verantwortung st\u00e4rker wahrnehmen, indem sie sich mit 10 Milliarden US-Dollar pro Jahr an der Klimafinanzierung beteiligt und die Prinzipien der Klimagerechtigkeit beachtet.\u00a0<\/li>\n<\/ul>\n\n<h3 class=\"wp-block-heading\">Mehr Informationen <\/h3>\n\n<p><a href=\"https:\/\/www.klima-allianz.ch\/wp-content\/uploads\/250205_CH-NDC_2-pagers.pdf\" target=\"_blank\" rel=\"noreferrer noopener\">Zwei-Seiten-Analyse des NDC der Schweiz<\/a>, Klima-Allianz Schweiz, Februar 2025. <\/p>\n\n<h3 class=\"wp-block-heading\"><strong>Kontakte<\/strong><\/h3>\n\n<ul class=\"wp-block-list\">\n<li>Bettina D\u00fcrr, Programmverantwortliche Klimagerechtigkeit, Fastenaktion, Vorstandsmitglied Klima-Allianz, duerr@fastenaktion.ch, 079 745 43 53<\/li>\n\n\n\n<li>David Knecht, Programmverantwortlicher Klimagerechtigkeit, Fastenaktion, knecht@fastenaktion.ch. 076 436 59 86<\/li>\n\n\n\n<li>Georg Klingler Heiligtag, Klimaexperte, Greenpeace Schweiz, Vorstandsmitglied Klima-Allianz, georg.klingler@greenpeace.org, 079 785 07 38<\/li>\n\n\n\n<li>Patrick Hofstetter, Klimaschutzexperte, WWF Schweiz, Vorstandsmitglied Klima-Allianz, patrick.hofstetter@wwf.ch, 076 305 67 37<br><\/li>\n<\/ul>\n\n<p><br><\/p>\n","protected":false},"excerpt":{"rendered":"<p>Die Klima-Allianz hat den zweiten national\u00a0 festgelegten Beitrag (NDC) der Schweiz im Rahmen des Pariser Abkommens vertieft analysiert und bringt ihre tiefe Besorgnis zum Ausdruck. <\/p>\n","protected":false},"author":37,"featured_media":117361,"comment_status":"closed","ping_status":"open","sticky":false,"template":"","format":"standard","meta":{"_acf_changed":false,"_planet4_optimize_post_is_variant":false,"_planet4_optimize_experiment_name":"","_planet4_optimize_variant_name":"","ep_exclude_from_search":false,"p4_og_title":"","p4_og_description":"","p4_og_image":"","p4_og_image_id":"","p4_seo_canonical_url":"","p4_campaign_name":"","p4_local_project":"","p4_basket_name":"","p4_department":"","footnotes":""},"categories":[1],"tags":[34,42,50,203],"p4-page-type":[71],"gpch-article-type":[],"class_list":["post-117368","post","type-post","status-publish","format-standard","has-post-thumbnail","hentry","category-unkategorisiert","tag-klimagerechtigkeit","tag-energie","tag-klima","tag-co2-gesetz","p4-page-type-medienmitteilung"],"acf":[],"_links":{"self":[{"href":"https:\/\/www.greenpeace.ch\/de\/wp-json\/wp\/v2\/posts\/117368","targetHints":{"allow":["GET"]}}],"collection":[{"href":"https:\/\/www.greenpeace.ch\/de\/wp-json\/wp\/v2\/posts"}],"about":[{"href":"https:\/\/www.greenpeace.ch\/de\/wp-json\/wp\/v2\/types\/post"}],"author":[{"embeddable":true,"href":"https:\/\/www.greenpeace.ch\/de\/wp-json\/wp\/v2\/users\/37"}],"replies":[{"embeddable":true,"href":"https:\/\/www.greenpeace.ch\/de\/wp-json\/wp\/v2\/comments?post=117368"}],"version-history":[{"count":2,"href":"https:\/\/www.greenpeace.ch\/de\/wp-json\/wp\/v2\/posts\/117368\/revisions"}],"predecessor-version":[{"id":117370,"href":"https:\/\/www.greenpeace.ch\/de\/wp-json\/wp\/v2\/posts\/117368\/revisions\/117370"}],"wp:featuredmedia":[{"embeddable":true,"href":"https:\/\/www.greenpeace.ch\/de\/wp-json\/wp\/v2\/media\/117361"}],"wp:attachment":[{"href":"https:\/\/www.greenpeace.ch\/de\/wp-json\/wp\/v2\/media?parent=117368"}],"wp:term":[{"taxonomy":"category","embeddable":true,"href":"https:\/\/www.greenpeace.ch\/de\/wp-json\/wp\/v2\/categories?post=117368"},{"taxonomy":"post_tag","embeddable":true,"href":"https:\/\/www.greenpeace.ch\/de\/wp-json\/wp\/v2\/tags?post=117368"},{"taxonomy":"p4-page-type","embeddable":true,"href":"https:\/\/www.greenpeace.ch\/de\/wp-json\/wp\/v2\/p4-page-type?post=117368"},{"taxonomy":"gpch-article-type","embeddable":true,"href":"https:\/\/www.greenpeace.ch\/de\/wp-json\/wp\/v2\/gpch-article-type?post=117368"}],"curies":[{"name":"wp","href":"https:\/\/api.w.org\/{rel}","templated":true}]}}