{"id":11789,"date":"2013-11-21T00:00:00","date_gmt":"2013-11-20T22:00:00","guid":{"rendered":"https:\/\/master.greenpeace.ch\/beitrag\/11789\/greenpeace-verlaesst-aus-protest-die-klimakonferenz-in-warschau\/"},"modified":"2019-05-30T11:12:46","modified_gmt":"2019-05-30T09:12:46","slug":"greenpeace-verlaesst-aus-protest-die-klimakonferenz-in-warschau","status":"publish","type":"post","link":"https:\/\/www.greenpeace.ch\/de\/story\/11789\/greenpeace-verlaesst-aus-protest-die-klimakonferenz-in-warschau\/","title":{"rendered":"Greenpeace verl\u00e4sst aus Protest die Klimakonferenz in Warschau"},"content":{"rendered":"<p><b>Aus Protest gegen die Verweigerung der Regierungen und den steigenden Einfluss der Wirtschaftsverb\u00e4nde bei den Klimaverhandlungen in Warschau verlassen heute Nichtregierungsorganisationen aus aller Welt, darunter Greenpeace, der Bund f\u00fcr Umwelt und Naturschutz Deutschland (BUND), WWF und Oxfam, die 19. UN-Klimakonferenz.<\/b><\/p>\n<div class=\"post-content\">\n<div>\n<p><strong>Aus Protest gegen die Verweigerung der Regierungen und den steigenden Einfluss der Wirtschaftsverb\u00e4nde bei den Klimaverhandlungen in Warschau verlassen heute Nichtregierungsorganisationen aus aller Welt, darunter Greenpeace, der Bund f\u00fcr Umwelt und Naturschutz Deutschland (BUND), WWF und Oxfam, die 19. UN-Klimakonferenz.<\/strong><\/p>\n<p>\u00a0<\/p>\n<div class=\"events-box middle-box left\">\n<div class=\"frame\">\n        <a class=\"open-img EnlargeImage\" href=\"https:\/\/www.greenpeace.ch\/static\/planet4-switzerland-stateless\/2019\/05\/e52b384b-e52b384b-gp04z8u.jpg\" title=\"\" arctic=\"\" und klimaprotest bei cop19><br \/>\n            <img decoding=\"async\" id=\"ctl00_cphContentArea_epiEntryContent_ctl00_ctl02_Image1\" title='\"Arctic 30\" und Klimaprotest bei COP19' class=\"Thumbnail\" src=\"https:\/\/www.greenpeace.ch\/static\/planet4-switzerland-stateless\/2019\/05\/e52b384b-e52b384b-gp04z8u.jpg\" alt='\"Arctic 30\" und Klimaprotest bei COP19' style=\"border-width:0px;\"><\/p>\n<p>        <\/a>\n    <\/div>\n<div class=\"events-content\">\n        <span class=\"date\">Donnerstag, 21. November 2013<\/span><br \/>\n        <strong>&#171;Arctic 30&#187; und Klimaprotest bei COP19<\/strong><\/p>\n<p>\n            An Warschaus Wahrzeichen, dem Kulturpalast, demonstrieren Greenpeace-Aktivisten mit einem Banner fuer ernsthaften Klimaschutz und einen Freispruch der Arctic 30. An dem 231 Meter hohen Gebaeude haengten die Kletterer ein Banner mit dem Spruch \u201eSave The Arctic! Free Our Activists!\u201c. In Warschau finden derzeit die UN-Klimaverhandlungen COP19 statt.<\/p>\n<p>\u00a9 Bogusz Bilewski \/ Greenpeace\n        <\/p>\n<\/p>\n<\/div>\n<\/div>\n<p> Die <abbr title=\"United Nations\" lang=\"en\">UN<\/abbr>-Klimaverhandlungen in Warschau haben bislang keine der n\u00f6tigen Hilfen f\u00fcr die Opfer des Klimawandels wie die Menschen auf den Philippinen geliefert. &#171;Der Taifun Hayan hat die Welt erinnert, dass wir jetzt handeln m\u00fcssen. Aber die Regierungen von Australien, Japan, Polen oder Kanada gehorchen stattdessen den Energiekonzernen. Die \u00d6l- und Kohlelobby lassen bei den Klimaverhandlungen ihre Interessen durchsetzen und nehmen daf\u00fcr in Kauf, dass dadurch Millionen Menschen weltweit unter den Folgen des Klimawandels leiden&#187;, sagt Kumi Naidoo, Direktor von <span lang=\"en\">Greenpeace<\/span> International.<\/p>\n<p><strong>R\u00fcckschritte beim Klimaschutz<\/strong><\/p>\n<p>Die Industrienationen stellen nicht die n\u00f6tigen Gelder bereit, um Klimasch\u00e4den, Ma\u00dfnahmen gegen den Klimawandel und den Schwenk hin zu Erneuerbaren Energien zu finanzieren. Australien und Japan haben bereits zugesagte Klimaschutzziele sogar wieder zur\u00fcckgenommen. Die polnische Regierung um Premierminister Donald Tusk setzt immer noch vehement auf den schmutzigen Energietr\u00e4ger Kohle. Polen und andere gro\u00dfe Wachstumsl\u00e4nder blockieren so einen verbindlichen Fahrplan hin zu einem neuen Klimaschutzvertrag.<\/p>\n<p>&#171;Die Regierungen hier k\u00f6nnen sich nicht einmal auf einen Zeitplan einigen, wie und wann die Klimaschutzanstrengungen verst\u00e4rkt und ihre Finanzierung gesichert werden kann. Deshalb werden wir in Zukunft mehr Proteste von einfachen B\u00fcrgern sehen, die genug davon haben, dass gew\u00e4hlte Politiker wie Marionetten der fossilen Energielobby handeln&#187;, sagt Kumi Naidoo.<\/p>\n<p>An Warschaus Wahrzeichen, dem Kulturpalast, hatten <span lang=\"en\">Greenpeace<\/span>-Aktivisten Stunden vor Verlassen der Konferenz f\u00fcr ernsthaften Klimaschutz und einen Freispruch der Arctic 30 demonstriert. &#171;Klimarettern wie den Arctic 30 drohen noch immer Jahre im Gef\u00e4ngnis, weil sie friedlich f\u00fcr den Schutz der Arktis demonstriert haben&#187;, so Naidoo.<\/p>\n<\/div>\n<\/div>\n","protected":false},"excerpt":{"rendered":"<p>Aus Protest gegen die Verweigerung der Regierungen und den steigenden Einfluss der Wirtschaftsverb\u00e4nde bei den Klimaverhandlungen in Warschau verlassen heute Nichtregierungsorganisationen aus aller Welt, darunter Greenpeace, der Bund f\u00fcr Umwelt&hellip;<\/p>\n","protected":false},"author":23,"featured_media":11791,"comment_status":"closed","ping_status":"open","sticky":false,"template":"","format":"standard","meta":{"_acf_changed":false,"_planet4_optimize_post_is_variant":false,"_planet4_optimize_experiment_name":"","_planet4_optimize_variant_name":"","ep_exclude_from_search":false,"p4_og_title":"","p4_og_description":"","p4_og_image":"","p4_og_image_id":"","p4_seo_canonical_url":"","p4_campaign_name":"","p4_local_project":"","p4_basket_name":"","p4_department":"","footnotes":""},"categories":[1],"tags":[50],"p4-page-type":[75],"gpch-article-type":[],"class_list":["post-11789","post","type-post","status-publish","format-standard","has-post-thumbnail","hentry","category-unkategorisiert","tag-klima","p4-page-type-story"],"acf":[],"_links":{"self":[{"href":"https:\/\/www.greenpeace.ch\/de\/wp-json\/wp\/v2\/posts\/11789","targetHints":{"allow":["GET"]}}],"collection":[{"href":"https:\/\/www.greenpeace.ch\/de\/wp-json\/wp\/v2\/posts"}],"about":[{"href":"https:\/\/www.greenpeace.ch\/de\/wp-json\/wp\/v2\/types\/post"}],"author":[{"embeddable":true,"href":"https:\/\/www.greenpeace.ch\/de\/wp-json\/wp\/v2\/users\/23"}],"replies":[{"embeddable":true,"href":"https:\/\/www.greenpeace.ch\/de\/wp-json\/wp\/v2\/comments?post=11789"}],"version-history":[{"count":0,"href":"https:\/\/www.greenpeace.ch\/de\/wp-json\/wp\/v2\/posts\/11789\/revisions"}],"wp:featuredmedia":[{"embeddable":true,"href":"https:\/\/www.greenpeace.ch\/de\/wp-json\/wp\/v2\/media\/11791"}],"wp:attachment":[{"href":"https:\/\/www.greenpeace.ch\/de\/wp-json\/wp\/v2\/media?parent=11789"}],"wp:term":[{"taxonomy":"category","embeddable":true,"href":"https:\/\/www.greenpeace.ch\/de\/wp-json\/wp\/v2\/categories?post=11789"},{"taxonomy":"post_tag","embeddable":true,"href":"https:\/\/www.greenpeace.ch\/de\/wp-json\/wp\/v2\/tags?post=11789"},{"taxonomy":"p4-page-type","embeddable":true,"href":"https:\/\/www.greenpeace.ch\/de\/wp-json\/wp\/v2\/p4-page-type?post=11789"},{"taxonomy":"gpch-article-type","embeddable":true,"href":"https:\/\/www.greenpeace.ch\/de\/wp-json\/wp\/v2\/gpch-article-type?post=11789"}],"curies":[{"name":"wp","href":"https:\/\/api.w.org\/{rel}","templated":true}]}}