{"id":11815,"date":"2013-11-20T00:00:00","date_gmt":"2013-11-19T22:00:00","guid":{"rendered":"https:\/\/master.greenpeace.ch\/beitrag\/11815\/marco-weber-kann-gefaengnis-auf-kaution-verlassen\/"},"modified":"2019-05-30T11:13:28","modified_gmt":"2019-05-30T09:13:28","slug":"marco-weber-kann-gefaengnis-auf-kaution-verlassen","status":"publish","type":"post","link":"https:\/\/www.greenpeace.ch\/de\/story\/11815\/marco-weber-kann-gefaengnis-auf-kaution-verlassen\/","title":{"rendered":"Marco Weber kann Gef\u00e4ngnis auf Kaution verlassen"},"content":{"rendered":"<p><b>Die russische Justiz hat entschieden, dass der Schweizer Arktissch\u00fctzer Marco Weber gegen Bezahlung einer Kaution von 2 Millonen Rubel (rund 55&#8217;000 Franken) das Gef\u00e4ngnis verlassen darf.<\/b><\/p>\n<div class=\"post-content\">\n<div>\n<h3>Die russische Justiz hat entschieden, dass der Schweizer Arktissch\u00fctzer Marco Weber gegen Bezahlung einer Kaution von 2 Millonen Rubel (rund 55&#8217;000 Franken) das Gef\u00e4ngnis verlassen darf.<\/h3>\n<div class=\"events-box small-box left\">\n<div class=\"frame\"><a class=\"open-img EnlargeImage\" title=\"Marco w\u00e4hrend der Anh\u00f6rung im Gerichtssaal\" href=\"https:\/\/www.greenpeace.ch\/static\/planet4-switzerland-stateless\/2019\/05\/0ac12c86-0ac12c86-bildschirmfoto-2013-11-20-um-17.46.44.png\"><br \/>\n<img decoding=\"async\" id=\"ctl00_cphContentArea_epiEntryContent_ctl00_ctl02_Image1\" class=\"Thumbnail\" style=\"border-width: 0px;\" title=\"Marco w\u00e4hrend der Anh\u00f6rung im Gerichtssaal\" src=\"https:\/\/www.greenpeace.ch\/static\/planet4-switzerland-stateless\/2019\/05\/0ac12c86-0ac12c86-bildschirmfoto-2013-11-20-um-17.46.44.png\" alt=\"Marco w\u00e4hrend der Anh\u00f6rung im Gerichtssaal\" \/><\/a>&nbsp;<\/p>\n<\/div>\n<div class=\"events-content\"><span class=\"date\">Mittwoch, 20. November 2013<\/span><br \/>\n<strong>Marco w\u00e4hrend der Anh\u00f6rung im Gerichtssaal<\/strong>Screenshot der Live\u00fcbertragung heute am 20. November 2013<\/p>\n<\/div>\n<\/div>\n<p>Das ist ein Lichtblick und eine willkommene Verschnaufpause f\u00fcr Marco und seine <a href=\"http:\/\/www.greenpeace.org\/switzerland\/de\/Themen\/Arktis\/I-am-an-Arctic-Defender\/Peace-Dove\/Arctic-30\/\" target=\"_blank\" rel=\"noopener noreferrer\">Kolleginnen und Kollegen<\/a>, die am 18. September 2013 friedlich gegen die riskanten \u00d6lbohrungen des russischen Staatskonzerns Gazprom in der Arktis demonstriert hatten und <a href=\"http:\/\/www.greenpeace.org\/switzerland\/de\/Themen\/Arktis\/Arctic-30-Timeline\/\" target=\"_blank\" rel=\"noopener noreferrer\">sich seither in Gewahrsam der russischen Beh\u00f6rden befinden.<\/a><\/p>\n<p>Markus Allemann, Gesch\u00e4ftsleiter von Greenpeace Schweiz, sagt dazu: \u00abIch bin erleichtert, dass unser Arktissch\u00fctzer Marco die Untersuchungshaft nicht l\u00e4nger erdulden muss. Solange die absurden Anklagepunkte nicht zur\u00fcckgezogen werden, besteht jedoch kein Grund f\u00fcr \u00fcbertriebenen Optimismus. Und zu Feiern haben wir erst, wenn sich Gazprom aus der Arktis zur\u00fcckzieht.\u00bb<\/p>\n<p>Greenpeace wird das Geld f\u00fcr die Kaution so rasch wie m\u00f6glich bereitstellen. Die Kaution wird zur\u00fcckgezahlt, sobald die Aktivistinnen und Aktivisten sich vor Gericht den absurden Vorw\u00fcrfen der russischen Justiz stellen. Denn an der haarstr\u00e4ubenden Anklage \u00e4ndert sich nichts: Nach wie vor droht allen eine langj\u00e4hrige Haftstrafe wegen angeblichen Hooliganismus oder Piraterie.<\/p>\n<p>Derweil konnte die erste Aktivistin, die Brasilianerin Ana Paula, das Gef\u00e4ngnis verlassen. Die Kautionsbedingungen sind jedoch noch immer nicht klar.<\/p>\n<p><iframe loading=\"lazy\" src=\"\/\/www.youtube.com\/embed\/ZH2R4z7ZZjs?rel=0\" width=\"640\" height=\"360\"><\/iframe><\/p>\n<p>Greenpeace\u00a0 hofft jetzt unter anderem auf eine positive Entscheidung des Internationalen Seegerichtshofs in Hamburg. Dort wird am Freitag \u00fcber einen Antrag der Niederlande auf sofortige Freilassung der Arctic 30 und Herausgabe des\u00a0Greenpeace-Schiffes\u00a0Arctic Sunrise\u00a0entschieden.<\/p>\n<p>Stand 20. November 2013:<\/p>\n<ul>\n<li>Colin Russell, Australien &#8211; verl\u00e4ngerte U-Haft bis Ende Februar 2014<\/li>\n<li>Jekaterina Saspa, Russland &#8211; auf Kaution freizulassen<\/li>\n<li>Denis Sinjakow, Russland &#8211; auf Kaution freizulassen<\/li>\n<li>Andrej Allachwerdow, Russland &#8211; auf Kaution freizulassen<\/li>\n<li>Francesco Pisanu, Frankreich &#8211; auf Kaution freizulassen<\/li>\n<li>Ana Paula Alminhana Maciel, Brasilien &#8211; auf Kaution freizulassen<\/li>\n<li>David Haussmann, Neuseeland &#8211; auf Kaution freizulassen<\/li>\n<li>Camila Speziale, Argentinien &#8211; auf Kaution freizulassen<\/li>\n<li>Tomasz Dziemianczuk, Polen &#8211; auf Kaution freizulassen<\/li>\n<li>Miguel Orsi, Argentinien &#8211; auf Kaution freizulassen<\/li>\n<li>Cristian d&#8217;Alessandro, Italien &#8211; auf Kaution freizulassen<\/li>\n<li>Paul Ruzycki, Kanada &#8211; auf Kaution freizulassen<\/li>\n<li>Sini Saarela, Finnland &#8211; auf Kaution freizulassen<\/li>\n<li>Kieron Bryan (UK) kann das Gef\u00e4ngnis ebenfalls auf Kaution\u00a0 verlassen<\/li>\n<li>Mannes Ubels (NL) kann das Gef\u00e4ngnis gegen Kaution verlassen.<\/li>\n<li>Peter Willcox (USA) kann das Gef\u00e4ngnis ebenfalls auf Kaution verlassen.<\/li>\n<li>Alexandra Harris (UK) kann das Gef\u00e4ngnis auf Kaution verlassen.<\/li>\n<li>Faiza Oulahsen (NL) kann das Gef\u00e4ngnis auf Kaution verlassen.<\/li>\n<li>Anne Mie aus (DK) kann ebenfalls auf Kaution das Gef\u00e4ngnis verlassen<\/li>\n<li>Anthony Perrett (UK) kann ebenfalls das Gef\u00e4ngnis auf Kaution verlassen<\/li>\n<li>Marco Weber (CH)\u00a0kann ebenfalls das Gef\u00e4ngnis auf Kaution verlassen<\/li>\n<\/ul>\n<\/div>\n<\/div>\n","protected":false},"excerpt":{"rendered":"<p>Die russische Justiz hat entschieden, dass der Schweizer Arktissch\u00fctzer Marco Weber gegen Bezahlung einer Kaution von 2 Millonen Rubel (rund 55&#8217;000 Franken) das Gef\u00e4ngnis verlassen darf. Die russische Justiz hat&hellip;<\/p>\n","protected":false},"author":23,"featured_media":11817,"comment_status":"closed","ping_status":"open","sticky":false,"template":"","format":"standard","meta":{"_acf_changed":false,"_planet4_optimize_post_is_variant":false,"_planet4_optimize_experiment_name":"","_planet4_optimize_variant_name":"","ep_exclude_from_search":false,"p4_og_title":"","p4_og_description":"","p4_og_image":"","p4_og_image_id":"","p4_seo_canonical_url":"","p4_campaign_name":"","p4_local_project":"","p4_basket_name":"","p4_department":"","footnotes":""},"categories":[1],"tags":[41],"p4-page-type":[75],"gpch-article-type":[],"class_list":["post-11815","post","type-post","status-publish","format-standard","has-post-thumbnail","hentry","category-unkategorisiert","tag-meer","p4-page-type-story"],"acf":[],"_links":{"self":[{"href":"https:\/\/www.greenpeace.ch\/de\/wp-json\/wp\/v2\/posts\/11815","targetHints":{"allow":["GET"]}}],"collection":[{"href":"https:\/\/www.greenpeace.ch\/de\/wp-json\/wp\/v2\/posts"}],"about":[{"href":"https:\/\/www.greenpeace.ch\/de\/wp-json\/wp\/v2\/types\/post"}],"author":[{"embeddable":true,"href":"https:\/\/www.greenpeace.ch\/de\/wp-json\/wp\/v2\/users\/23"}],"replies":[{"embeddable":true,"href":"https:\/\/www.greenpeace.ch\/de\/wp-json\/wp\/v2\/comments?post=11815"}],"version-history":[{"count":0,"href":"https:\/\/www.greenpeace.ch\/de\/wp-json\/wp\/v2\/posts\/11815\/revisions"}],"wp:featuredmedia":[{"embeddable":true,"href":"https:\/\/www.greenpeace.ch\/de\/wp-json\/wp\/v2\/media\/11817"}],"wp:attachment":[{"href":"https:\/\/www.greenpeace.ch\/de\/wp-json\/wp\/v2\/media?parent=11815"}],"wp:term":[{"taxonomy":"category","embeddable":true,"href":"https:\/\/www.greenpeace.ch\/de\/wp-json\/wp\/v2\/categories?post=11815"},{"taxonomy":"post_tag","embeddable":true,"href":"https:\/\/www.greenpeace.ch\/de\/wp-json\/wp\/v2\/tags?post=11815"},{"taxonomy":"p4-page-type","embeddable":true,"href":"https:\/\/www.greenpeace.ch\/de\/wp-json\/wp\/v2\/p4-page-type?post=11815"},{"taxonomy":"gpch-article-type","embeddable":true,"href":"https:\/\/www.greenpeace.ch\/de\/wp-json\/wp\/v2\/gpch-article-type?post=11815"}],"curies":[{"name":"wp","href":"https:\/\/api.w.org\/{rel}","templated":true}]}}