{"id":11819,"date":"2013-11-18T00:00:00","date_gmt":"2013-11-17T22:00:00","guid":{"rendered":"https:\/\/master.greenpeace.ch\/beitrag\/11819\/update-erste-haftverlaengerung-in-russland-ausgesprochen\/"},"modified":"2019-05-30T11:13:31","modified_gmt":"2019-05-30T09:13:31","slug":"update-erste-haftverlaengerung-in-russland-ausgesprochen","status":"publish","type":"post","link":"https:\/\/www.greenpeace.ch\/de\/story\/11819\/update-erste-haftverlaengerung-in-russland-ausgesprochen\/","title":{"rendered":"UPDATE &#8211; Erste Haftverl\u00e4ngerung in Russland ausgesprochen"},"content":{"rendered":"<p><b>In St. Petersburg sind heute sieben Greenpeace-Aktivistinnen und -Aktivisten der Arctic 30 vor Gericht gestanden. Die russische Staatsanwaltschaft hat die Verl\u00e4ngerung der Untersuchungshaft um drei Monate beantragt, mit bisher unterschiedlichen Ergebnissen. Der Australier Colin Russel muss bis Ende Februar in Untersuchungshaft bleiben. Die russische Aktivistin Ekatarina Zaspa wird vorl\u00e4ufig gegen Kaution auf freien Fuss gesetzt. Die Anh\u00f6rung \u00fcber die Haftverl\u00e4ngerung f\u00fcr Kieron Bryan aus England ist auf Mittwoch verschoben.<\/b><\/p>\n<div class=\"post-content\">\n<div>\n<p><strong>In St. Petersburg sind heute sieben <span lang=\"en\">Greenpeace<\/span>-Aktivistinnen und -Aktivisten der Arctic 30 vor Gericht gestanden. Die russische Staatsanwaltschaft hat die Verl\u00e4ngerung der Untersuchungshaft um drei Monate beantragt, mit bisher unterschiedlichen Ergebnissen. Der Australier Colin Russel muss bis Ende Februar in Untersuchungshaft bleiben. Die russische Aktivistin Ekatarina Zaspa wird vorl\u00e4ufig gegen Kaution auf freien Fuss gesetzt. Die Anh\u00f6rung \u00fcber die Haftverl\u00e4ngerung f\u00fcr Kieron Bryan aus England ist auf Mittwoch verschoben.<br \/><\/strong><\/p>\n<p><strong>Livestream<\/strong><\/p>\n<p><iframe loading=\"lazy\" src=\"https:\/\/ruptly.tv\/embed\/23\" width=\"600\" height=\"338\"><\/iframe><\/p>\n<p>\u00a0<\/p>\n<p>Am Freitag hatte die russische Ermittlungsbeh\u00f6rde den Anw\u00e4lten der inhaftierten Arktissch\u00fctzerinnen und Arktissch\u00fctzer mitgeteilt, dass sie die Haft um drei Monate verl\u00e4ngern will, um weitere Untersuchungen durchzuf\u00fchren. <\/p>\n<p> Das Bezirksgericht muss in allen 30 F\u00e4llen bis zum 24. November \u00fcber die Verl\u00e4ngerung der Untersuchungshaft entscheiden. Greenpeace wird sich vor Gericht gegen die Antr\u00e4ge wehren. Zudem werden die Anw\u00e4lte fordern, alle Beschuldigten auf Kaution zu entlassen, w\u00e4hrend die weiteren Ermittlungen laufen. Die Anh\u00f6rung des Schweizer Aktivisten Marco Weber findet im Verlauf der Woche statt.<\/p>\n<p>Yves Zenger, Mediensprecher bei Greenpeace Schweiz, sagt dazu: \u00abDie Beh\u00f6rden haben bereits zwei Monate gebraucht, um eine friedliche Protestaktion zu untersuchen. Wof\u00fcr brauchen sie drei weitere Monate? Das hat augenscheinlich nichts mit herk\u00f6mmlichen Ermittlungsprozessen zu tun. Greenpeace wird sich weiterhin friedlich f\u00fcr die Freiheit der mutigen inhaftierten Arktissch\u00fctzerinnen und Arktissch\u00fctzer einsetzen. Dazu brauchen wir aber die Menschen auf der ganzen Welt, die mit uns das Grundrecht auf friedliche und freie Meinungs\u00e4usserung einfordern. Marco Weber und seine Kolleginnen und Kollegen m\u00fcssen frei gelassen werden. Sie haben ein Licht geworfen auf die riskanten Pl\u00e4ne des russischen Staatskonzerns Gazpom, der in der Arktis eines der letzten intakten \u00d6kosysteme der Welt aufs Spiel setzt, und damit seine Menschen und einzigartigen Tierarten. \u00bb<\/p>\n<p>Die Arctic 30 sind seit dem 19. September in Haft. An diesem Tag hatte die russische K\u00fcstenwache das Greenpeace-Schiff Arctic Sunrise in der Petschorasee nach einer friedlichen Protestaktion an einer Gazprom-\u00d6lplattform gest\u00fcrmt und festgesetzt. Bei einer Verurteilung drohen den Arktissch\u00fctzerinnen und Arktissch\u00fctzern bis zu 15 Jahre Haft.<\/p>\n<\/div>\n<\/div>\n","protected":false},"excerpt":{"rendered":"<p>In St. Petersburg sind heute sieben Greenpeace-Aktivistinnen und -Aktivisten der Arctic 30 vor Gericht gestanden. Die russische Staatsanwaltschaft hat die Verl\u00e4ngerung der Untersuchungshaft um drei Monate beantragt, mit bisher unterschiedlichen&hellip;<\/p>\n","protected":false},"author":23,"featured_media":0,"comment_status":"closed","ping_status":"open","sticky":false,"template":"","format":"standard","meta":{"_acf_changed":false,"_planet4_optimize_post_is_variant":false,"_planet4_optimize_experiment_name":"","_planet4_optimize_variant_name":"","ep_exclude_from_search":false,"p4_og_title":"","p4_og_description":"","p4_og_image":"","p4_og_image_id":"","p4_seo_canonical_url":"","p4_campaign_name":"","p4_local_project":"","p4_basket_name":"","p4_department":"","footnotes":""},"categories":[1],"tags":[50],"p4-page-type":[75],"gpch-article-type":[],"class_list":["post-11819","post","type-post","status-publish","format-standard","hentry","category-unkategorisiert","tag-klima","p4-page-type-story"],"acf":[],"_links":{"self":[{"href":"https:\/\/www.greenpeace.ch\/de\/wp-json\/wp\/v2\/posts\/11819","targetHints":{"allow":["GET"]}}],"collection":[{"href":"https:\/\/www.greenpeace.ch\/de\/wp-json\/wp\/v2\/posts"}],"about":[{"href":"https:\/\/www.greenpeace.ch\/de\/wp-json\/wp\/v2\/types\/post"}],"author":[{"embeddable":true,"href":"https:\/\/www.greenpeace.ch\/de\/wp-json\/wp\/v2\/users\/23"}],"replies":[{"embeddable":true,"href":"https:\/\/www.greenpeace.ch\/de\/wp-json\/wp\/v2\/comments?post=11819"}],"version-history":[{"count":0,"href":"https:\/\/www.greenpeace.ch\/de\/wp-json\/wp\/v2\/posts\/11819\/revisions"}],"wp:attachment":[{"href":"https:\/\/www.greenpeace.ch\/de\/wp-json\/wp\/v2\/media?parent=11819"}],"wp:term":[{"taxonomy":"category","embeddable":true,"href":"https:\/\/www.greenpeace.ch\/de\/wp-json\/wp\/v2\/categories?post=11819"},{"taxonomy":"post_tag","embeddable":true,"href":"https:\/\/www.greenpeace.ch\/de\/wp-json\/wp\/v2\/tags?post=11819"},{"taxonomy":"p4-page-type","embeddable":true,"href":"https:\/\/www.greenpeace.ch\/de\/wp-json\/wp\/v2\/p4-page-type?post=11819"},{"taxonomy":"gpch-article-type","embeddable":true,"href":"https:\/\/www.greenpeace.ch\/de\/wp-json\/wp\/v2\/gpch-article-type?post=11819"}],"curies":[{"name":"wp","href":"https:\/\/api.w.org\/{rel}","templated":true}]}}