{"id":11829,"date":"2013-11-11T00:00:00","date_gmt":"2013-11-10T22:00:00","guid":{"rendered":"https:\/\/master.greenpeace.ch\/beitrag\/11829\/warschau-protest-fuer-die-arctic-30-vor-beginn-der-un-klimakonferenz-cop19-ende-der-klimazerstoerung-gefordert\/"},"modified":"2019-05-30T11:14:01","modified_gmt":"2019-05-30T09:14:01","slug":"warschau-protest-fuer-die-arctic-30-vor-beginn-der-un-klimakonferenz-cop19-ende-der-klimazerstoerung-gefordert","status":"publish","type":"post","link":"https:\/\/www.greenpeace.ch\/de\/story\/11829\/warschau-protest-fuer-die-arctic-30-vor-beginn-der-un-klimakonferenz-cop19-ende-der-klimazerstoerung-gefordert\/","title":{"rendered":"Warschau: Protest f\u00fcr die Arctic 30 Vor Beginn der UN-Klimakonferenz (COP19) Ende der Klimazerst\u00f6rung gefordert"},"content":{"rendered":"<p><b>Kurz vor Beginn der 19. Klimakonferenz (COP) in Warschau demonstrieren Greenpeace-Aktivisten f\u00fcr die Freilassung der Arctic 30 und gegen Klimazerst\u00f6rung. Die Aktivisten projizieren in allen Muttersprachen der 28 Greenpeace-Aktivisten und zwei Journalisten Slogans wie \u00abDas Schmelzen der Arktis beginnt hier\u00bb und \u00abDer Klimawandel beginnt hier!\u00bb auf sechs Kohlekraftwerke.<\/b><\/p>\n<div class=\"post-content\">\n<div>\n<h3>Kurz vor Beginn der 19. Klimakonferenz (<acronym title=\"allgemein f\u00fcr Conference of the Parties\">COP<\/acronym>) in Warschau demonstrieren <span lang=\"en\">Greenpeace<\/span>-Aktivisten f\u00fcr die Freilassung der Arctic 30 und gegen Klimazerst\u00f6rung. Die Aktivisten projizieren in allen Muttersprachen der 28 <span lang=\"en\">Greenpeace<\/span>-Aktivisten und zwei Journalisten Slogans wie \u00abDas Schmelzen der Arktis beginnt hier\u00bb und \u00abDer Klimawandel beginnt hier!\u00bb auf sechs Kohlekraftwerke.<\/h3>\n<\/p>\n<div class=\"events-box big-box left\">\n<div class=\"frame\">\n        <a class=\"open-img EnlargeImage\" href=\"https:\/\/www.greenpeace.ch\/static\/planet4-switzerland-stateless\/2019\/05\/8d44efd1-8d44efd1-gp04xvf.jpg\" title=\"\"><br \/>\n            <img decoding=\"async\" id=\"ctl00_cphContentArea_epiEntryContent_ctl00_ctl02_Image1\" class=\"Thumbnail\" src=\"https:\/\/www.greenpeace.ch\/static\/planet4-switzerland-stateless\/2019\/05\/8d44efd1-8d44efd1-gp04xvf.jpg\" alt=\"\" style=\"border-width:0px;\"><\/p>\n<p>        <\/a>\n    <\/div>\n<div class=\"events-content\">\n        <span class=\"date\">Montag, 11. November 2013<\/span><br \/>\n        <strong><\/strong><\/p>\n<p>\n            \u00a9 Greenpeace\n        <\/p>\n<\/p>\n<\/div>\n<\/div>\n<p>\u00abEs ist die tragische Ironie dieser Konferenz, dass Menschen in Russland eingesperrt sind, weil sie friedlich gegen den Klimawandel demonstriert haben, w\u00e4hrend hier in Warschau Politiker und Regierungen frei die Interessen grosser Energiekonzerne vertreten d\u00fcrfen\u00bb, sagt Martin Kaiser, Leiter der Internationalen Klimapolitik von Greenpeace.<\/p>\n<p>Das arktische Eis schmilzt weit schneller als erwartet. Alleine die Geschwindigkeit der Gr\u00f6nland-Eisschmelze hat sich in nur einem Jahrzehnt versechsfacht, teilte der Weltklimarat (IPCC) k\u00fcrzlich mit. Greenpeace fordert f\u00fcr den bevorstehenden Klimagipfel sofortige CO2-Minderungen. Zudem muss schon im kommenden Jahr jedes Land Ziele vorlegen f\u00fcr die CO2-Begrenzung, den Ausbau der Erneuerbaren und die Energieeffizienz in der Zeit nach 2020. \u00abIn Warschau muss der Weg frei gemacht werden f\u00fcr einen internationalen Klimaschutzvertrag\u00bb, so Kaiser.<\/p>\n<h3>Gastgeberland Polen bremst Europas Klimapolitik<\/h3>\n<p>Polen, das Gastgeberland der diesj\u00e4hrigen Klimakonferenz, ist einer der gr\u00f6ssten Klimas\u00fcnder. Etwa 90 Prozent der Energie in Polen wird mit Kohle erzeugt, dem schmutzigsten aller Energietr\u00e4ger. Die Regierung blockiert eine polnische Energiewende hin zu erneuerbaren Energien. Dabei k\u00f6nnten die Erneuerbaren laut einer Greenpeace-Studie bereits 2030 \u00fcber ein Viertel des polnischen Energiebedarfs decken. Nicht nur im eigenen Land, auch in Europa verhindert die polnische Regierung eine engagierte Klimapolitik. Polen will Klimaziele der EU f\u00fcr die Zeit nach 2020 sowie die Ausbauziele f\u00fcr Erneuerbare Energien blockieren. \u00abDie polnische Regierung ist mit ihrer Kohlepolitik mitverantwortlich f\u00fcr katastrophale St\u00fcrme, \u00dcberflutungen und D\u00fcrren. Sie muss aufh\u00f6ren, den Weg in eine sauberere Zukunft zu versperren\u00bb, fordert Kaiser.<\/p>\n<p>Auch Deutschland droht auf der COP zum Bremser zu werden. Bei den laufenden Koalitionsverhandlungen weigern sich die zust\u00e4ndigen Verhandlungsf\u00fchrer Peter Altmaier (CDU) und Hannelore Kraft (SPD), konkrete Ziele f\u00fcr die Zeit von 2020 bis 2030 festzulegen. \u00abOhne ambitionierte Ausbauziele f\u00fcr die Erneuerbaren und ohne ein Klimaschutzziel von minus 60 Prozent verraten Altmaier und Kraft jene Menschen, deren Lebensgrundlage der Klimawandel bedroht\u00bb, sagt Kaiser.<\/p>\n<p>Greenpeace Deutschland berichten t\u00e4glich in einer <a href=\"http:\/\/blog.greenpeace.de\/blog\/category\/im-treibhaus\/cop19\/\" rel=\"external_link noopener noreferrer\" target=\"_blank\">Blogreihe<\/a> von der <acronym title=\"allgemein f\u00fcr Conference of the Parties\">COP<\/acronym> 19.<\/p>\n<\/div>\n<\/div>\n","protected":false},"excerpt":{"rendered":"<p>Kurz vor Beginn der 19. Klimakonferenz (COP) in Warschau demonstrieren Greenpeace-Aktivisten f\u00fcr die Freilassung der Arctic 30 und gegen Klimazerst\u00f6rung. Die Aktivisten projizieren in allen Muttersprachen der 28 Greenpeace-Aktivisten und&hellip;<\/p>\n","protected":false},"author":23,"featured_media":11831,"comment_status":"closed","ping_status":"open","sticky":false,"template":"","format":"standard","meta":{"_acf_changed":false,"_planet4_optimize_post_is_variant":false,"_planet4_optimize_experiment_name":"","_planet4_optimize_variant_name":"","ep_exclude_from_search":false,"p4_og_title":"","p4_og_description":"","p4_og_image":"","p4_og_image_id":"","p4_seo_canonical_url":"","p4_campaign_name":"","p4_local_project":"","p4_basket_name":"","p4_department":"","footnotes":""},"categories":[1],"tags":[50],"p4-page-type":[75],"gpch-article-type":[],"class_list":["post-11829","post","type-post","status-publish","format-standard","has-post-thumbnail","hentry","category-unkategorisiert","tag-klima","p4-page-type-story"],"acf":[],"_links":{"self":[{"href":"https:\/\/www.greenpeace.ch\/de\/wp-json\/wp\/v2\/posts\/11829","targetHints":{"allow":["GET"]}}],"collection":[{"href":"https:\/\/www.greenpeace.ch\/de\/wp-json\/wp\/v2\/posts"}],"about":[{"href":"https:\/\/www.greenpeace.ch\/de\/wp-json\/wp\/v2\/types\/post"}],"author":[{"embeddable":true,"href":"https:\/\/www.greenpeace.ch\/de\/wp-json\/wp\/v2\/users\/23"}],"replies":[{"embeddable":true,"href":"https:\/\/www.greenpeace.ch\/de\/wp-json\/wp\/v2\/comments?post=11829"}],"version-history":[{"count":0,"href":"https:\/\/www.greenpeace.ch\/de\/wp-json\/wp\/v2\/posts\/11829\/revisions"}],"wp:featuredmedia":[{"embeddable":true,"href":"https:\/\/www.greenpeace.ch\/de\/wp-json\/wp\/v2\/media\/11831"}],"wp:attachment":[{"href":"https:\/\/www.greenpeace.ch\/de\/wp-json\/wp\/v2\/media?parent=11829"}],"wp:term":[{"taxonomy":"category","embeddable":true,"href":"https:\/\/www.greenpeace.ch\/de\/wp-json\/wp\/v2\/categories?post=11829"},{"taxonomy":"post_tag","embeddable":true,"href":"https:\/\/www.greenpeace.ch\/de\/wp-json\/wp\/v2\/tags?post=11829"},{"taxonomy":"p4-page-type","embeddable":true,"href":"https:\/\/www.greenpeace.ch\/de\/wp-json\/wp\/v2\/p4-page-type?post=11829"},{"taxonomy":"gpch-article-type","embeddable":true,"href":"https:\/\/www.greenpeace.ch\/de\/wp-json\/wp\/v2\/gpch-article-type?post=11829"}],"curies":[{"name":"wp","href":"https:\/\/api.w.org\/{rel}","templated":true}]}}