{"id":11840,"date":"2013-11-06T00:00:00","date_gmt":"2013-11-05T22:00:00","guid":{"rendered":"https:\/\/master.greenpeace.ch\/beitrag\/11840\/seegerichtshof-entscheidung-am-22-november\/"},"modified":"2019-05-30T11:14:20","modified_gmt":"2019-05-30T09:14:20","slug":"seegerichtshof-entscheidung-am-22-november","status":"publish","type":"post","link":"https:\/\/www.greenpeace.ch\/de\/story\/11840\/seegerichtshof-entscheidung-am-22-november\/","title":{"rendered":"Seegerichtshof: Entscheidung am 22. November"},"content":{"rendered":"<p><b>Im Fall um die Arctic Sunrise hat der Internationale Seegerichtshof (ISGH) eine voraussichtliche Entscheidung f\u00fcr den 22. November angek\u00fcndigt. Die Richter hatten zuvor den Antrag der Niederlande angeh\u00f6rt, Schiff und Besatzung unverz\u00fcglich freizulassen. Antragsgegner ist die russische Regierung, die eine Teilnahme am Verfahren verweigert.<\/b><\/p>\n<div class=\"post-content\">\n<div>\n<h3>Im Fall um die <span lang=\"en\"><span lang=\"en\"><em>Arctic Sunrise<\/em><\/span><\/span> hat der Internationale Seegerichtshof (ISGH) eine voraussichtliche Entscheidung f\u00fcr den 22. November angek\u00fcndigt. Die Richter hatten zuvor den Antrag der Niederlande angeh\u00f6rt, Schiff und Besatzung unverz\u00fcglich freizulassen. Antragsgegner ist die russische Regierung, die eine Teilnahme am Verfahren verweigert.<\/h3>\n<p>\u00abWir begr\u00fcssen, dass das Gericht so schnell im Fall unserer festgehaltenen Kolleginnen und Kollegen entscheiden will. Die niederl\u00e4ndische Regierung hat heute ihren Standpunkt klar und deutlich vertreten. Jetzt hoffen wir f\u00fcr die Arctic 30 auf baldige Freilassung aus der Haft in Murmansk\u00bb, kommentiert J\u00f6rg Feddern, \u00d6lexperte von <span lang=\"en\">Greenpeace<\/span>.<\/p>\n<p>Die niederl\u00e4ndische Delegation besteht aus sieben Gesandten. Darunter hochrangige Vertreter des Aussenministeriums und Rechtsexperten. Als Zeugen pr\u00e4sentierten sie Daniel Simons. Der Rechtsberater von <span lang=\"en\">Greenpeace<\/span> International schilderte vor dem Gericht die Ereignisse rund um das <a title=\"Timeline\" href=\"http:\/\/www.greenpeace.org\/switzerland\/de\/Themen\/Arktis\/Arctic-30-Timeline\/\" target=\"_blank\" rel=\"noopener noreferrer\">Entern der <span lang=\"en\"><span lang=\"en\"><em>Arctic Sunrise<\/em><\/span><\/span>.<\/a><\/p>\n<p>Russland erkennt die Zust\u00e4ndigkeit des ISGH nicht an und will den Fall der Arctic 30 nach nationalem Recht in Murmansk verhandeln. Die Niederlande kritisieren den Boykott aufs Sch\u00e4rfste. \u00abDie Nichtteilnahme Russlands entbindet den Gerichtshof nicht von der Pflicht zur Rechtsprechung\u00bb, sagte die niederl\u00e4ndische Delegationsleiterin Prof. Liesbeth Lijnzaad.<\/p>\n<p>Der ersten Verhandlung im Fall der <span lang=\"en\"><span lang=\"en\"><em>Arctic Sunrise<\/em><\/span><\/span> und ihrer Crew folgten fast einhundert Journalisten und mehrere dutzend Zuschauer im grossen Saal des ISGH. Das Interesse war gross. Anwesend war auch der Gesch\u00e4ftsf\u00fchrer von <span lang=\"en\">Greenpeace<\/span> International, Kumi Naidoo. Er betonte seine Hoffnung auf Gerechtigkeit f\u00fcr die Arctic 30.<\/p>\n<\/p>\n<div class=\"events-box big-box left\">\n<div class=\"frame\">\n        <a class=\"open-img EnlargeImage\" href=\"https:\/\/www.greenpeace.ch\/static\/planet4-switzerland-stateless\/2019\/05\/bad9837c-bad9837c-gp04xjw_press.jpg\" title=\"\"><br \/>\n            <img decoding=\"async\" id=\"ctl00_cphContentArea_epiEntryContent_ctl00_ctl02_Image1\" class=\"Thumbnail\" src=\"https:\/\/www.greenpeace.ch\/static\/planet4-switzerland-stateless\/2019\/05\/bad9837c-bad9837c-gp04xjw_press.jpg\" alt=\"\" style=\"border-width:0px;\"><\/p>\n<p>        <\/a>\n    <\/div>\n<div class=\"events-content\">\n        <span class=\"date\">Mittwoch, 6. November 2013<\/span><br \/>\n        <strong><\/strong><\/p>\n<p>\n            Hamburg, 6. November 2013. Kumi Naidoo, Gesch\u00e4ftsf\u00fchrer von Greenpeace International, gibt ein Interview vor dem Gerichtssaal.\n        <\/p>\n<\/p>\n<\/div>\n<\/div>\n<p>\u00a0\n<\/p>\n<\/div>\n<\/div>\n","protected":false},"excerpt":{"rendered":"<p>Im Fall um die Arctic Sunrise hat der Internationale Seegerichtshof (ISGH) eine voraussichtliche Entscheidung f\u00fcr den 22. November angek\u00fcndigt. Die Richter hatten zuvor den Antrag der Niederlande angeh\u00f6rt, Schiff und&hellip;<\/p>\n","protected":false},"author":23,"featured_media":11842,"comment_status":"closed","ping_status":"open","sticky":false,"template":"","format":"standard","meta":{"_acf_changed":false,"_planet4_optimize_post_is_variant":false,"_planet4_optimize_experiment_name":"","_planet4_optimize_variant_name":"","ep_exclude_from_search":false,"p4_og_title":"","p4_og_description":"","p4_og_image":"","p4_og_image_id":"","p4_seo_canonical_url":"","p4_campaign_name":"","p4_local_project":"","p4_basket_name":"","p4_department":"","footnotes":""},"categories":[1],"tags":[50],"p4-page-type":[75],"gpch-article-type":[],"class_list":["post-11840","post","type-post","status-publish","format-standard","has-post-thumbnail","hentry","category-unkategorisiert","tag-klima","p4-page-type-story"],"acf":[],"_links":{"self":[{"href":"https:\/\/www.greenpeace.ch\/de\/wp-json\/wp\/v2\/posts\/11840","targetHints":{"allow":["GET"]}}],"collection":[{"href":"https:\/\/www.greenpeace.ch\/de\/wp-json\/wp\/v2\/posts"}],"about":[{"href":"https:\/\/www.greenpeace.ch\/de\/wp-json\/wp\/v2\/types\/post"}],"author":[{"embeddable":true,"href":"https:\/\/www.greenpeace.ch\/de\/wp-json\/wp\/v2\/users\/23"}],"replies":[{"embeddable":true,"href":"https:\/\/www.greenpeace.ch\/de\/wp-json\/wp\/v2\/comments?post=11840"}],"version-history":[{"count":0,"href":"https:\/\/www.greenpeace.ch\/de\/wp-json\/wp\/v2\/posts\/11840\/revisions"}],"wp:featuredmedia":[{"embeddable":true,"href":"https:\/\/www.greenpeace.ch\/de\/wp-json\/wp\/v2\/media\/11842"}],"wp:attachment":[{"href":"https:\/\/www.greenpeace.ch\/de\/wp-json\/wp\/v2\/media?parent=11840"}],"wp:term":[{"taxonomy":"category","embeddable":true,"href":"https:\/\/www.greenpeace.ch\/de\/wp-json\/wp\/v2\/categories?post=11840"},{"taxonomy":"post_tag","embeddable":true,"href":"https:\/\/www.greenpeace.ch\/de\/wp-json\/wp\/v2\/tags?post=11840"},{"taxonomy":"p4-page-type","embeddable":true,"href":"https:\/\/www.greenpeace.ch\/de\/wp-json\/wp\/v2\/p4-page-type?post=11840"},{"taxonomy":"gpch-article-type","embeddable":true,"href":"https:\/\/www.greenpeace.ch\/de\/wp-json\/wp\/v2\/gpch-article-type?post=11840"}],"curies":[{"name":"wp","href":"https:\/\/api.w.org\/{rel}","templated":true}]}}