{"id":11859,"date":"2013-10-31T00:00:00","date_gmt":"2013-10-30T22:00:00","guid":{"rendered":"https:\/\/master.greenpeace.ch\/beitrag\/11859\/alexandre-pauls-brief-aus-murmansk\/"},"modified":"2019-05-30T11:14:54","modified_gmt":"2019-05-30T09:14:54","slug":"alexandre-pauls-brief-aus-murmansk","status":"publish","type":"post","link":"https:\/\/www.greenpeace.ch\/de\/story\/11859\/alexandre-pauls-brief-aus-murmansk\/","title":{"rendered":"Alexandre Pauls Brief aus Murmansk"},"content":{"rendered":"<p><b><\/b><\/p>\n<div class=\"post-content\">\n<div>\n<div class=\"events-box big-box left\">\n<div class=\"frame\">\n        <a class=\"open-img EnlargeImage\" href=\"https:\/\/www.greenpeace.ch\/static\/planet4-switzerland-stateless\/2019\/05\/4221aa7e-4221aa7e-gp04ubk.jpg\" title=\"\"><br \/>\n            <img decoding=\"async\" id=\"ctl00_cphContentArea_epiEntryContent_ctl00_ctl02_Image1\" class=\"Thumbnail\" src=\"https:\/\/www.greenpeace.ch\/static\/planet4-switzerland-stateless\/2019\/05\/4221aa7e-4221aa7e-gp04ubk.jpg\" alt=\"\" style=\"border-width:0px;\"><\/p>\n<p>        <\/a>\n    <\/div>\n<div class=\"events-content\">\n        <span class=\"date\">Mittwoch, 30. Oktober 2013<\/span><br \/>\n        <strong><\/strong><\/p>\n<p>\n            \u00a9 Nick Cobbing \/ Greenpeace<br \/>\nAlexandre Paul an Bord der Arctic Sunrise<\/p>\n<\/p>\n<\/div>\n<\/div>\n<p>\u00a0<\/p>\n<h2>Liebe Freunde,<\/h2>\n<p>mein Name ist Alexandre Paul oder Po-Paul, wie meine Freunde mich nennen. Ich arbeite seit 15 Jahren f\u00fcr Greenpeace. Es war bislang ein ziemliches Abenteuer und ich hoffe, dass es noch lange weitergeht. Im Moment sitze ich in Murmansk, Russland, fest. Wahrscheinlich habt ihr davon geh\u00f6rt, ich bin einer von den Arctic 30. Daf\u00fcr, dass wir gegen \u00d6lbohrungen in der Arktis protestiert haben, droht uns nun eine Haftstrafe wegen Piraterie [mittlerweile zu Rowdytum ge\u00e4ndert, d.Red.].<\/p>\n<p>Es ist jetzt \u00fcber einen Monat her, dass eine \u00abSpezialeinheit\u00bb sich aus einem Helikopter abseilte und unser Schiff mit Waffengewalt unter seine Kontrolle brachte. Das war ein ziemlich be\u00e4ngstigender Moment, muss ich zugeben, surreal, wie in einem Actionfilm. Seitdem ist das Leben ziemlich schwierig. Per Gerichtsbeschluss wurden wir getrennt und in kalte Zellen gesteckt. Ich f\u00fchle mich etwas einsam.<\/p>\n<p>Mein Zellenpartner spricht kein Englisch. Jeden Tag hoffe ich auf Besuch und freue mich auf den Besuch meines Anwalts einmal die Woche. Greenpeace tut viel Gutes f\u00fcr uns und versorgt uns mit zus\u00e4tzlicher Nahrung und Kleidung. In Murmansk ist jetzt Winter, die Tage werden k\u00fcrzer. Da ich Kanadier bin, m\u00fcsst ihr euch um mich keine Sorgen machen, aber denkt an meine Kollegen aus Brasilien, S\u00fcditalien, Argentinien und der T\u00fcrkei! F\u00fcr sie muss es wirklich kalt sein.<\/p>\n<p>Mein Brief richtet sich mit einer Bitte an euch: Wir brauchen euch. Schreibt an eure Regierungen und an die russischen Botschaften. Sagt ihnen, dass unsere Verhaftung unfair und illegal ist. Sagt ihnen, wir sind keine Piraten [bzw. keine Randalierer, d. Red.]. Eure Regierungschefs m\u00fcssen die Niederlande im Verfahren gegen Russland unterst\u00fctzen und die Freilassung der Crew sowie die Herausgabe des Schiffs verlangen. Informiert euch im n\u00e4chstgelegenen Greenpeace-B\u00fcro \u00fcber anstehende Protestaktionen und Demonstrationen. Unterschreibt Petitionen und \u00fcberzeugt auch eure Familie und Freunde, ihre Unterschrift abzugeben [z.B. die Petition f\u00fcr den Schutz der Arktis].<\/p>\n<p>\u00abGreenpeace\u00bb ist nur ein Wort, die wahre St\u00e4rke liegt bei den Menschen hinter diesem Wort. Bitte denkt daran, dass Protest nur friedlich geschehen darf. Wir haben nichts gegen Russland, wir haben f\u00fcr das russische Volk und seine Kinder protestiert.<\/p>\n<p>Und ich, ich trage hier meinen Teil dazu bei. Ich bleibe stark, ich werde nicht verzweifeln. Ich behalte den Glauben an eine bessere Welt.<\/p>\n<p>Gebt die Hoffnung nicht auf,<br \/> Po-Paul<\/p>\n<\/div>\n<\/div>\n","protected":false},"excerpt":{"rendered":"<p>Mittwoch, 30. Oktober 2013 \u00a9 Nick Cobbing \/ Greenpeace Alexandre Paul an Bord der Arctic Sunrise \u00a0 Liebe Freunde, mein Name ist Alexandre Paul oder Po-Paul, wie meine Freunde mich&hellip;<\/p>\n","protected":false},"author":23,"featured_media":11861,"comment_status":"closed","ping_status":"open","sticky":false,"template":"","format":"standard","meta":{"_acf_changed":false,"_planet4_optimize_post_is_variant":false,"_planet4_optimize_experiment_name":"","_planet4_optimize_variant_name":"","ep_exclude_from_search":false,"p4_og_title":"","p4_og_description":"","p4_og_image":"","p4_og_image_id":"","p4_seo_canonical_url":"","p4_campaign_name":"","p4_local_project":"","p4_basket_name":"","p4_department":"","footnotes":""},"categories":[1],"tags":[50],"p4-page-type":[75],"gpch-article-type":[],"class_list":["post-11859","post","type-post","status-publish","format-standard","has-post-thumbnail","hentry","category-unkategorisiert","tag-klima","p4-page-type-story"],"acf":[],"_links":{"self":[{"href":"https:\/\/www.greenpeace.ch\/de\/wp-json\/wp\/v2\/posts\/11859","targetHints":{"allow":["GET"]}}],"collection":[{"href":"https:\/\/www.greenpeace.ch\/de\/wp-json\/wp\/v2\/posts"}],"about":[{"href":"https:\/\/www.greenpeace.ch\/de\/wp-json\/wp\/v2\/types\/post"}],"author":[{"embeddable":true,"href":"https:\/\/www.greenpeace.ch\/de\/wp-json\/wp\/v2\/users\/23"}],"replies":[{"embeddable":true,"href":"https:\/\/www.greenpeace.ch\/de\/wp-json\/wp\/v2\/comments?post=11859"}],"version-history":[{"count":0,"href":"https:\/\/www.greenpeace.ch\/de\/wp-json\/wp\/v2\/posts\/11859\/revisions"}],"wp:featuredmedia":[{"embeddable":true,"href":"https:\/\/www.greenpeace.ch\/de\/wp-json\/wp\/v2\/media\/11861"}],"wp:attachment":[{"href":"https:\/\/www.greenpeace.ch\/de\/wp-json\/wp\/v2\/media?parent=11859"}],"wp:term":[{"taxonomy":"category","embeddable":true,"href":"https:\/\/www.greenpeace.ch\/de\/wp-json\/wp\/v2\/categories?post=11859"},{"taxonomy":"post_tag","embeddable":true,"href":"https:\/\/www.greenpeace.ch\/de\/wp-json\/wp\/v2\/tags?post=11859"},{"taxonomy":"p4-page-type","embeddable":true,"href":"https:\/\/www.greenpeace.ch\/de\/wp-json\/wp\/v2\/p4-page-type?post=11859"},{"taxonomy":"gpch-article-type","embeddable":true,"href":"https:\/\/www.greenpeace.ch\/de\/wp-json\/wp\/v2\/gpch-article-type?post=11859"}],"curies":[{"name":"wp","href":"https:\/\/api.w.org\/{rel}","templated":true}]}}