{"id":118647,"date":"2025-03-27T09:52:44","date_gmt":"2025-03-27T08:52:44","guid":{"rendered":"https:\/\/www.greenpeace.ch\/?p=118647"},"modified":"2025-03-27T09:52:50","modified_gmt":"2025-03-27T08:52:50","slug":"atomkraft-ist-keine-loesung-gegenvorschlag-zur-atom-initiative-gefaehrdet-schweizer-klimaziele","status":"publish","type":"post","link":"https:\/\/www.greenpeace.ch\/de\/medienmitteilung\/118647\/atomkraft-ist-keine-loesung-gegenvorschlag-zur-atom-initiative-gefaehrdet-schweizer-klimaziele\/","title":{"rendered":"Atomkraft ist keine L\u00f6sung \u2013 Gegenvorschlag zur Atom-Initiative gef\u00e4hrdet Schweizer Klimaziele"},"content":{"rendered":"\n<p><strong>Mit dem indirekten Gegenvorschlag zur Volksinitiative \u00abJederzeit Strom f\u00fcr alle (Blackout stoppen)\u00bb stellt der Bundesrat das geltende Verbot f\u00fcr den Bau neuer Atomkraftwerke infrage. Aus Sicht der Klima-Allianz Schweiz und ihrer \u00fcber 150 Mitglieds &#8211; und Partnerorganisationen ist dies ein klimapolitischer Irrweg, wie die Allianz in ihrer Vernehmlassungsantwort festh\u00e4lt.<\/strong><\/p>\n\n<p>Der Weltklimarat warnt: Die kommenden Jahre sind entscheidend, um die Erderw\u00e4rmung auf 1.5\u202f\u00b0C zu begrenzen. Die Schweiz muss ihre Emissionen jetzt drastisch senken, um ihr noch zur Verf\u00fcgung stehende CO2-Budget nicht schon in den 2030er-Jahren aufzubrauchen. Neue Atomkraftwerke w\u00fcrden aber fr\u00fchestens in den 2050er-Jahren Strom liefern \u2013 also viel zu sp\u00e4t, um einen Beitrag zu den Schweizer Klimazielen zu leisten. Die Steigerung der Energieeffizienz sowie der Ausbau von Solarenergie und anderen erneuerbaren Energien sind zu priorisieren.<\/p>\n\n<p>Yvonne Winteler, Co-Pr\u00e4sidentin der Klima-Allianz, sagt: \u00abDie Wiederbelebung der Atomdebatte ist eine Verz\u00f6gerung der Energiewende, die wir uns nicht leisten k\u00f6nnen. Der Bundesrat muss sich geschlossen auf den Ausbau der erneuerbaren Energien konzentrieren.\u00bb<\/p>\n\n<h2 class=\"wp-block-heading\">Lange Bauzeiten, hoher Aufwand<br><\/h2>\n\n<p>Die Realisierung eines neuen Atomkraftwerks dauert Jahrzehnte: Allein die Bauzeit liegt bei durchschnittlich zehn Jahren. Mit Planung, Bewilligungen und Referenden ist mit 20\u201330 Jahren zu rechnen \u2013 viel zu lange, um zur L\u00f6sung der Klimakrise beizutragen. Investitionen in Atomkraftwerke blockieren zudem \u00fcber Jahrzehnte dringend ben\u00f6tigte finanzielle Mittel f\u00fcr den sofortigen Ausbau der erneuerbaren Energien und die F\u00f6rderung von Effizienz- und Suffizienzmassnahmen. Diese L\u00f6sungen sind schneller, g\u00fcnstiger und bereits jetzt verf\u00fcgbar \u2013 und sie senken Emissionen ab sofort, nicht irgendwann.<\/p>\n\n<h2 class=\"wp-block-heading\">Kein aktueller Handlungsbedarf<\/h2>\n\n<p>Gleichzeitig besteht kein aktueller Handlungsbedarf: Das 2024 mit 68,7 Prozent angenommene Stromgesetz st\u00e4rkt die Versorgungssicherheit bereits jetzt und ist die Grundlage f\u00fcr einen beschleunigten Ausbau erneuerbarer Energien. Dieses Gesetz ist ausreichend f\u00fcr den zus\u00e4tzlichen Strombedarf der Energiewende und muss jetzt nur noch konsequent umgesetzt werden.<\/p>\n\n<p>Die Klima-Allianz Schweiz fordert den Bundesrat auf, den indirekten Gegenvorschlag zur\u00fcckzuziehen, die Atom-Initiative abzulehnen und am vom Schweizer Stimmvolk beschlossenen Atomausstieg festzuhalten.<\/p>\n\n<p>Die vollst\u00e4ndige Stellungnahme der Klima-Allianz Schweiz zur Vernehmlassung kann <a href=\"https:\/\/mcusercontent.com\/def9df6fea9e0838f61b749a3\/files\/cf624214-01b2-dfaa-ea93-8bcbd18067e4\/20250325_Vernehmlassung_IGV_Blackout_Stoppen_Initiative_Stellungnahme_der_Klima_Allianz_Schweiz.pdf\" target=\"_blank\" rel=\"noreferrer noopener\">hier<\/a> eingesehen werden.<\/p>\n\n<h2 class=\"wp-block-heading\">Kontakt<\/h2>\n\n<p>Georg Klingler, Klimaexperte bei Greenpeace Schweiz und Vorstandsmitglied Klima-Allianz, +41 79 785 07 38, <a href=\"mailto:georg.klingler@greenpeace.org\">georg.klingler@greenpeace.org<\/a> <br><\/p>\n","protected":false},"excerpt":{"rendered":"<p>Die Klima-Allianz Schweiz fordert den Bundesrat auf, den indirekten Gegenvorschlag zur Blackout-Initiative zur\u00fcckzuziehen und die Atom-Initiative abzulehnen. <\/p>\n","protected":false},"author":39,"featured_media":117976,"comment_status":"closed","ping_status":"open","sticky":false,"template":"","format":"standard","meta":{"_acf_changed":false,"_planet4_optimize_post_is_variant":false,"_planet4_optimize_experiment_name":"","_planet4_optimize_variant_name":"","ep_exclude_from_search":false,"p4_og_title":"","p4_og_description":"","p4_og_image":"","p4_og_image_id":"","p4_seo_canonical_url":"","p4_campaign_name":"","p4_local_project":"","p4_basket_name":"","p4_department":"","footnotes":""},"categories":[1],"tags":[42,50],"p4-page-type":[71],"gpch-article-type":[],"class_list":["post-118647","post","type-post","status-publish","format-standard","has-post-thumbnail","hentry","category-unkategorisiert","tag-energie","tag-klima","p4-page-type-medienmitteilung"],"acf":[],"_links":{"self":[{"href":"https:\/\/www.greenpeace.ch\/de\/wp-json\/wp\/v2\/posts\/118647","targetHints":{"allow":["GET"]}}],"collection":[{"href":"https:\/\/www.greenpeace.ch\/de\/wp-json\/wp\/v2\/posts"}],"about":[{"href":"https:\/\/www.greenpeace.ch\/de\/wp-json\/wp\/v2\/types\/post"}],"author":[{"embeddable":true,"href":"https:\/\/www.greenpeace.ch\/de\/wp-json\/wp\/v2\/users\/39"}],"replies":[{"embeddable":true,"href":"https:\/\/www.greenpeace.ch\/de\/wp-json\/wp\/v2\/comments?post=118647"}],"version-history":[{"count":1,"href":"https:\/\/www.greenpeace.ch\/de\/wp-json\/wp\/v2\/posts\/118647\/revisions"}],"predecessor-version":[{"id":118648,"href":"https:\/\/www.greenpeace.ch\/de\/wp-json\/wp\/v2\/posts\/118647\/revisions\/118648"}],"wp:featuredmedia":[{"embeddable":true,"href":"https:\/\/www.greenpeace.ch\/de\/wp-json\/wp\/v2\/media\/117976"}],"wp:attachment":[{"href":"https:\/\/www.greenpeace.ch\/de\/wp-json\/wp\/v2\/media?parent=118647"}],"wp:term":[{"taxonomy":"category","embeddable":true,"href":"https:\/\/www.greenpeace.ch\/de\/wp-json\/wp\/v2\/categories?post=118647"},{"taxonomy":"post_tag","embeddable":true,"href":"https:\/\/www.greenpeace.ch\/de\/wp-json\/wp\/v2\/tags?post=118647"},{"taxonomy":"p4-page-type","embeddable":true,"href":"https:\/\/www.greenpeace.ch\/de\/wp-json\/wp\/v2\/p4-page-type?post=118647"},{"taxonomy":"gpch-article-type","embeddable":true,"href":"https:\/\/www.greenpeace.ch\/de\/wp-json\/wp\/v2\/gpch-article-type?post=118647"}],"curies":[{"name":"wp","href":"https:\/\/api.w.org\/{rel}","templated":true}]}}