{"id":11867,"date":"2013-11-12T00:00:00","date_gmt":"2013-11-11T22:00:00","guid":{"rendered":"https:\/\/master.greenpeace.ch\/beitrag\/11867\/tierisch-schoener-samojede-botschafter-mit-greenpeace-in-luzern-auf-arktis-tour\/"},"modified":"2019-05-30T11:15:52","modified_gmt":"2019-05-30T09:15:52","slug":"tierisch-schoener-samojede-botschafter-mit-greenpeace-in-luzern-auf-arktis-tour","status":"publish","type":"post","link":"https:\/\/www.greenpeace.ch\/de\/story\/11867\/tierisch-schoener-samojede-botschafter-mit-greenpeace-in-luzern-auf-arktis-tour\/","title":{"rendered":"Tierisch sch\u00f6ner Samojede-Botschafter mit Greenpeace in Luzern auf Arktis-Tour"},"content":{"rendered":"<p><b>Die schneeweisse Samojede-H\u00fcndin Lascaux f\u00fchlte sich sichtlich wohl in der Luzerner Abendk\u00e4lte. Klar, ihre urspr\u00fcngliche Heimat ist schliesslich die Samojeden-Halbinsel des Nordpolarmeeres. In unmittelbarer N\u00e4he befindet sich die Arktis, Heimat einer Million Menschen und vieler einzigartiger Tierarten.<\/b><\/p>\n<div class=\"post-content\">\n<div>\n<h3>Die schneeweisse Samojede-H\u00fcndin Lascaux f\u00fchlte sich sichtlich wohl in der Luzerner Abendk\u00e4lte. Klar, ihre urspr\u00fcngliche Heimat ist schliesslich die Samojeden-Halbinsel des Nordpolarmeeres. In unmittelbarer N\u00e4he befindet sich die Arktis, Heimat einer Million Menschen und vieler einzigartiger Tierarten.<\/h3>\n<p>Der Vierbeiner war gestern dabei, als Freiwillige von Greenpeace Schweiz zum Auftakt einer einw\u00f6chigen Tour durch die Schweiz die Passantinnen und Passanten der Luzerner Innenstadt darauf aufmerksam gemacht haben, dass die Arktis droht, vor die Hunde zu gehen &#8211; geopfert der Gier der \u00d6lkonzerne wie Gazprom und Shell. Dagegen wollten 28 Arktissch\u00fctzerinnen und Arktissch\u00fctzer, darunter der Schweizer Marco Weber, im September in der russischen Arktis friedlich demonstrieren. Sie wurden zusammen mit zwei freischaffenden Journalisten inhaftiert und sitzen seither in russischer Untersuchungshaft.<\/p>\n<p>Viele Menschen forderten in Luzern gemeinsam mit Greenpeace zum Schutz der Arktis auf und zeigten ihre Solidarit\u00e4t mit den inhaftierten Arktissch\u00fctzerinnen und Arktissch\u00fctzern.\u00a0 Sie sendeten aus dem mobilen \u00abGef\u00e4ngnis\u00bb ihre starken individuellen Botschaften aus und unterzeichneten eine Petition zum Schutz der Arktis.<\/p>\n<p>\u00d6lbohrungen in der Arktis sind eine grosse Gefahr. Wann es zu einer \u00d6lkatastrophe kommt, ist nur eine Frage der Zeit. Der russische Staatskonzern Gazprom will im Dezember als erster Konzern \u00fcber der Eisgrenze nach der schwarzen klebrigen Fl\u00fcssigkeit bohren, die schon so viele Meerv\u00f6gel, Fische und Meeress\u00e4uger umgebracht hat. Die Gazprom-Bohrstelle ist w\u00e4hrend knapp zwei Dritteln des Jahres mit Eis bedeckt, die Temperaturen k\u00f6nnen bis auf minus 50 Grad Celsius absinken. Dazu kommen heftige St\u00fcrme und lange Dunkelperioden w\u00e4hrend der Wintermonate. Auf diese Herausforderungen reagiert Gazprom mit einem v\u00f6llig unzureichenden Notfallplan. So lagert beispielsweise Material f\u00fcr die \u00d6lbek\u00e4mpfung im tausend Kilometer entfernten Murmansk.<\/p>\n<p>An kaum einem anderen Ort der Welt ist der Klimawandel sichtbarer als in der Arktis. \u00dcber 75 Prozent des arktischen Meereises ist in den letzten 30 Jahren verschwunden. Die Konzerne, die daf\u00fcr verantwortlich sind, wollen nun davon profitieren <strong>\u2013 <\/strong>und das Weltklima weiter anheizen. Heute beginnt in Warschau die internationale Klimakonferenz <acronym>COP<\/acronym> 19. \u00abEs ist die tragische Ironie dieser Konferenz, dass Menschen in Russland eingesperrt sind, weil sie friedlich gegen den Klimawandel demonstriert haben, w\u00e4hrend hier in Warschau Politiker und Regierungen frei die Interessen grosser Konzerne wie Gazprom vertreten d\u00fcrfen\u00bb, sagt Nadine Berthel, Klimaexpertin von Greenpeace.<\/p>\n<p><a href=\"http:\/\/arctic30.ch\/savethearctic-tour\/\" target=\"_blank\" rel=\"noopener noreferrer\">Die Arktis-Tour<\/a> ist Teil einer internationalen Kampagne von Greenpeace zum Schutz der Arktis. Greenpeace tr\u00e4gt die Bilder und Botschaften zusammen und versucht sie bei Gelegenheit auch an Marco zu \u00fcbergeben. Die weiteren Etappenorte sind Basel, Bern, Lausanne, Genf und Z\u00fcrich. Die unabh\u00e4ngige Umweltorganisation k\u00e4mpft seit zwei Jahren f\u00fcr ein Schutzgebiet rund um den Nordpol. Wer sich daran beteiligen will, kann im Internet unter www.savethearctic.org seine Stimme f\u00fcr die Arktis abgeben und nat\u00fcrlich zur Arktis-Tour kommen. Die Daten und Orte findet ihr <a href=\"http:\/\/arctic30.ch\/savethearctic-tour\/\" target=\"_blank\" rel=\"noopener noreferrer\">hier<\/a>.<\/p>\n<p>Unter anderen haben sich bisher folgende bekannte Schweizerinnen und Schweizer zum Schutz der Arktis und f\u00fcr die sofortige Freilassung der inhaftierten Arktissch\u00fctzerinnen und Arktissch\u00fctzer ausgesprochen: Viktor Giacobbo, Sch\u00f6n &amp; Gut, Reto Kestenholz, Michael Elsener, Lucas Niggli, Franz Hohler,\u00a0Gardi Hutter, Milena Moser, Lovebugs, Ueli\u00a0Schmezer, Daniel Rohr, Ad\u00e8le\u00a0Thornes, Regula Rytz,\u00a0Hina Str\u00fcver, Jo Lang, Christoph Greuter, Stefanie Lang, Jacqueline Fehr, Roger Widmer, Ingo Ospelt, Bastien Girod, Daniel Betz, Ekkehard Sassenhausen, Christian Labhart und die Gruppe zapzarap.<\/p>\n<\/p>\n<div class=\"embedded-image-gallery promo general-form\">\n<h2>FREE ARCTIC30 TOUR in Luzern<\/h2>\n<div class=\"gallery\">\n<div class=\"img-nav\">\n<div class=\"carousel\">\n<ul class=\"img-list galleria\">\n<li class=\"active\">\n                            <a title=\"\u00abFREE ACTIVISTS\u00bb in Luzern\" href=\"\/switzerland\/de\/News_Stories\/Multimedia\/Fotos\/FREE-ARCTIC30-TOUR-in-Luzern\/FREE-ACTIVISTS-in-Luzern34\/\" rel=\"In Luzern fand am Montag dem 12. Nov der erste Stopp der Schweizer FREE-ARCTIC30-TOUR statt. Viele Menschen zeigten sich solidarisch und forderten mit Musik, Gesten, Text und der Stimme die sofortige Freilassung der inhaftierten Greenpeace-Aktivisten und den Schutz der Arktis.~^Greenpeace~^https:\/\/www.greenpeace.ch\/static\/planet4-switzerland-stateless\/2019\/05\/91ede02b-91ede02b-img_2792.jpg~^386522\"><br \/>\n                                <img decoding=\"async\" id=\"ctl00_cphContentArea_epiEntryContent_ctl00_ctl02_ctl00_repImages_ctl00_thumbImg\" title=\"\u00abFREE ACTIVISTS\u00bb in Luzern\" src=\"https:\/\/www.greenpeace.ch\/static\/planet4-switzerland-stateless\/2019\/05\/91ede02b-91ede02b-img_2792.jpg\" alt=\"\u00abFREE ACTIVISTS\u00bb in Luzern\" style=\"border-width:0px;\"><br \/>\n                            <\/a>\n                        <\/li>\n<li>\n                            <a title=\"\u00abFREE ACTIVISTS\u00bb in Luzern\" href=\"\/switzerland\/de\/News_Stories\/Multimedia\/Fotos\/FREE-ARCTIC30-TOUR-in-Luzern\/FREE-ACTIVISTS-in-Luzern35\/\" rel=\"In Luzern fand am Montag dem 12. Nov der erste Stopp der Schweizer FREE-ARCTIC30-TOUR statt. Viele Menschen zeigten sich solidarisch und forderten mit Musik, Gesten, Text und der Stimme die sofortige Freilassung der inhaftierten Greenpeace-Aktivisten und den Schutz der Arktis.~^Greenpeace~^https:\/\/www.greenpeace.ch\/static\/planet4-switzerland-stateless\/2019\/05\/054679f5-054679f5-img_2772.jpg~^386523\"><br \/>\n                                <img decoding=\"async\" id=\"ctl00_cphContentArea_epiEntryContent_ctl00_ctl02_ctl00_repImages_ctl01_thumbImg\" title=\"\u00abFREE ACTIVISTS\u00bb in Luzern\" src=\"https:\/\/www.greenpeace.ch\/static\/planet4-switzerland-stateless\/2019\/05\/054679f5-054679f5-img_2772.jpg\" alt=\"\u00abFREE ACTIVISTS\u00bb in Luzern\" style=\"border-width:0px;\"><br \/>\n                            <\/a>\n                        <\/li>\n<li>\n                            <a title=\"\u00abFREE ACTIVISTS\u00bb in Luzern\" href=\"\/switzerland\/de\/News_Stories\/Multimedia\/Fotos\/FREE-ARCTIC30-TOUR-in-Luzern\/FREE-ACTIVISTS-in-Luzern36\/\" rel=\"In Luzern fand am Montag dem 12. Nov der erste Stopp der Schweizer FREE-ARCTIC30-TOUR statt. Viele Menschen zeigten sich solidarisch und forderten mit Musik, Gesten, Text und der Stimme die sofortige Freilassung der inhaftierten Greenpeace-Aktivisten und den Schutz der Arktis.~^Greenpeace~^https:\/\/www.greenpeace.ch\/static\/planet4-switzerland-stateless\/2019\/05\/7e96ee16-7e96ee16-img_2730.jpg~^386524\"><br \/>\n                                <img decoding=\"async\" id=\"ctl00_cphContentArea_epiEntryContent_ctl00_ctl02_ctl00_repImages_ctl02_thumbImg\" title=\"\u00abFREE ACTIVISTS\u00bb in Luzern\" src=\"https:\/\/www.greenpeace.ch\/static\/planet4-switzerland-stateless\/2019\/05\/7e96ee16-7e96ee16-img_2730.jpg\" alt=\"\u00abFREE ACTIVISTS\u00bb in Luzern\" style=\"border-width:0px;\"><br \/>\n                            <\/a>\n                        <\/li>\n<li>\n                            <a title=\"\u00abFREE ACTIVISTS\u00bb in Luzern\" href=\"\/switzerland\/de\/News_Stories\/Multimedia\/Fotos\/FREE-ARCTIC30-TOUR-in-Luzern\/FREE-ACTIVISTS-in-Luzern37\/\" rel=\"In Luzern fand am Montag dem 12. Nov der erste Stopp der Schweizer FREE-ARCTIC30-TOUR statt. Viele Menschen zeigten sich solidarisch und forderten mit Musik, Gesten, Text und der Stimme die sofortige Freilassung der inhaftierten Greenpeace-Aktivisten und den Schutz der Arktis.~^Greenpeace~^https:\/\/www.greenpeace.ch\/static\/planet4-switzerland-stateless\/2019\/05\/36b8ab43-36b8ab43-dsc_2658.jpg~^386525\"><br \/>\n                                <img decoding=\"async\" id=\"ctl00_cphContentArea_epiEntryContent_ctl00_ctl02_ctl00_repImages_ctl03_thumbImg\" title=\"\u00abFREE ACTIVISTS\u00bb in Luzern\" src=\"https:\/\/www.greenpeace.ch\/static\/planet4-switzerland-stateless\/2019\/05\/36b8ab43-36b8ab43-dsc_2658.jpg\" alt=\"\u00abFREE ACTIVISTS\u00bb in Luzern\" style=\"border-width:0px;\"><br \/>\n                            <\/a>\n                        <\/li>\n<li>\n                            <a title=\"\u00abFREE ACTIVISTS\u00bb in Luzern\" href=\"\/switzerland\/de\/News_Stories\/Multimedia\/Fotos\/FREE-ARCTIC30-TOUR-in-Luzern\/FREE-ACTIVISTS-in-Luzern38\/\" rel=\"In Luzern fand am Montag dem 12. Nov der erste Stopp der Schweizer FREE-ARCTIC30-TOUR statt. Viele Menschen zeigten sich solidarisch und forderten mit Musik, Gesten, Text und der Stimme die sofortige Freilassung der inhaftierten Greenpeace-Aktivisten und den Schutz der Arktis.~^Greenpeace~^https:\/\/www.greenpeace.ch\/static\/planet4-switzerland-stateless\/2019\/05\/9ad98d5a-9ad98d5a-dsc_2668.jpg~^386526\"><br \/>\n                                <img decoding=\"async\" id=\"ctl00_cphContentArea_epiEntryContent_ctl00_ctl02_ctl00_repImages_ctl04_thumbImg\" title=\"\u00abFREE ACTIVISTS\u00bb in Luzern\" src=\"https:\/\/www.greenpeace.ch\/static\/planet4-switzerland-stateless\/2019\/05\/9ad98d5a-9ad98d5a-dsc_2668.jpg\" alt=\"\u00abFREE ACTIVISTS\u00bb in Luzern\" style=\"border-width:0px;\"><br \/>\n                            <\/a>\n                        <\/li>\n<li>\n                            <a title=\"\u00abFREE ACTIVISTS\u00bb in Luzern\" href=\"\/switzerland\/de\/News_Stories\/Multimedia\/Fotos\/FREE-ARCTIC30-TOUR-in-Luzern\/FREE-ACTIVISTS-in-Luzern39\/\" rel=\"In Luzern fand am Montag dem 12. Nov der erste Stopp der Schweizer FREE-ARCTIC30-TOUR statt. Viele Menschen zeigten sich solidarisch und forderten mit Musik, Gesten, Text und der Stimme die sofortige Freilassung der inhaftierten Greenpeace-Aktivisten und den Schutz der Arktis.~^Greenpeace~^https:\/\/www.greenpeace.ch\/static\/planet4-switzerland-stateless\/2019\/05\/f5bf8df3-f5bf8df3-dsc_2682.jpg~^386527\"><br \/>\n                                <img decoding=\"async\" id=\"ctl00_cphContentArea_epiEntryContent_ctl00_ctl02_ctl00_repImages_ctl05_thumbImg\" title=\"\u00abFREE ACTIVISTS\u00bb in Luzern\" src=\"https:\/\/www.greenpeace.ch\/static\/planet4-switzerland-stateless\/2019\/05\/f5bf8df3-f5bf8df3-dsc_2682.jpg\" alt=\"\u00abFREE ACTIVISTS\u00bb in Luzern\" style=\"border-width:0px;\"><br \/>\n                            <\/a>\n                        <\/li>\n<li>\n                            <a title=\"\u00abFREE ACTIVISTS\u00bb in Luzern\" href=\"\/switzerland\/de\/News_Stories\/Multimedia\/Fotos\/FREE-ARCTIC30-TOUR-in-Luzern\/FREE-ACTIVISTS-in-Luzern40\/\" rel=\"In Luzern fand am Montag dem 12. Nov der erste Stopp der Schweizer FREE-ARCTIC30-TOUR statt. Viele Menschen zeigten sich solidarisch und forderten mit Musik, Gesten, Text und der Stimme die sofortige Freilassung der inhaftierten Greenpeace-Aktivisten und den Schutz der Arktis.~^Greenpeace~^https:\/\/www.greenpeace.ch\/static\/planet4-switzerland-stateless\/2019\/05\/9b808399-9b808399-dsc_2702.jpg~^386528\"><br \/>\n                                <img decoding=\"async\" id=\"ctl00_cphContentArea_epiEntryContent_ctl00_ctl02_ctl00_repImages_ctl06_thumbImg\" title=\"\u00abFREE ACTIVISTS\u00bb in Luzern\" src=\"https:\/\/www.greenpeace.ch\/static\/planet4-switzerland-stateless\/2019\/05\/9b808399-9b808399-dsc_2702.jpg\" alt=\"\u00abFREE ACTIVISTS\u00bb in Luzern\" style=\"border-width:0px;\"><br \/>\n                            <\/a>\n                        <\/li>\n<li>\n                            <a title=\"\u00abFREE ACTIVISTS\u00bb in Luzern\" href=\"\/switzerland\/de\/News_Stories\/Multimedia\/Fotos\/FREE-ARCTIC30-TOUR-in-Luzern\/FREE-ACTIVISTS-in-Luzern41\/\" rel=\"In Luzern fand am Montag dem 12. Nov der erste Stopp der Schweizer FREE-ARCTIC30-TOUR statt. Viele Menschen zeigten sich solidarisch und forderten mit Musik, Gesten, Text und der Stimme die sofortige Freilassung der inhaftierten Greenpeace-Aktivisten und den Schutz der Arktis.~^Greenpeace~^https:\/\/www.greenpeace.ch\/static\/planet4-switzerland-stateless\/2019\/05\/396e4b19-396e4b19-dsc_2708.jpg~^386529\"><br \/>\n                                <img decoding=\"async\" id=\"ctl00_cphContentArea_epiEntryContent_ctl00_ctl02_ctl00_repImages_ctl07_thumbImg\" title=\"\u00abFREE ACTIVISTS\u00bb in Luzern\" src=\"https:\/\/www.greenpeace.ch\/static\/planet4-switzerland-stateless\/2019\/05\/396e4b19-396e4b19-dsc_2708.jpg\" alt=\"\u00abFREE ACTIVISTS\u00bb in Luzern\" style=\"border-width:0px;\"><br \/>\n                            <\/a>\n                        <\/li>\n<li>\n                            <a title=\"\u00abFREE ACTIVISTS\u00bb in Luzern\" href=\"\/switzerland\/de\/News_Stories\/Multimedia\/Fotos\/FREE-ARCTIC30-TOUR-in-Luzern\/FREE-ACTIVISTS-in-Luzern42\/\" rel=\"In Luzern fand am Montag dem 12. Nov der erste Stopp der Schweizer FREE-ARCTIC30-TOUR statt. Viele Menschen zeigten sich solidarisch und forderten mit Musik, Gesten, Text und der Stimme die sofortige Freilassung der inhaftierten Greenpeace-Aktivisten und den Schutz der Arktis.~^Greenpeace~^https:\/\/www.greenpeace.ch\/static\/planet4-switzerland-stateless\/2019\/05\/31cb986d-31cb986d-dsc_2710.jpg~^386530\"><br \/>\n                                <img decoding=\"async\" id=\"ctl00_cphContentArea_epiEntryContent_ctl00_ctl02_ctl00_repImages_ctl08_thumbImg\" title=\"\u00abFREE ACTIVISTS\u00bb in Luzern\" src=\"https:\/\/www.greenpeace.ch\/static\/planet4-switzerland-stateless\/2019\/05\/31cb986d-31cb986d-dsc_2710.jpg\" alt=\"\u00abFREE ACTIVISTS\u00bb in Luzern\" style=\"border-width:0px;\"><br \/>\n                            <\/a>\n                        <\/li>\n<li>\n                            <a title=\"\u00abFREE ACTIVISTS\u00bb in Luzern\" href=\"\/switzerland\/de\/News_Stories\/Multimedia\/Fotos\/FREE-ARCTIC30-TOUR-in-Luzern\/FREE-ACTIVISTS-in-Luzern43\/\" rel=\"In Luzern fand am Montag dem 12. Nov der erste Stopp der Schweizer FREE-ARCTIC30-TOUR statt. Viele Menschen zeigten sich solidarisch und forderten mit Musik, Gesten, Text und der Stimme die sofortige Freilassung der inhaftierten Greenpeace-Aktivisten und den Schutz der Arktis.~^Greenpeace~^https:\/\/www.greenpeace.ch\/static\/planet4-switzerland-stateless\/2019\/05\/ed8c883c-ed8c883c-dsc_2716.jpg~^386531\"><br \/>\n                                <img decoding=\"async\" id=\"ctl00_cphContentArea_epiEntryContent_ctl00_ctl02_ctl00_repImages_ctl09_thumbImg\" title=\"\u00abFREE ACTIVISTS\u00bb in Luzern\" src=\"https:\/\/www.greenpeace.ch\/static\/planet4-switzerland-stateless\/2019\/05\/ed8c883c-ed8c883c-dsc_2716.jpg\" alt=\"\u00abFREE ACTIVISTS\u00bb in Luzern\" style=\"border-width:0px;\"><br \/>\n                            <\/a>\n                        <\/li>\n<li>\n                            <a title=\"\u00abFREE ACTIVISTS\u00bb in Luzern\" href=\"\/switzerland\/de\/News_Stories\/Multimedia\/Fotos\/FREE-ARCTIC30-TOUR-in-Luzern\/FREE-ACTIVISTS-in-Luzern44\/\" rel=\"In Luzern fand am Montag dem 12. Nov der erste Stopp der Schweizer FREE-ARCTIC30-TOUR statt. Viele Menschen zeigten sich solidarisch und forderten mit Musik, Gesten, Text und der Stimme die sofortige Freilassung der inhaftierten Greenpeace-Aktivisten und den Schutz der Arktis.~^Greenpeace~^https:\/\/www.greenpeace.ch\/static\/planet4-switzerland-stateless\/2019\/05\/07416695-07416695-dsc_2723.jpg~^386532\"><br \/>\n                                <img decoding=\"async\" id=\"ctl00_cphContentArea_epiEntryContent_ctl00_ctl02_ctl00_repImages_ctl10_thumbImg\" title=\"\u00abFREE ACTIVISTS\u00bb in Luzern\" src=\"https:\/\/www.greenpeace.ch\/static\/planet4-switzerland-stateless\/2019\/05\/07416695-07416695-dsc_2723.jpg\" alt=\"\u00abFREE ACTIVISTS\u00bb in Luzern\" style=\"border-width:0px;\"><br \/>\n                            <\/a>\n                        <\/li>\n<li>\n                            <a title=\"\u00abFREE ACTIVISTS\u00bb in Luzern\" href=\"\/switzerland\/de\/News_Stories\/Multimedia\/Fotos\/FREE-ARCTIC30-TOUR-in-Luzern\/FREE-ACTIVISTS-in-Luzern45\/\" rel=\"In Luzern fand am Montag dem 12. Nov der erste Stopp der Schweizer FREE-ARCTIC30-TOUR statt. Viele Menschen zeigten sich solidarisch und forderten mit Musik, Gesten, Text und der Stimme die sofortige Freilassung der inhaftierten Greenpeace-Aktivisten und den Schutz der Arktis.~^Greenpeace~^https:\/\/www.greenpeace.ch\/static\/planet4-switzerland-stateless\/2019\/05\/6ebbab3f-6ebbab3f-dsc_2726.jpg~^386533\"><br \/>\n                                <img decoding=\"async\" id=\"ctl00_cphContentArea_epiEntryContent_ctl00_ctl02_ctl00_repImages_ctl11_thumbImg\" title=\"\u00abFREE ACTIVISTS\u00bb in Luzern\" src=\"https:\/\/www.greenpeace.ch\/static\/planet4-switzerland-stateless\/2019\/05\/6ebbab3f-6ebbab3f-dsc_2726.jpg\" alt=\"\u00abFREE ACTIVISTS\u00bb in Luzern\" style=\"border-width:0px;\"><br \/>\n                            <\/a>\n                        <\/li>\n<li>\n                            <a title=\"\u00abFREE ACTIVISTS\u00bb in Luzern\" href=\"\/switzerland\/de\/News_Stories\/Multimedia\/Fotos\/FREE-ARCTIC30-TOUR-in-Luzern\/FREE-ACTIVISTS-in-Luzern46\/\" rel=\"In Luzern fand am Montag dem 12. Nov der erste Stopp der Schweizer FREE-ARCTIC30-TOUR statt. Viele Menschen zeigten sich solidarisch und forderten mit Musik, Gesten, Text und der Stimme die sofortige Freilassung der inhaftierten Greenpeace-Aktivisten und den Schutz der Arktis.~^Greenpeace~^https:\/\/www.greenpeace.ch\/static\/planet4-switzerland-stateless\/2019\/05\/9c1e815a-9c1e815a-dsc_2763.jpg~^386534\"><br \/>\n                                <img decoding=\"async\" id=\"ctl00_cphContentArea_epiEntryContent_ctl00_ctl02_ctl00_repImages_ctl12_thumbImg\" title=\"\u00abFREE ACTIVISTS\u00bb in Luzern\" src=\"https:\/\/www.greenpeace.ch\/static\/planet4-switzerland-stateless\/2019\/05\/9c1e815a-9c1e815a-dsc_2763.jpg\" alt=\"\u00abFREE ACTIVISTS\u00bb in Luzern\" style=\"border-width:0px;\"><br \/>\n                            <\/a>\n                        <\/li>\n<li>\n                            <a title=\"\u00abFREE ACTIVISTS\u00bb in Luzern\" href=\"\/switzerland\/de\/News_Stories\/Multimedia\/Fotos\/FREE-ARCTIC30-TOUR-in-Luzern\/FREE-ACTIVISTS-in-Luzern47\/\" rel=\"In Luzern fand am Montag dem 12. Nov der erste Stopp der Schweizer FREE-ARCTIC30-TOUR statt. Viele Menschen zeigten sich solidarisch und forderten mit Musik, Gesten, Text und der Stimme die sofortige Freilassung der inhaftierten Greenpeace-Aktivisten und den Schutz der Arktis.~^Greenpeace~^https:\/\/www.greenpeace.ch\/static\/planet4-switzerland-stateless\/2019\/05\/1211fe34-1211fe34-dsc_2779.jpg~^386535\"><br \/>\n                                <img decoding=\"async\" id=\"ctl00_cphContentArea_epiEntryContent_ctl00_ctl02_ctl00_repImages_ctl13_thumbImg\" title=\"\u00abFREE ACTIVISTS\u00bb in Luzern\" src=\"https:\/\/www.greenpeace.ch\/static\/planet4-switzerland-stateless\/2019\/05\/1211fe34-1211fe34-dsc_2779.jpg\" alt=\"\u00abFREE ACTIVISTS\u00bb in Luzern\" style=\"border-width:0px;\"><br \/>\n                            <\/a>\n                        <\/li>\n<li>\n                            <a title=\"\u00abFREE ACTIVISTS\u00bb in Luzern\" href=\"\/switzerland\/de\/News_Stories\/Multimedia\/Fotos\/FREE-ARCTIC30-TOUR-in-Luzern\/FREE-ACTIVISTS-in-Luzern48\/\" rel=\"In Luzern fand am Montag dem 12. Nov der erste Stopp der Schweizer FREE-ARCTIC30-TOUR statt. Viele Menschen zeigten sich solidarisch und forderten mit Musik, Gesten, Text und der Stimme die sofortige Freilassung der inhaftierten Greenpeace-Aktivisten und den Schutz der Arktis.~^Greenpeace~^https:\/\/www.greenpeace.ch\/static\/planet4-switzerland-stateless\/2019\/05\/9388176c-9388176c-img_2806.jpg~^386536\"><br \/>\n                                <img decoding=\"async\" id=\"ctl00_cphContentArea_epiEntryContent_ctl00_ctl02_ctl00_repImages_ctl14_thumbImg\" title=\"\u00abFREE ACTIVISTS\u00bb in Luzern\" src=\"https:\/\/www.greenpeace.ch\/static\/planet4-switzerland-stateless\/2019\/05\/9388176c-9388176c-img_2806.jpg\" alt=\"\u00abFREE ACTIVISTS\u00bb in Luzern\" style=\"border-width:0px;\"><br \/>\n                            <\/a>\n                        <\/li>\n<li>\n                            <a title=\"\u00abFREE ACTIVISTS\u00bb in Luzern\" href=\"\/switzerland\/de\/News_Stories\/Multimedia\/Fotos\/FREE-ARCTIC30-TOUR-in-Luzern\/FREE-ACTIVISTS-in-Luzern49\/\" rel=\"In Luzern fand am Montag dem 12. Nov der erste Stopp der Schweizer FREE-ARCTIC30-TOUR statt. Viele Menschen zeigten sich solidarisch und forderten mit Musik, Gesten, Text und der Stimme die sofortige Freilassung der inhaftierten Greenpeace-Aktivisten und den Schutz der Arktis.~^Greenpeace~^https:\/\/www.greenpeace.ch\/static\/planet4-switzerland-stateless\/2019\/05\/4001e536-4001e536-img_2821.jpg~^386537\"><br \/>\n                                <img decoding=\"async\" id=\"ctl00_cphContentArea_epiEntryContent_ctl00_ctl02_ctl00_repImages_ctl15_thumbImg\" title=\"\u00abFREE ACTIVISTS\u00bb in Luzern\" src=\"https:\/\/www.greenpeace.ch\/static\/planet4-switzerland-stateless\/2019\/05\/4001e536-4001e536-img_2821.jpg\" alt=\"\u00abFREE ACTIVISTS\u00bb in Luzern\" style=\"border-width:0px;\"><br \/>\n                            <\/a>\n                        <\/li>\n<li>\n                            <a title=\"\u00abFREE ACTIVISTS\u00bb in Luzern\" href=\"\/switzerland\/de\/News_Stories\/Multimedia\/Fotos\/FREE-ARCTIC30-TOUR-in-Luzern\/FREE-ACTIVISTS-in-Luzern50\/\" rel=\"In Luzern fand am Montag dem 12. Nov der erste Stopp der Schweizer FREE-ARCTIC30-TOUR statt. Viele Menschen zeigten sich solidarisch und forderten mit Musik, Gesten, Text und der Stimme die sofortige Freilassung der inhaftierten Greenpeace-Aktivisten und den Schutz der Arktis.~^Greenpeace~^https:\/\/www.greenpeace.ch\/static\/planet4-switzerland-stateless\/2019\/05\/ba14310f-ba14310f-img_2827.jpg~^386538\"><br \/>\n                                <img decoding=\"async\" id=\"ctl00_cphContentArea_epiEntryContent_ctl00_ctl02_ctl00_repImages_ctl16_thumbImg\" title=\"\u00abFREE ACTIVISTS\u00bb in Luzern\" src=\"https:\/\/www.greenpeace.ch\/static\/planet4-switzerland-stateless\/2019\/05\/ba14310f-ba14310f-img_2827.jpg\" alt=\"\u00abFREE ACTIVISTS\u00bb in Luzern\" style=\"border-width:0px;\"><br \/>\n                            <\/a>\n                        <\/li>\n<li>\n                            <a title=\"\u00abFREE ACTIVISTS\u00bb in Luzern\" href=\"\/switzerland\/de\/News_Stories\/Multimedia\/Fotos\/FREE-ARCTIC30-TOUR-in-Luzern\/FREE-ACTIVISTS-in-Luzern51\/\" rel=\"In Luzern fand am Montag dem 12. Nov der erste Stopp der Schweizer FREE-ARCTIC30-TOUR statt. Viele Menschen zeigten sich solidarisch und forderten mit Musik, Gesten, Text und der Stimme die sofortige Freilassung der inhaftierten Greenpeace-Aktivisten und den Schutz der Arktis.~^Greenpeace~^https:\/\/www.greenpeace.ch\/static\/planet4-switzerland-stateless\/2019\/05\/e502754e-e502754e-img_2840.jpg~^386539\"><br \/>\n                                <img decoding=\"async\" id=\"ctl00_cphContentArea_epiEntryContent_ctl00_ctl02_ctl00_repImages_ctl17_thumbImg\" title=\"\u00abFREE ACTIVISTS\u00bb in Luzern\" src=\"https:\/\/www.greenpeace.ch\/static\/planet4-switzerland-stateless\/2019\/05\/e502754e-e502754e-img_2840.jpg\" alt=\"\u00abFREE ACTIVISTS\u00bb in Luzern\" style=\"border-width:0px;\"><br \/>\n                            <\/a>\n                        <\/li>\n<li>\n                            <a title=\"\u00abFREE ACTIVISTS\u00bb in Luzern\" href=\"\/switzerland\/de\/News_Stories\/Multimedia\/Fotos\/FREE-ARCTIC30-TOUR-in-Luzern\/FREE-ACTIVISTS-in-Luzern52\/\" rel=\"In Luzern fand am Montag dem 12. Nov der erste Stopp der Schweizer FREE-ARCTIC30-TOUR statt. Viele Menschen zeigten sich solidarisch und forderten mit Musik, Gesten, Text und der Stimme die sofortige Freilassung der inhaftierten Greenpeace-Aktivisten und den Schutz der Arktis.~^Greenpeace~^https:\/\/www.greenpeace.ch\/static\/planet4-switzerland-stateless\/2019\/05\/bdcd828d-bdcd828d-img_2844.jpg~^386540\"><br \/>\n                                <img decoding=\"async\" id=\"ctl00_cphContentArea_epiEntryContent_ctl00_ctl02_ctl00_repImages_ctl18_thumbImg\" title=\"\u00abFREE ACTIVISTS\u00bb in Luzern\" src=\"https:\/\/www.greenpeace.ch\/static\/planet4-switzerland-stateless\/2019\/05\/bdcd828d-bdcd828d-img_2844.jpg\" alt=\"\u00abFREE ACTIVISTS\u00bb in Luzern\" style=\"border-width:0px;\"><br \/>\n                            <\/a>\n                        <\/li>\n<li>\n                            <a title=\"\u00abFREE ACTIVISTS\u00bb in Luzern\" href=\"\/switzerland\/de\/News_Stories\/Multimedia\/Fotos\/FREE-ARCTIC30-TOUR-in-Luzern\/FREE-ACTIVISTS-in-Luzern53\/\" rel=\"In Luzern fand am Montag dem 12. Nov der erste Stopp der Schweizer FREE-ARCTIC30-TOUR statt. Viele Menschen zeigten sich solidarisch und forderten mit Musik, Gesten, Text und der Stimme die sofortige Freilassung der inhaftierten Greenpeace-Aktivisten und den Schutz der Arktis.~^Greenpeace~^https:\/\/www.greenpeace.ch\/static\/planet4-switzerland-stateless\/2019\/05\/1d944f65-1d944f65-img_2851.jpg~^386541\"><br \/>\n                                <img decoding=\"async\" id=\"ctl00_cphContentArea_epiEntryContent_ctl00_ctl02_ctl00_repImages_ctl19_thumbImg\" title=\"\u00abFREE ACTIVISTS\u00bb in Luzern\" src=\"https:\/\/www.greenpeace.ch\/static\/planet4-switzerland-stateless\/2019\/05\/1d944f65-1d944f65-img_2851.jpg\" alt=\"\u00abFREE ACTIVISTS\u00bb in Luzern\" style=\"border-width:0px;\"><br \/>\n                            <\/a>\n                        <\/li>\n<li>\n                            <a title=\"\u00abFREE ACTIVISTS\u00bb in Luzern\" href=\"\/switzerland\/de\/News_Stories\/Multimedia\/Fotos\/FREE-ARCTIC30-TOUR-in-Luzern\/FREE-ACTIVISTS-in-Luzern54\/\" rel=\"In Luzern fand am Montag dem 12. Nov der erste Stopp der Schweizer FREE-ARCTIC30-TOUR statt. Viele Menschen zeigten sich solidarisch und forderten mit Musik, Gesten, Text und der Stimme die sofortige Freilassung der inhaftierten Greenpeace-Aktivisten und den Schutz der Arktis.~^Greenpeace~^https:\/\/www.greenpeace.ch\/static\/planet4-switzerland-stateless\/2019\/05\/3368ed5d-3368ed5d-img_2856.jpg~^386542\"><br \/>\n                                <img decoding=\"async\" id=\"ctl00_cphContentArea_epiEntryContent_ctl00_ctl02_ctl00_repImages_ctl20_thumbImg\" title=\"\u00abFREE ACTIVISTS\u00bb in Luzern\" src=\"https:\/\/www.greenpeace.ch\/static\/planet4-switzerland-stateless\/2019\/05\/3368ed5d-3368ed5d-img_2856.jpg\" alt=\"\u00abFREE ACTIVISTS\u00bb in Luzern\" style=\"border-width:0px;\"><br \/>\n                            <\/a>\n                        <\/li>\n<li>\n                            <a title=\"\u00abFREE ACTIVISTS\u00bb in Luzern\" href=\"\/switzerland\/de\/News_Stories\/Multimedia\/Fotos\/FREE-ARCTIC30-TOUR-in-Luzern\/FREE-ACTIVISTS-in-Luzern55\/\" rel=\"In Luzern fand am Montag dem 12. Nov der erste Stopp der Schweizer FREE-ARCTIC30-TOUR statt. Viele Menschen zeigten sich solidarisch und forderten mit Musik, Gesten, Text und der Stimme die sofortige Freilassung der inhaftierten Greenpeace-Aktivisten und den Schutz der Arktis.~^Greenpeace~^https:\/\/www.greenpeace.ch\/static\/planet4-switzerland-stateless\/2019\/05\/f8c1a2eb-f8c1a2eb-img_2870.jpg~^386543\"><br \/>\n                                <img decoding=\"async\" id=\"ctl00_cphContentArea_epiEntryContent_ctl00_ctl02_ctl00_repImages_ctl21_thumbImg\" title=\"\u00abFREE ACTIVISTS\u00bb in Luzern\" src=\"https:\/\/www.greenpeace.ch\/static\/planet4-switzerland-stateless\/2019\/05\/f8c1a2eb-f8c1a2eb-img_2870.jpg\" alt=\"\u00abFREE ACTIVISTS\u00bb in Luzern\" style=\"border-width:0px;\"><br \/>\n                            <\/a>\n                        <\/li>\n<li>\n                            <a title=\"\u00abFREE ACTIVISTS\u00bb in Luzern\" href=\"\/switzerland\/de\/News_Stories\/Multimedia\/Fotos\/FREE-ARCTIC30-TOUR-in-Luzern\/FREE-ACTIVISTS-in-Luzern56\/\" rel=\"In Luzern fand am Montag dem 12. Nov der erste Stopp der Schweizer FREE-ARCTIC30-TOUR statt. Viele Menschen zeigten sich solidarisch und forderten mit Musik, Gesten, Text und der Stimme die sofortige Freilassung der inhaftierten Greenpeace-Aktivisten und den Schutz der Arktis.~^Greenpeace~^https:\/\/www.greenpeace.ch\/static\/planet4-switzerland-stateless\/2019\/05\/39387efb-39387efb-img_2871.jpg~^386544\"><br \/>\n                                <img decoding=\"async\" id=\"ctl00_cphContentArea_epiEntryContent_ctl00_ctl02_ctl00_repImages_ctl22_thumbImg\" title=\"\u00abFREE ACTIVISTS\u00bb in Luzern\" src=\"https:\/\/www.greenpeace.ch\/static\/planet4-switzerland-stateless\/2019\/05\/39387efb-39387efb-img_2871.jpg\" alt=\"\u00abFREE ACTIVISTS\u00bb in Luzern\" style=\"border-width:0px;\"><br \/>\n                            <\/a>\n                        <\/li>\n<li>\n                            <a title=\"\u00abFREE ACTIVISTS\u00bb in Luzern\" href=\"\/switzerland\/de\/News_Stories\/Multimedia\/Fotos\/FREE-ARCTIC30-TOUR-in-Luzern\/FREE-ACTIVISTS-in-Luzern57\/\" rel=\"In Luzern fand am Montag dem 12. Nov der erste Stopp der Schweizer FREE-ARCTIC30-TOUR statt. Viele Menschen zeigten sich solidarisch und forderten mit Musik, Gesten, Text und der Stimme die sofortige Freilassung der inhaftierten Greenpeace-Aktivisten und den Schutz der Arktis.~^Greenpeace~^https:\/\/www.greenpeace.ch\/static\/planet4-switzerland-stateless\/2019\/05\/6bc0cafc-6bc0cafc-img_2899.jpg~^386545\"><br \/>\n                                <img decoding=\"async\" id=\"ctl00_cphContentArea_epiEntryContent_ctl00_ctl02_ctl00_repImages_ctl23_thumbImg\" title=\"\u00abFREE ACTIVISTS\u00bb in Luzern\" src=\"https:\/\/www.greenpeace.ch\/static\/planet4-switzerland-stateless\/2019\/05\/6bc0cafc-6bc0cafc-img_2899.jpg\" alt=\"\u00abFREE ACTIVISTS\u00bb in Luzern\" style=\"border-width:0px;\"><br \/>\n                            <\/a>\n                        <\/li>\n<li>\n                            <a title=\"\u00abFREE ACTIVISTS\u00bb in Luzern\" href=\"\/switzerland\/de\/News_Stories\/Multimedia\/Fotos\/FREE-ARCTIC30-TOUR-in-Luzern\/FREE-ACTIVISTS-in-Luzern58\/\" rel=\"In Luzern fand am Montag dem 12. Nov der erste Stopp der Schweizer FREE-ARCTIC30-TOUR statt. Viele Menschen zeigten sich solidarisch und forderten mit Musik, Gesten, Text und der Stimme die sofortige Freilassung der inhaftierten Greenpeace-Aktivisten und den Schutz der Arktis.~^Greenpeace~^https:\/\/www.greenpeace.ch\/static\/planet4-switzerland-stateless\/2019\/05\/fd52e0c7-fd52e0c7-img_2909.jpg~^386546\"><br \/>\n                                <img decoding=\"async\" id=\"ctl00_cphContentArea_epiEntryContent_ctl00_ctl02_ctl00_repImages_ctl24_thumbImg\" title=\"\u00abFREE ACTIVISTS\u00bb in Luzern\" src=\"https:\/\/www.greenpeace.ch\/static\/planet4-switzerland-stateless\/2019\/05\/fd52e0c7-fd52e0c7-img_2909.jpg\" alt=\"\u00abFREE ACTIVISTS\u00bb in Luzern\" style=\"border-width:0px;\"><br \/>\n                            <\/a>\n                        <\/li>\n<li>\n                            <a title=\"\u00abFREE ACTIVISTS\u00bb in Luzern\" href=\"\/switzerland\/de\/News_Stories\/Multimedia\/Fotos\/FREE-ARCTIC30-TOUR-in-Luzern\/FREE-ACTIVISTS-in-Luzern59\/\" rel=\"In Luzern fand am Montag dem 12. Nov der erste Stopp der Schweizer FREE-ARCTIC30-TOUR statt. Viele Menschen zeigten sich solidarisch und forderten mit Musik, Gesten, Text und der Stimme die sofortige Freilassung der inhaftierten Greenpeace-Aktivisten und den Schutz der Arktis.~^Greenpeace~^https:\/\/www.greenpeace.ch\/static\/planet4-switzerland-stateless\/2019\/05\/32b80a34-32b80a34-img_2915.jpg~^386547\"><br \/>\n                                <img decoding=\"async\" id=\"ctl00_cphContentArea_epiEntryContent_ctl00_ctl02_ctl00_repImages_ctl25_thumbImg\" title=\"\u00abFREE ACTIVISTS\u00bb in Luzern\" src=\"https:\/\/www.greenpeace.ch\/static\/planet4-switzerland-stateless\/2019\/05\/32b80a34-32b80a34-img_2915.jpg\" alt=\"\u00abFREE ACTIVISTS\u00bb in Luzern\" style=\"border-width:0px;\"><br \/>\n                            <\/a>\n                        <\/li>\n<li>\n                            <a title=\"\u00abFREE ACTIVISTS\u00bb in Luzern\" href=\"\/switzerland\/de\/News_Stories\/Multimedia\/Fotos\/FREE-ARCTIC30-TOUR-in-Luzern\/FREE-ACTIVISTS-in-Luzern60\/\" rel=\"In Luzern fand am Montag dem 12. Nov der erste Stopp der Schweizer FREE-ARCTIC30-TOUR statt. Viele Menschen zeigten sich solidarisch und forderten mit Musik, Gesten, Text und der Stimme die sofortige Freilassung der inhaftierten Greenpeace-Aktivisten und den Schutz der Arktis.~^Greenpeace~^https:\/\/www.greenpeace.ch\/static\/planet4-switzerland-stateless\/2019\/05\/0a10b990-0a10b990-img_2916.jpg~^386548\"><br \/>\n                                <img decoding=\"async\" id=\"ctl00_cphContentArea_epiEntryContent_ctl00_ctl02_ctl00_repImages_ctl26_thumbImg\" title=\"\u00abFREE ACTIVISTS\u00bb in Luzern\" src=\"https:\/\/www.greenpeace.ch\/static\/planet4-switzerland-stateless\/2019\/05\/0a10b990-0a10b990-img_2916.jpg\" alt=\"\u00abFREE ACTIVISTS\u00bb in Luzern\" style=\"border-width:0px;\"><br \/>\n                            <\/a>\n                        <\/li>\n<li>\n                            <a title=\"\u00abFREE ACTIVISTS\u00bb in Luzern\" href=\"\/switzerland\/de\/News_Stories\/Multimedia\/Fotos\/FREE-ARCTIC30-TOUR-in-Luzern\/FREE-ACTIVISTS-in-Luzern61\/\" rel=\"In Luzern fand am Montag dem 12. Nov der erste Stopp der Schweizer FREE-ARCTIC30-TOUR statt. Viele Menschen zeigten sich solidarisch und forderten mit Musik, Gesten, Text und der Stimme die sofortige Freilassung der inhaftierten Greenpeace-Aktivisten und den Schutz der Arktis.~^Greenpeace~^https:\/\/www.greenpeace.ch\/static\/planet4-switzerland-stateless\/2019\/05\/4a14caa7-4a14caa7-img_2923.jpg~^386549\"><br \/>\n                                <img decoding=\"async\" id=\"ctl00_cphContentArea_epiEntryContent_ctl00_ctl02_ctl00_repImages_ctl27_thumbImg\" title=\"\u00abFREE ACTIVISTS\u00bb in Luzern\" src=\"https:\/\/www.greenpeace.ch\/static\/planet4-switzerland-stateless\/2019\/05\/4a14caa7-4a14caa7-img_2923.jpg\" alt=\"\u00abFREE ACTIVISTS\u00bb in Luzern\" style=\"border-width:0px;\"><br \/>\n                            <\/a>\n                        <\/li>\n<li>\n                            <a title=\"\u00abFREE ACTIVISTS\u00bb in Luzern\" href=\"\/switzerland\/de\/News_Stories\/Multimedia\/Fotos\/FREE-ARCTIC30-TOUR-in-Luzern\/FREE-ACTIVISTS-in-Luzern62\/\" rel=\"In Luzern fand am Montag dem 12. Nov der erste Stopp der Schweizer FREE-ARCTIC30-TOUR statt. Viele Menschen zeigten sich solidarisch und forderten mit Musik, Gesten, Text und der Stimme die sofortige Freilassung der inhaftierten Greenpeace-Aktivisten und den Schutz der Arktis.~^Greenpeace~^https:\/\/www.greenpeace.ch\/static\/planet4-switzerland-stateless\/2019\/05\/f1fffa24-f1fffa24-img_2928.jpg~^386550\"><br \/>\n                                <img decoding=\"async\" id=\"ctl00_cphContentArea_epiEntryContent_ctl00_ctl02_ctl00_repImages_ctl28_thumbImg\" title=\"\u00abFREE ACTIVISTS\u00bb in Luzern\" src=\"https:\/\/www.greenpeace.ch\/static\/planet4-switzerland-stateless\/2019\/05\/f1fffa24-f1fffa24-img_2928.jpg\" alt=\"\u00abFREE ACTIVISTS\u00bb in Luzern\" style=\"border-width:0px;\"><br \/>\n                            <\/a>\n                        <\/li>\n<li>\n                            <a title=\"\u00abFREE ACTIVISTS\u00bb in Luzern\" href=\"\/switzerland\/de\/News_Stories\/Multimedia\/Fotos\/FREE-ARCTIC30-TOUR-in-Luzern\/FREE-ACTIVISTS-in-Luzern63\/\" rel=\"In Luzern fand am Montag dem 12. Nov der erste Stopp der Schweizer FREE-ARCTIC30-TOUR statt. Viele Menschen zeigten sich solidarisch und forderten mit Musik, Gesten, Text und der Stimme die sofortige Freilassung der inhaftierten Greenpeace-Aktivisten und den Schutz der Arktis.~^Greenpeace~^https:\/\/www.greenpeace.ch\/static\/planet4-switzerland-stateless\/2019\/05\/e954bf23-e954bf23-img_2936.jpg~^386551\"><br \/>\n                                <img decoding=\"async\" id=\"ctl00_cphContentArea_epiEntryContent_ctl00_ctl02_ctl00_repImages_ctl29_thumbImg\" title=\"\u00abFREE ACTIVISTS\u00bb in Luzern\" src=\"https:\/\/www.greenpeace.ch\/static\/planet4-switzerland-stateless\/2019\/05\/e954bf23-e954bf23-img_2936.jpg\" alt=\"\u00abFREE ACTIVISTS\u00bb in Luzern\" style=\"border-width:0px;\"><br \/>\n                            <\/a>\n                        <\/li>\n<li>\n                            <a title=\"\u00abFREE ACTIVISTS\u00bb in Luzern\" href=\"\/switzerland\/de\/News_Stories\/Multimedia\/Fotos\/FREE-ARCTIC30-TOUR-in-Luzern\/FREE-ACTIVISTS-in-Luzern64\/\" rel=\"In Luzern fand am Montag dem 12. Nov der erste Stopp der Schweizer FREE-ARCTIC30-TOUR statt. Viele Menschen zeigten sich solidarisch und forderten mit Musik, Gesten, Text und der Stimme die sofortige Freilassung der inhaftierten Greenpeace-Aktivisten und den Schutz der Arktis.~^Greenpeace~^https:\/\/www.greenpeace.ch\/static\/planet4-switzerland-stateless\/2019\/05\/f5da4348-f5da4348-img_2945.jpg~^386552\"><br \/>\n                                <img decoding=\"async\" id=\"ctl00_cphContentArea_epiEntryContent_ctl00_ctl02_ctl00_repImages_ctl30_thumbImg\" title=\"\u00abFREE ACTIVISTS\u00bb in Luzern\" src=\"https:\/\/www.greenpeace.ch\/static\/planet4-switzerland-stateless\/2019\/05\/f5da4348-f5da4348-img_2945.jpg\" alt=\"\u00abFREE ACTIVISTS\u00bb in Luzern\" style=\"border-width:0px;\"><br \/>\n                            <\/a>\n                        <\/li>\n<li>\n                            <a title=\"\u00abFREE ACTIVISTS\u00bb in Luzern\" href=\"\/switzerland\/de\/News_Stories\/Multimedia\/Fotos\/FREE-ARCTIC30-TOUR-in-Luzern\/FREE-ACTIVISTS-in-Luzern65\/\" rel=\"In Luzern fand am Montag dem 12. Nov der erste Stopp der Schweizer FREE-ARCTIC30-TOUR statt. Viele Menschen zeigten sich solidarisch und forderten mit Musik, Gesten, Text und der Stimme die sofortige Freilassung der inhaftierten Greenpeace-Aktivisten und den Schutz der Arktis.~^Greenpeace~^https:\/\/www.greenpeace.ch\/static\/planet4-switzerland-stateless\/2019\/05\/f402e950-f402e950-img_2952.jpg~^386553\"><br \/>\n                                <img decoding=\"async\" id=\"ctl00_cphContentArea_epiEntryContent_ctl00_ctl02_ctl00_repImages_ctl31_thumbImg\" title=\"\u00abFREE ACTIVISTS\u00bb in Luzern\" src=\"https:\/\/www.greenpeace.ch\/static\/planet4-switzerland-stateless\/2019\/05\/f402e950-f402e950-img_2952.jpg\" alt=\"\u00abFREE ACTIVISTS\u00bb in Luzern\" style=\"border-width:0px;\"><br \/>\n                            <\/a>\n                        <\/li>\n<li>\n                            <a title=\"\u00abFREE ACTIVISTS\u00bb in Luzern\" href=\"\/switzerland\/de\/News_Stories\/Multimedia\/Fotos\/FREE-ARCTIC30-TOUR-in-Luzern\/FREE-ACTIVISTS-in-Luzern66\/\" rel=\"In Luzern fand am Montag dem 12. Nov der erste Stopp der Schweizer FREE-ARCTIC30-TOUR statt. Viele Menschen zeigten sich solidarisch und forderten mit Musik, Gesten, Text und der Stimme die sofortige Freilassung der inhaftierten Greenpeace-Aktivisten und den Schutz der Arktis.~^Greenpeace~^https:\/\/www.greenpeace.ch\/static\/planet4-switzerland-stateless\/2019\/05\/8cc161d9-8cc161d9-img_2953.jpg~^386554\"><br \/>\n                                <img decoding=\"async\" id=\"ctl00_cphContentArea_epiEntryContent_ctl00_ctl02_ctl00_repImages_ctl32_thumbImg\" title=\"\u00abFREE ACTIVISTS\u00bb in Luzern\" src=\"https:\/\/www.greenpeace.ch\/static\/planet4-switzerland-stateless\/2019\/05\/8cc161d9-8cc161d9-img_2953.jpg\" alt=\"\u00abFREE ACTIVISTS\u00bb in Luzern\" style=\"border-width:0px;\"><br \/>\n                            <\/a>\n                        <\/li>\n<li>\n                            <a title=\"\u00abFREE ACTIVISTS\u00bb in Luzern\" href=\"\/switzerland\/de\/News_Stories\/Multimedia\/Fotos\/FREE-ARCTIC30-TOUR-in-Luzern\/FREE-ACTIVISTS-in-Luzern67\/\" rel=\"In Luzern fand am Montag dem 12. Nov der erste Stopp der Schweizer FREE-ARCTIC30-TOUR statt. Viele Menschen zeigten sich solidarisch und forderten mit Musik, Gesten, Text und der Stimme die sofortige Freilassung der inhaftierten Greenpeace-Aktivisten und den Schutz der Arktis.~^Greenpeace~^https:\/\/www.greenpeace.ch\/static\/planet4-switzerland-stateless\/2019\/05\/7a33dff5-7a33dff5-img_2960.jpg~^386555\"><br \/>\n                                <img decoding=\"async\" id=\"ctl00_cphContentArea_epiEntryContent_ctl00_ctl02_ctl00_repImages_ctl33_thumbImg\" title=\"\u00abFREE ACTIVISTS\u00bb in Luzern\" src=\"https:\/\/www.greenpeace.ch\/static\/planet4-switzerland-stateless\/2019\/05\/7a33dff5-7a33dff5-img_2960.jpg\" alt=\"\u00abFREE ACTIVISTS\u00bb in Luzern\" style=\"border-width:0px;\"><br \/>\n                            <\/a>\n                        <\/li>\n<\/ul>\n<\/div>\n<\/div>\n<\/div>\n<div class=\"text\">\n<p class=\"description\">\n<p class=\"copyright\">\u00a9 Greenpeace<\/p>\n<\/div>\n<\/div>\n<p>\u00a0\n<\/p>\n<\/div>\n<\/div>\n","protected":false},"excerpt":{"rendered":"<p>Die schneeweisse Samojede-H\u00fcndin Lascaux f\u00fchlte sich sichtlich wohl in der Luzerner Abendk\u00e4lte. Klar, ihre urspr\u00fcngliche Heimat ist schliesslich die Samojeden-Halbinsel des Nordpolarmeeres. In unmittelbarer N\u00e4he befindet sich die Arktis, Heimat&hellip;<\/p>\n","protected":false},"author":23,"featured_media":11869,"comment_status":"closed","ping_status":"open","sticky":false,"template":"","format":"standard","meta":{"_acf_changed":false,"_planet4_optimize_post_is_variant":false,"_planet4_optimize_experiment_name":"","_planet4_optimize_variant_name":"","ep_exclude_from_search":false,"p4_og_title":"","p4_og_description":"","p4_og_image":"","p4_og_image_id":"","p4_seo_canonical_url":"","p4_campaign_name":"","p4_local_project":"","p4_basket_name":"","p4_department":"","footnotes":""},"categories":[1],"tags":[50],"p4-page-type":[75],"gpch-article-type":[],"class_list":["post-11867","post","type-post","status-publish","format-standard","has-post-thumbnail","hentry","category-unkategorisiert","tag-klima","p4-page-type-story"],"acf":[],"_links":{"self":[{"href":"https:\/\/www.greenpeace.ch\/de\/wp-json\/wp\/v2\/posts\/11867","targetHints":{"allow":["GET"]}}],"collection":[{"href":"https:\/\/www.greenpeace.ch\/de\/wp-json\/wp\/v2\/posts"}],"about":[{"href":"https:\/\/www.greenpeace.ch\/de\/wp-json\/wp\/v2\/types\/post"}],"author":[{"embeddable":true,"href":"https:\/\/www.greenpeace.ch\/de\/wp-json\/wp\/v2\/users\/23"}],"replies":[{"embeddable":true,"href":"https:\/\/www.greenpeace.ch\/de\/wp-json\/wp\/v2\/comments?post=11867"}],"version-history":[{"count":0,"href":"https:\/\/www.greenpeace.ch\/de\/wp-json\/wp\/v2\/posts\/11867\/revisions"}],"wp:featuredmedia":[{"embeddable":true,"href":"https:\/\/www.greenpeace.ch\/de\/wp-json\/wp\/v2\/media\/11869"}],"wp:attachment":[{"href":"https:\/\/www.greenpeace.ch\/de\/wp-json\/wp\/v2\/media?parent=11867"}],"wp:term":[{"taxonomy":"category","embeddable":true,"href":"https:\/\/www.greenpeace.ch\/de\/wp-json\/wp\/v2\/categories?post=11867"},{"taxonomy":"post_tag","embeddable":true,"href":"https:\/\/www.greenpeace.ch\/de\/wp-json\/wp\/v2\/tags?post=11867"},{"taxonomy":"p4-page-type","embeddable":true,"href":"https:\/\/www.greenpeace.ch\/de\/wp-json\/wp\/v2\/p4-page-type?post=11867"},{"taxonomy":"gpch-article-type","embeddable":true,"href":"https:\/\/www.greenpeace.ch\/de\/wp-json\/wp\/v2\/gpch-article-type?post=11867"}],"curies":[{"name":"wp","href":"https:\/\/api.w.org\/{rel}","templated":true}]}}