{"id":118748,"date":"2025-04-02T06:01:00","date_gmt":"2025-04-02T04:01:00","guid":{"rendered":"https:\/\/www.greenpeace.ch\/?p=118748"},"modified":"2025-04-01T20:55:22","modified_gmt":"2025-04-01T18:55:22","slug":"ueber-10000-personen-fordern-dass-die-zukunft-den-erneuerbaren-energien-gehoert","status":"publish","type":"post","link":"https:\/\/www.greenpeace.ch\/de\/medienmitteilung\/118748\/ueber-10000-personen-fordern-dass-die-zukunft-den-erneuerbaren-energien-gehoert\/","title":{"rendered":"\u00dcber 10&#8217;000 Personen fordern, dass die Zukunft den erneuerbaren Energien geh\u00f6rt"},"content":{"rendered":"\n<p><strong>Morgen endet die Vernehmlassung zum indirekten Gegenvorschlag zur Blackout-Initiative. An <\/strong><a href=\"https:\/\/www.greenpeace.ch\/de\/atomkraft-hat-keine-zukunft\/\" target=\"_blank\" rel=\"noreferrer noopener\"><strong>einer Aktion<\/strong><\/a><strong> von Greenpeace Schweiz dazu haben sich mehr als 10&#8217;000 Personen beteiligt. Sie alle wollen die Energiewende f\u00fcr eine sichere und unabh\u00e4ngige Energieversorgung. Angesichts der Klimakrise muss die Schweiz um jeden Preis vermeiden, Zeit und Geld mit einem m\u00f6glichen Comeback der Atomenergie zu verschwenden.<\/strong><\/p>\n\n<p>Im Rahmen der Vernehmlassung haben 10&#8217;654 Menschen eine <a href=\"https:\/\/www.greenpeace.ch\/de\/atomkraft-hat-keine-zukunft\/\" target=\"_blank\" rel=\"noreferrer noopener\">E-Mail <\/a>an Bundesrat Albert R\u00f6sti gesendet, um sich gegen den indirekten Gegenvorschlag zur Initiative \u00abJederzeit Strom f\u00fcr alle (Blackout stoppen)\u00bb auszusprechen. Sie erinnern daran, dass eine Aufhebung des Neubauverbots f\u00fcr Atomkraftwerke, das 2017 in einer Volksabstimmung deutlich angenommen wurde, keine L\u00f6sung f\u00fcr die aktuellen energiepolitischen Herausforderungen bietet.\u00a0<\/p>\n\n<p>Greenpeace Schweiz wiederum weist in ihrer <a href=\"https:\/\/www.greenpeace.ch\/static\/planet4-switzerland-stateless\/2025\/04\/9702ff29-240401_gp_stellungnahme_brief_komplett_brief-stellungnahme.pdf\" target=\"_blank\" rel=\"noreferrer noopener\">Vernehmlassungsantwort<\/a> darauf hin: Wenn erneuerbare Energien, allen voran die Solarenergie, schnell und massiv ausgebaut und Massnahmen zur Energieeffizienz umgesetzt werden, dann kann die Schweiz ihre Energieversorgung dekarbonisieren und gleichzeitig die Ziele des Pariser Klimaabkommens erf\u00fcllen. Der aktuelle Photovoltaik-Boom in der Schweiz zeigt die wirtschaftliche Attraktivit\u00e4t der erneuerbaren Energien. Mehr noch: Die Abstimmung \u00fcber das Stromgesetz im Juni 2024 verdeutlicht, wie sehr die Bev\u00f6lkerung die Energiewende bef\u00fcrwortet.\u00a0<\/p>\n\n<h2 class=\"wp-block-heading\"><strong>Teuer und kein Nutzen f\u00fcr das Klima<\/strong><\/h2>\n\n<p>Der Bau neuer Atomreaktoren w\u00fcrde enorme Summen an \u00f6ffentlichen Geldern verschlingen, und am Ende g\u00e4be es kaum Aussicht auf Rentabilit\u00e4t. Ausserdem dauert der Bau eines Atomreaktors zu lange, um das Schweizer Energiesystem rechtzeitig zu dekarbonisieren und damit die im Pariser Klimaabkommen festgelegten Ziele zu erreichen und unsere nat\u00fcrlichen Lebensgrundlagen zu sch\u00fctzen. Schlimmer noch: Wenn ein m\u00f6gliches Comeback der Atomenergie auf Kosten der Entwicklung erneuerbarer Energien geht, k\u00f6nnte die Schweiz bei der Stromerzeugung von Gasimporten abh\u00e4ngig werden.&nbsp;<\/p>\n\n<p>\u00abIm Juni vergangenen Jahres haben mehr als zwei Drittel der W\u00e4hler:innen in einer Volksabstimmung das Stromgesetz angenommen\u00bb, sagt Nathan Solothurnmann, Energieexperte bei Greenpeace Schweiz. \u00abDie ersten Verordnungen treten&nbsp; gerade erst in Kraft, und schon versucht der Bundesrat, die Atomenergie mit fadenscheinigen Argumenten wiederzubeleben. Es sollte nun alles daf\u00fcr getan werden, die im Stromgesetz vorgesehenen Massnahmen umzusetzen und den Ausbau der erneuerbaren Energien in unserem Land zu beschleunigen. Albert R\u00f6stis Anstrengungen, die Atomkraft durch die Hintert\u00fcr zur\u00fcckzubringen, ist kontraproduktiv und verschwendet wertvolle Zeit f\u00fcr die Schweiz.\u00bb<\/p>\n\n<hr class=\"wp-block-separator has-alpha-channel-opacity\"\/>\n\n<h2 class=\"wp-block-heading\"><strong>Neues Atomkraftwerk in Z\u00fcrich<\/strong><\/h2>\n\n<p>Gestern fand in Z\u00fcrich eine Aktion von Greenpeace-Freiwilligen zum Thema Atomkraft statt. Im Sinne eines 1.-April-Scherzes gaukelten die Freiwilligen Passant:innen vor, dass in Z\u00fcrich ein neues Atomkraftwerk gebaut wird.&nbsp;<\/p>\n\n<p><a href=\"https:\/\/media.greenpeace.org\/Share\/56k60tauc6qb88461t63nny71q061402\" target=\"_blank\" rel=\"noreferrer noopener\">Bilder der Aktion finden Sie hier<\/a>.\u00a0<\/p>\n\n<hr class=\"wp-block-separator has-alpha-channel-opacity\"\/>\n\n<h2 class=\"wp-block-heading\"><strong>Weitere Informationen<\/strong><\/h2>\n\n<p>Der <a href=\"https:\/\/www.greenpeace.ch\/static\/planet4-switzerland-stateless\/2025\/04\/9702ff29-240401_gp_stellungnahme_brief_komplett_brief-stellungnahme.pdf\" target=\"_blank\" rel=\"noreferrer noopener\">vollst\u00e4ndige Text<\/a> der Stellungnahme von Greenpeace Schweiz im Rahmen des Vernehmlassungsverfahrens.\u00a0<\/p>\n\n<h2 class=\"wp-block-heading\">Kontakte\u00a0<\/h2>\n\n<ul class=\"wp-block-list\">\n<li>Nathan Solothurnmann, Energieexperte bei Greenpeace Schweiz, +41 76 514 90 48, <a href=\"mailto:nathan.solothurnmann@greenpeace.org\">nathan.solothurnmann@greenpeace.org<\/a>\u00a0\u00a0\u00a0<\/li>\n\n\n\n<li>Medienstelle Greenpeace Schweiz, +41 44 447 41 11, <a href=\"mailto:pressestelle.ch@greenpeace.org\">pressestelle.ch@greenpeace.org<\/a>\u00a0<\/li>\n<\/ul>\n\n<p><\/p>\n","protected":false},"excerpt":{"rendered":"<p>Morgen endet die Vernehmlassung zum indirekten Gegenvorschlag zur Blackout-Initiative. An einer Aktion von Greenpeace Schweiz dazu haben sich mehr als 10&#8217;000 Personen beteiligt. <\/p>\n","protected":false},"author":39,"featured_media":118750,"comment_status":"closed","ping_status":"open","sticky":false,"template":"","format":"standard","meta":{"_acf_changed":false,"_planet4_optimize_post_is_variant":false,"_planet4_optimize_experiment_name":"","_planet4_optimize_variant_name":"","ep_exclude_from_search":false,"p4_og_title":"","p4_og_description":"","p4_og_image":"","p4_og_image_id":"","p4_seo_canonical_url":"","p4_campaign_name":"","p4_local_project":"","p4_basket_name":"","p4_department":"","footnotes":""},"categories":[1],"tags":[42,50],"p4-page-type":[71],"gpch-article-type":[],"class_list":["post-118748","post","type-post","status-publish","format-standard","has-post-thumbnail","hentry","category-unkategorisiert","tag-energie","tag-klima","p4-page-type-medienmitteilung"],"acf":[],"_links":{"self":[{"href":"https:\/\/www.greenpeace.ch\/de\/wp-json\/wp\/v2\/posts\/118748","targetHints":{"allow":["GET"]}}],"collection":[{"href":"https:\/\/www.greenpeace.ch\/de\/wp-json\/wp\/v2\/posts"}],"about":[{"href":"https:\/\/www.greenpeace.ch\/de\/wp-json\/wp\/v2\/types\/post"}],"author":[{"embeddable":true,"href":"https:\/\/www.greenpeace.ch\/de\/wp-json\/wp\/v2\/users\/39"}],"replies":[{"embeddable":true,"href":"https:\/\/www.greenpeace.ch\/de\/wp-json\/wp\/v2\/comments?post=118748"}],"version-history":[{"count":2,"href":"https:\/\/www.greenpeace.ch\/de\/wp-json\/wp\/v2\/posts\/118748\/revisions"}],"predecessor-version":[{"id":118753,"href":"https:\/\/www.greenpeace.ch\/de\/wp-json\/wp\/v2\/posts\/118748\/revisions\/118753"}],"wp:featuredmedia":[{"embeddable":true,"href":"https:\/\/www.greenpeace.ch\/de\/wp-json\/wp\/v2\/media\/118750"}],"wp:attachment":[{"href":"https:\/\/www.greenpeace.ch\/de\/wp-json\/wp\/v2\/media?parent=118748"}],"wp:term":[{"taxonomy":"category","embeddable":true,"href":"https:\/\/www.greenpeace.ch\/de\/wp-json\/wp\/v2\/categories?post=118748"},{"taxonomy":"post_tag","embeddable":true,"href":"https:\/\/www.greenpeace.ch\/de\/wp-json\/wp\/v2\/tags?post=118748"},{"taxonomy":"p4-page-type","embeddable":true,"href":"https:\/\/www.greenpeace.ch\/de\/wp-json\/wp\/v2\/p4-page-type?post=118748"},{"taxonomy":"gpch-article-type","embeddable":true,"href":"https:\/\/www.greenpeace.ch\/de\/wp-json\/wp\/v2\/gpch-article-type?post=118748"}],"curies":[{"name":"wp","href":"https:\/\/api.w.org\/{rel}","templated":true}]}}