{"id":118847,"date":"2025-04-08T09:28:36","date_gmt":"2025-04-08T07:28:36","guid":{"rendered":"https:\/\/www.greenpeace.ch\/?p=118847"},"modified":"2025-04-08T09:34:24","modified_gmt":"2025-04-08T07:34:24","slug":"giftgold-aus-dem-amazonas-fast-ein-viertel-landet-in-der-schweiz-2","status":"publish","type":"post","link":"https:\/\/www.greenpeace.ch\/de\/medienmitteilung\/118847\/giftgold-aus-dem-amazonas-fast-ein-viertel-landet-in-der-schweiz-2\/","title":{"rendered":"Giftgold aus dem Amazonas: Fast ein Viertel landet in der Schweiz"},"content":{"rendered":"\n<p><strong>Eine<a href=\"https:\/\/storage.googleapis.com\/gpbr-public\/toxic-gold\/Greenpeace_Report_ToxicGold_eng.pdf\" target=\"_blank\" rel=\"noreferrer noopener\"> neue Studie von Greenpeace Brasilien<\/a> zeigt: Der illegale Goldabbau im Amazonas hat stark zugenommen. Mit verheerenden Folgen f\u00fcr Mensch und Umwelt. Die Schweiz importiert nach Kanada am zweitmeisten Gold aus Brasilien. Die Zahlen aus Brasilien und der Schweiz stimmen jedoch nicht \u00fcberein. Deshalb braucht es rasch Massnahmen f\u00fcr l\u00fcckenlose Herkunftsnachweise. Die laufende Revision des Edelmetallkontrollgesetzes bietet die M\u00f6glichkeit dazu.<\/strong><\/p>\n\n<h2 class=\"wp-block-heading\"><strong>Fl\u00e4che von 6000 Fussballfeldern zerst\u00f6rt<\/strong><\/h2>\n\n<p>Im Amazonas zerst\u00f6rten 2023 und 2024 illegale Goldgr\u00e4ber auf indigenem Land 4219 Hektaren Regenwald. Das sind knapp 6000 Fussballfelder. Die Zahlen stammen aus der neuen Studie <a href=\"https:\/\/www.greenpeace.ch\/static\/planet4-switzerland-stateless\/2025\/04\/b09822c7-greenpeace_report_toxicgold_eng.pdf.pdf\">\u00abToxic Gold\u00bb<\/a> von Greenpeace Brasilien. Das Quecksilber, das die illegalen Goldgr\u00e4ber einsetzen, vergiftet den Wald, B\u00f6den und Fl\u00fcsse und sch\u00e4digt Menschen und Tiere.&nbsp;<br><br><strong>Harald Gross, Greenpeace Amazonas-Kampaigner, sagt: <\/strong>\u00abDer weltweite Goldhunger zerst\u00f6rt den lebenswichtigen Amazonas-Regenwald \u2013 nur um Goldbarren zu horten, die in Banktresoren verstauben.\u00bb<\/p>\n\n<p>Illegales Gold wird ohne Erlaubnis und ohne R\u00fccksicht auf Menschen und Umwelt abgebaut. Von 2018 bis 2022 nahm der illegale Abbau auf dem Gebiet der Indigenen im Amazonas um 265 Prozent zu. Die Regierung von Lula da Silva versuchte ab 2023 Gegensteuer zu geben. Doch das gelang nur bedingt. Je nach Region nahm der illegale Abbau sogar zu.<\/p>\n\n<h2 class=\"wp-block-heading\"><strong>Intransparenter Handel<\/strong><\/h2>\n\n<p>Gold wird oft ohne Dokumente oder mit gef\u00e4lschten Herkunftsnachweisen verkauft, verarbeitet und exportiert. Kaum ist es \u00fcber eine Landesgrenze, wird es wieder exportiert, nochmals verarbeitet und weiter verkauft. Das heisst, ein grosser Teil des Goldhandels ist intransparent.<\/p>\n\n<p>Eine<a href=\"https:\/\/escolhas.org\/wp-content\/uploads\/2024\/08\/EuropesRiskyGold.pdf\"> brasilianische Studie <\/a>zeigt, dass 2023 rund 94 Prozent der Goldimporte aus Brasilien in die Europ\u00e4ische Union aus illegalen Quellen stammen, mit dem Amazonas als einem der Schwerpunkte. 2024 importierte die Schweiz aus dem Amazonas 4,5 Tonnen Gold. Das entspricht 23 Prozent \u2013 also fast ein Viertel \u2013 aller Goldexporte Brasiliens. Auffallend: 2022 \u00fcberstiegen die Schweizer Importe die brasilianischen Exportangaben um 67 Prozent, 2023 um 62 Prozent. Das entspricht 9,7 (2022) bzw. 8,7 (2023) Tonnen Gold, deren Herkunft unklar ist (s. Tabelle). Im vergangenen Jahr importierte die Schweiz Gold aus Brasilien im Wert von \u00fcber 948 Millionen Dollar.<\/p>\n\n<h2 class=\"wp-block-heading\"><strong>Gesetzgeber in der Schweiz gefordert<\/strong><\/h2>\n\n<p>Greenpeace fordert, dass der Bundesrat strikte Anforderungen f\u00fcr den Herkunftsnachweis festlegt, so dass kein illegales Gold in die Schweiz gelangt. Woher kommt das Gold? Wie wurde es abgebaut? Wer hat es produziert? Das gilt f\u00fcr Wiederausfuhr- wie f\u00fcr F\u00f6rderl\u00e4nder und alle anderen L\u00e4nder, durch die das Gold transportiert wird.&nbsp;<\/p>\n\n<p>Der Nationalrat hat Anfang M\u00e4rz im Rahmen der Totalrevision des Zollgesetzes der Revision des Edelmetallkontrollgesetzes zugestimmt. K\u00fcnftig m\u00fcssen sich Schweizer Goldraffinerien nach den OECD-Leitlinien f\u00fcr verantwortungsvolle Lieferketten und Abbaubedingungen richten. Das ist ein erster Schritt.&nbsp;<\/p>\n\n<p>Jetzt muss auch der St\u00e4nderat der Edelmetallgesetz-Revision zustimmen, inklusive einer Verordnung mit strengen Auflagen und hohen Strafen. Es darf kein illegales Gold in die Schweiz gelangen.<\/p>\n\n<p><strong>Jorge Eduardo Dantas, Leiter der Kampagne f\u00fcr indigene V\u00f6lker bei Greenpeace Brasilien, sagt: <\/strong>\u00abIllegales Gold bedroht indigene V\u00f6lker, den Amazonas-Regenwald und das globale Klima. Es treibt die Entwaldung voran, t\u00f6tet Fl\u00fcsse, die biologische Vielfalt und vergiftet Menschen. Im Kampf gegen illegales Gold m\u00fcssen Brasilien und Importl\u00e4nder mehr tun.\u00bb<\/p>\n\n<p><\/p>\n\n<h2 class=\"wp-block-heading\"><strong>Weitere Informationen<\/strong><\/h2>\n\n<p><strong>Ziell\u00e4nder f\u00fcr Goldexporte aus Brasilien, 2024 <br><\/strong>Quelle: \u00abToxic Gold\u00bb von Greenpeace Brasilien, S. 21.<\/p>\n\n<figure class=\"wp-block-image size-full\"><img loading=\"lazy\" decoding=\"async\" width=\"625\" height=\"263\" src=\"https:\/\/www.greenpeace.ch\/static\/planet4-switzerland-stateless\/2025\/04\/e1cf6a63-tabelle-goldexporte-brasilien.png\" alt=\"\" class=\"wp-image-118850\" srcset=\"https:\/\/www.greenpeace.ch\/static\/planet4-switzerland-stateless\/2025\/04\/e1cf6a63-tabelle-goldexporte-brasilien.png 625w, https:\/\/www.greenpeace.ch\/static\/planet4-switzerland-stateless\/2025\/04\/e1cf6a63-tabelle-goldexporte-brasilien-300x126.png 300w, https:\/\/www.greenpeace.ch\/static\/planet4-switzerland-stateless\/2025\/04\/e1cf6a63-tabelle-goldexporte-brasilien-510x215.png 510w\" sizes=\"auto, (max-width: 625px) 100vw, 625px\" \/><\/figure>\n\n<p><strong>Bilder <\/strong>in der<a href=\"https:\/\/media.greenpeace.org\/Detail\/27MZIFJVE6E6E\"> <\/a><a href=\"https:\/\/media.greenpeace.org\/Detail\/27MZIFJVE6E6E\" target=\"_blank\" rel=\"noreferrer noopener\">Greenpeace Media Library<\/a><\/p>\n\n<p><a href=\"https:\/\/storage.googleapis.com\/gpbr-public\/toxic-gold\/Greenpeace_Report_ToxicGold_eng.pdf\" target=\"_blank\" rel=\"noreferrer noopener\"><strong>Studie<\/strong> \u00abToxic Gold\u00bb<\/a> von Greenpeace Brasilien<\/p>\n\n<p><\/p>\n\n<h2 class=\"wp-block-heading\"><strong>Kontakte<\/strong><\/h2>\n\n<p><strong>Roland Gysin<\/strong>, Medienstelle Greenpeace Schweiz, 044 447 41 47, <a href=\"mailto:roland.gysin@greenpeace.org\">roland.gysin@greenpeace.org<\/a><br><br><strong>Harald Gross<\/strong>, Kampaginer Greenpeace Deutschland, +49 170 183 21 95, <a href=\"mailto:harald.gross@greenpeace.org\">harald.gross@greenpeace.org<\/a><\/p>\n\n<p><\/p>\n","protected":false},"excerpt":{"rendered":"<p>Eine neue Studie von Greenpeace Brasilien zeigt: Der illegale Goldabbau im Amazonas hat stark zugenommen. Mit verheerenden Folgen f\u00fcr Mensch und Umwelt.<\/p>\n","protected":false},"author":111,"featured_media":118853,"comment_status":"closed","ping_status":"open","sticky":false,"template":"","format":"standard","meta":{"_acf_changed":false,"_planet4_optimize_post_is_variant":false,"_planet4_optimize_experiment_name":"","_planet4_optimize_variant_name":"","ep_exclude_from_search":false,"p4_og_title":"","p4_og_description":"","p4_og_image":"","p4_og_image_id":"","p4_seo_canonical_url":"","p4_campaign_name":"","p4_local_project":"","p4_basket_name":"","p4_department":"","footnotes":""},"categories":[1],"tags":[40],"p4-page-type":[71],"gpch-article-type":[],"class_list":["post-118847","post","type-post","status-publish","format-standard","has-post-thumbnail","hentry","category-unkategorisiert","tag-wald","p4-page-type-medienmitteilung"],"acf":[],"_links":{"self":[{"href":"https:\/\/www.greenpeace.ch\/de\/wp-json\/wp\/v2\/posts\/118847","targetHints":{"allow":["GET"]}}],"collection":[{"href":"https:\/\/www.greenpeace.ch\/de\/wp-json\/wp\/v2\/posts"}],"about":[{"href":"https:\/\/www.greenpeace.ch\/de\/wp-json\/wp\/v2\/types\/post"}],"author":[{"embeddable":true,"href":"https:\/\/www.greenpeace.ch\/de\/wp-json\/wp\/v2\/users\/111"}],"replies":[{"embeddable":true,"href":"https:\/\/www.greenpeace.ch\/de\/wp-json\/wp\/v2\/comments?post=118847"}],"version-history":[{"count":3,"href":"https:\/\/www.greenpeace.ch\/de\/wp-json\/wp\/v2\/posts\/118847\/revisions"}],"predecessor-version":[{"id":118858,"href":"https:\/\/www.greenpeace.ch\/de\/wp-json\/wp\/v2\/posts\/118847\/revisions\/118858"}],"wp:featuredmedia":[{"embeddable":true,"href":"https:\/\/www.greenpeace.ch\/de\/wp-json\/wp\/v2\/media\/118853"}],"wp:attachment":[{"href":"https:\/\/www.greenpeace.ch\/de\/wp-json\/wp\/v2\/media?parent=118847"}],"wp:term":[{"taxonomy":"category","embeddable":true,"href":"https:\/\/www.greenpeace.ch\/de\/wp-json\/wp\/v2\/categories?post=118847"},{"taxonomy":"post_tag","embeddable":true,"href":"https:\/\/www.greenpeace.ch\/de\/wp-json\/wp\/v2\/tags?post=118847"},{"taxonomy":"p4-page-type","embeddable":true,"href":"https:\/\/www.greenpeace.ch\/de\/wp-json\/wp\/v2\/p4-page-type?post=118847"},{"taxonomy":"gpch-article-type","embeddable":true,"href":"https:\/\/www.greenpeace.ch\/de\/wp-json\/wp\/v2\/gpch-article-type?post=118847"}],"curies":[{"name":"wp","href":"https:\/\/api.w.org\/{rel}","templated":true}]}}