{"id":11909,"date":"2013-10-30T00:00:00","date_gmt":"2013-10-29T22:00:00","guid":{"rendered":"https:\/\/master.greenpeace.ch\/beitrag\/11909\/47-jahre-akw-muehleberg-sicher-nicht\/"},"modified":"2019-05-30T11:16:08","modified_gmt":"2019-05-30T09:16:08","slug":"47-jahre-akw-muehleberg-sicher-nicht","status":"publish","type":"post","link":"https:\/\/www.greenpeace.ch\/de\/story\/11909\/47-jahre-akw-muehleberg-sicher-nicht\/","title":{"rendered":"47 Jahre AKW M\u00fchleberg? Sicher nicht!"},"content":{"rendered":"<p><b>Die BKW will das AKW M\u00fchleberg noch l\u00e4nger am Netz halten, daf\u00fcr aber weniger in die Sicherheit investieren. Dies ist gef\u00e4hrlich und verantwortungslos. Nun stehen das Eidgen\u00f6ssische Nuklearsicherheitsinspektorat (ENSI) und die Politik in der Pflicht. \u00a0 \u00a0\u00a0<\/b><\/p>\n<div class=\"post-content\">\n<div>\n<h2>Die BKW will das AKW M\u00fchleberg noch l\u00e4nger am Netz halten, daf\u00fcr aber weniger in die Sicherheit investieren. Dies ist gef\u00e4hrlich und verantwortungslos. Nun stehen das Eidgen\u00f6ssische Nuklearsicherheitsinspektorat (ENSI) und die Politik in der Pflicht. \u00a0 \u00a0\u00a0<span style=\"font-family: 'Helvetica Neue', Helvetica, Arial, sans-serif; line-height: 1.1em;\"><br \/><\/span><\/h2>\n<p><span style=\"font-family: 'Helvetica Neue', Helvetica, Arial, sans-serif; line-height: 1.1em;\"><\/p>\n<div class=\"events-box big-box left\">\n<div class=\"frame\">\n        <a class=\"open-img EnlargeImage\" href=\"https:\/\/www.greenpeace.ch\/static\/planet4-switzerland-stateless\/2019\/05\/87772c17-87772c17-img_7480.jpg\" title=\"Greenpeace demonstriert in Bern gegen den Kuhhandel von ENSI und BKW\"><br \/>\n            <img decoding=\"async\" id=\"ctl00_cphContentArea_epiEntryContent_ctl00_ctl02_Image1\" title=\"Greenpeace demonstriert in Bern gegen den Kuhhandel von ENSI und BKW\" class=\"Thumbnail\" src=\"https:\/\/www.greenpeace.ch\/static\/planet4-switzerland-stateless\/2019\/05\/87772c17-87772c17-img_7480.jpg\" alt=\"Greenpeace demonstriert in Bern gegen den Kuhhandel von ENSI und BKW\" style=\"border-width:0px;\"><\/p>\n<p>        <\/a>\n    <\/div>\n<div class=\"events-content\">\n        <span class=\"date\">Mittwoch, 30. Oktober 2013<\/span><br \/>\n        <strong>Greenpeace demonstriert in Bern gegen den Kuhhandel von ENSI und BKW<\/strong><\/p>\n<p>\n            \u00a9 Greenpeace \/ Nicolas Fojtu\n        <\/p>\n<\/p>\n<\/div>\n<\/div>\n<p>\u00a0<\/span><\/p>\n<p>Es gibt keinen Grund, sich \u00fcber den Entscheid der BKW, das Atomkraftwerk M\u00fchleberg im Jahr 2019 abzuschalten, zu freuen. Erstens bleibt M\u00fchleberg noch mindestens sechs Jahre in Betrieb, ohne dass seine Sicherheitsdefizite behoben werden. Die 15 Millionen Franken, welche die BKW investieren will, stellen reine kosmetische Massnahmen dar. Das Geld wird nie reichen, um die Hauptprobleme des AKW, wie die Abwesenheit einer zweiten K\u00fchlwasserquelle und die Risse im Kernmantel, zu l\u00f6sen.<\/p>\n<p>Kurz gesagt: Das AKW M\u00fchleberg wird ausgefahren, die Zitrone wird bis am Schluss ausgepresst, w\u00e4hrend das Risiko von der Schweizer Bev\u00f6lkerung getragen wird. <strong>Ein AKW, das nachweislich unsicher ist, geh\u00f6rt sofort abgeschaltet, nicht erst in sechs Jahren<\/strong>. Zudem besteht \u00fcberhaupt kein Gewissen, dass M\u00fchleberg tats\u00e4chlich 2019 ausser Betrieb genommen wird \u2013 bis jetzt bleibt dieser Termin eine unverbindliche Aussage der BKW.<\/p>\n<p>Zweitens best\u00e4tigt dieser Entscheid, <a href=\"http:\/\/www.greenpeace.org\/switzerland\/de\/News_Stories\/Newsblog\/muehleberg-laesst-sich-das-ensi-jetzt-weichkl\/blog\/46824\/\" target=\"_blank\" rel=\"noopener noreferrer\">was wir schon lange bef\u00fcrchteten: Die nukleare Aufsichtsbeh\u00f6rde ENSI ist nicht unabh\u00e4ngig<\/a>. Diese hatte sich Ende 2012 klipp und klar ausgedr\u00fcckt: Werden nicht umfassende Sicherheitsmassnahmen bis im Jahr 2017 umgesetzt, muss sp\u00e4testens zu diesem Zeitpunkt M\u00fchleberg ausser Betrieb genommen werden. Heute weiss man, dass diese Massnahmen nicht umgesetzt werden \u2013 und gleichzeitig M\u00fchleberg mindestens zwei Jahre l\u00e4nger am Netz bleiben darf. Das ENSI hat also dem Druck der BKW nachgegeben und ist mit seiner Forderungen zur\u00fcckgekrebst. Das bedeutet die Bankrotterkl\u00e4rung der nuklearen Aufsichtsbeh\u00f6rde ENSI.<\/p>\n<p>Man hat gute Gr\u00fcnde, sich Sorgen zu machen. In der Schweiz sind neben M\u00fchleberg vier andere Reaktoren am Netz. Darunter das AKW Beznau, das als \u00e4lteste der Welt mit \u00e4hnlichen Sicherheitsdefiziten wie M\u00fchleberg konfrontiert ist. Der heutige Entscheid k\u00fcndigt nichts Gutes an, was den zuk\u00fcnftigen Umgang des ENSI mit den AKW-Betreibern angeht. Wir hoffen, dass die Politik diese gef\u00e4hrliche Situation erkennt und jetzt f\u00fcr alle AKW ein verbindliches Abschaltdatum festlegt.<\/p>\n<p><a href=\"http:\/\/www.greenpeace.org\/switzerland\/de\/Kampagnen\/40-Jahre-sind-genug---neu\/\">Unterschreiben auch Sie die Petition \u00ab40 Jahre sind genug\u00bb.<\/a>\u00a0<\/p>\n<\/p>\n<div class=\"events-box big-box left\">\n<div class=\"frame\">\n        <a class=\"open-img EnlargeImage\" href=\"\/switzerland\/Global\/switzerland\/images\/2013\/Newsblog\/DSC03367.JPG\" title=\"Ein paar Dutzend Atom-Kritiker haben am Mittwoch Abend vor dem Hauptsitz der BKW in Bern friedlich protestiert\"><br \/>\n            <img decoding=\"async\" id=\"ctl00_cphContentArea_epiEntryContent_ctl00_ctl04_Image1\" title=\"Ein paar Dutzend Atom-Kritiker haben am Mittwoch Abend vor dem Hauptsitz der BKW in Bern friedlich protestiert\" class=\"Thumbnail\" src=\"https:\/\/www.greenpeace.ch\/static\/planet4-switzerland-stateless\/2019\/05\/8ff793b4-8ff793b4-dsc03367.jpg\" alt=\"Ein paar Dutzend Atom-Kritiker haben am Mittwoch Abend vor dem Hauptsitz der BKW in Bern friedlich protestiert\" style=\"border-width:0px;\"><\/p>\n<p>        <\/a>\n    <\/div>\n<div class=\"events-content hidden-paragraph\">\n        <span class=\"date\"><\/span><br \/>\n        <strong>Ein paar Dutzend Atom-Kritiker haben am Mittwoch Abend vor dem Hauptsitz der BKW in Bern friedlich protestiert<\/strong><\/p>\n<\/p>\n<\/div>\n<\/div>\n<p>\u00a0\n<\/p>\n<\/div>\n<\/div>\n","protected":false},"excerpt":{"rendered":"<p>Die BKW will das AKW M\u00fchleberg noch l\u00e4nger am Netz halten, daf\u00fcr aber weniger in die Sicherheit investieren. Dies ist gef\u00e4hrlich und verantwortungslos. Nun stehen das Eidgen\u00f6ssische Nuklearsicherheitsinspektorat (ENSI) und&hellip;<\/p>\n","protected":false},"author":23,"featured_media":11911,"comment_status":"closed","ping_status":"open","sticky":false,"template":"","format":"standard","meta":{"_acf_changed":false,"_planet4_optimize_post_is_variant":false,"_planet4_optimize_experiment_name":"","_planet4_optimize_variant_name":"","ep_exclude_from_search":false,"p4_og_title":"","p4_og_description":"","p4_og_image":"","p4_og_image_id":"","p4_seo_canonical_url":"","p4_campaign_name":"","p4_local_project":"","p4_basket_name":"","p4_department":"","footnotes":""},"categories":[1],"tags":[50],"p4-page-type":[75],"gpch-article-type":[],"class_list":["post-11909","post","type-post","status-publish","format-standard","has-post-thumbnail","hentry","category-unkategorisiert","tag-klima","p4-page-type-story"],"acf":[],"_links":{"self":[{"href":"https:\/\/www.greenpeace.ch\/de\/wp-json\/wp\/v2\/posts\/11909","targetHints":{"allow":["GET"]}}],"collection":[{"href":"https:\/\/www.greenpeace.ch\/de\/wp-json\/wp\/v2\/posts"}],"about":[{"href":"https:\/\/www.greenpeace.ch\/de\/wp-json\/wp\/v2\/types\/post"}],"author":[{"embeddable":true,"href":"https:\/\/www.greenpeace.ch\/de\/wp-json\/wp\/v2\/users\/23"}],"replies":[{"embeddable":true,"href":"https:\/\/www.greenpeace.ch\/de\/wp-json\/wp\/v2\/comments?post=11909"}],"version-history":[{"count":0,"href":"https:\/\/www.greenpeace.ch\/de\/wp-json\/wp\/v2\/posts\/11909\/revisions"}],"wp:featuredmedia":[{"embeddable":true,"href":"https:\/\/www.greenpeace.ch\/de\/wp-json\/wp\/v2\/media\/11911"}],"wp:attachment":[{"href":"https:\/\/www.greenpeace.ch\/de\/wp-json\/wp\/v2\/media?parent=11909"}],"wp:term":[{"taxonomy":"category","embeddable":true,"href":"https:\/\/www.greenpeace.ch\/de\/wp-json\/wp\/v2\/categories?post=11909"},{"taxonomy":"post_tag","embeddable":true,"href":"https:\/\/www.greenpeace.ch\/de\/wp-json\/wp\/v2\/tags?post=11909"},{"taxonomy":"p4-page-type","embeddable":true,"href":"https:\/\/www.greenpeace.ch\/de\/wp-json\/wp\/v2\/p4-page-type?post=11909"},{"taxonomy":"gpch-article-type","embeddable":true,"href":"https:\/\/www.greenpeace.ch\/de\/wp-json\/wp\/v2\/gpch-article-type?post=11909"}],"curies":[{"name":"wp","href":"https:\/\/api.w.org\/{rel}","templated":true}]}}