{"id":11914,"date":"2013-10-29T00:00:00","date_gmt":"2013-10-28T22:00:00","guid":{"rendered":"https:\/\/master.greenpeace.ch\/beitrag\/11914\/kein-kuhhandel-um-die-nukleare-sicherheit\/"},"modified":"2019-05-30T11:16:13","modified_gmt":"2019-05-30T09:16:13","slug":"kein-kuhhandel-um-die-nukleare-sicherheit","status":"publish","type":"post","link":"https:\/\/www.greenpeace.ch\/de\/story\/11914\/kein-kuhhandel-um-die-nukleare-sicherheit\/","title":{"rendered":"Kein Kuhhandel um die nukleare Sicherheit!"},"content":{"rendered":"<p><b>Die Bereitschaft des ENSI, mit der BKW \u00fcber die Sicherheit von M\u00fchleberg zu verhandeln, best\u00e4tigt, dass die Aufsichtsbeh\u00f6rde willk\u00fcrlich mit der nuklearen Sicherheit umgeht, schreibt Greenpeace-Atomcampaigner Florian Kasser in einem Meinungsbeitrag f\u00fcr den Politblog, eine Kooperation von Newsnet mit \u00ab24 heures\u00bb und \u00abTribune de Gen\u00e8ve\u00bb sowie \u00abTages-Anzeiger\u00bb und \u00abDer Bund\u00bb.\u00a0<\/b><\/p>\n<div class=\"post-content\">\n<div>\n<h3><strong>Die Bereitschaft des ENSI, mit der BKW \u00fcber die Sicherheit von M\u00fchleberg zu verhandeln, best\u00e4tigt, dass die Aufsichtsbeh\u00f6rde willk\u00fcrlich mit der nuklearen Sicherheit umgeht, schreibt Greenpeace-Atomcampaigner Florian Kasser in einem Meinungsbeitrag f\u00fcr den Politblog, <span>eine Kooperation von Newsnet mit \u00ab24 heures\u00bb und \u00abTribune de Gen\u00e8ve\u00bb sowie \u00abTages-Anzeiger\u00bb und \u00abDer Bund\u00bb.<\/span>\u00a0<\/strong><\/h3>\n<\/p>\n<div class=\"events-box big-box left\">\n<div class=\"frame\">\n        <a class=\"open-img EnlargeImage\" href=\"https:\/\/www.greenpeace.ch\/static\/planet4-switzerland-stateless\/2019\/05\/577986d7-577986d7-gp04uxh-1.jpg\" title=\"\"><br \/>\n            <img decoding=\"async\" id=\"ctl00_cphContentArea_epiEntryContent_ctl00_ctl02_Image1\" class=\"Thumbnail\" src=\"https:\/\/www.greenpeace.ch\/static\/planet4-switzerland-stateless\/2019\/05\/577986d7-577986d7-gp04uxh-1.jpg\" alt=\"\" style=\"border-width:0px;\"><\/p>\n<p>        <\/a>\n    <\/div>\n<div class=\"events-content no-title\">\n        <span class=\"date\"><\/span><br \/>\n        <strong><\/strong><\/p>\n<p>\n            Florian Kasser misst die Radioaktivit\u00e4t in der N\u00e4he von Fukushima (Oktober 2013). Das AKW M\u00fchleberg weist viele \u00c4hnlichkeiten mit den dortigen Unfallreaktoren auf.\n        <\/p>\n<\/p>\n<\/div>\n<\/div>\n<p>\u00a0<\/p>\n<p>Man reibt sich verwundert die Augen: die BKW verhandelt zurzeit mit der nuklearen Aufsichtsbeh\u00f6rde ENSI \u00fcber den Umfang der Sicherheitsmassnahmen, die im Atomkraftwerk M\u00fchleberg get\u00e4tigt werden m\u00fcssen. Noch im letzten Dezember hat das ENSI unmissverst\u00e4ndlich gesagt, die BKW m\u00fcsse bis 2017 umfangreiche Nachr\u00fcstungen t\u00e4tigen, wenn sie M\u00fchleberg dar\u00fcber hinaus betreiben wolle. Verbessere die BKW die Sicherheit nicht, w\u00fcrde der Reaktor abgeschaltet.<\/p>\n<p>Jetzt wurde aber bekannt, dass es nicht ausgeschlossen ist, M\u00fchleberg l\u00e4nger zu betreiben \u2013 ohne die notwendigen Nachr\u00fcstungen vollzogen zu haben. <strong>Es ist also m\u00f6glich, mit dem ENSI \u00fcber die Sicherheit einer Atomanlage zu verhandeln. <\/strong>Wie kommt so was zu Stande?\u00a0<\/p>\n<p>In der Schweiz gibt es keine scharfen Kriterien, die bestimmen, ob eine Anlage sicher ist oder nicht. Das Gesetz verlangt lediglich, dass ein Atomkraftwerk den \u201eStand der Nachr\u00fcsttechnik\u201c erf\u00fcllt. Was genau zu dieser \u201eNachr\u00fcsttechnik\u201c geh\u00f6rt, wird nirgends festgelegt. Dieser Begriff existiert n\u00e4mlich nur in der Schweizer Gesetzgebung und bezieht sich nicht auf internationale Standards (&#8230;).\u00a0<\/p>\n<p><a href=\"http:\/\/politblog.tagesanzeiger.ch\/blog\/index.php\/21339\/kein-kuhhandel-um-die-nukleare-sicherheit\/?lang=de\">Weiter zum 2. Teil des Meinungsbeitrags im Politblog.<\/a>\u00a0<\/p>\n<p><a href=\"http:\/\/www.greenpeace.org\/switzerland\/de\/Kampagnen\/40-Jahre-sind-genug---neu\/\">Unterschreiben auch Sie die Petition \u00ab40 Jahre sind genug\u00bb.<\/a><\/p>\n<\/div>\n<\/div>\n","protected":false},"excerpt":{"rendered":"<p>Die Bereitschaft des ENSI, mit der BKW \u00fcber die Sicherheit von M\u00fchleberg zu verhandeln, best\u00e4tigt, dass die Aufsichtsbeh\u00f6rde willk\u00fcrlich mit der nuklearen Sicherheit umgeht, schreibt Greenpeace-Atomcampaigner Florian Kasser in einem&hellip;<\/p>\n","protected":false},"author":23,"featured_media":11916,"comment_status":"closed","ping_status":"open","sticky":false,"template":"","format":"standard","meta":{"_acf_changed":false,"_planet4_optimize_post_is_variant":false,"_planet4_optimize_experiment_name":"","_planet4_optimize_variant_name":"","ep_exclude_from_search":false,"p4_og_title":"","p4_og_description":"","p4_og_image":"","p4_og_image_id":"","p4_seo_canonical_url":"","p4_campaign_name":"","p4_local_project":"","p4_basket_name":"","p4_department":"","footnotes":""},"categories":[1],"tags":[50],"p4-page-type":[75],"gpch-article-type":[],"class_list":["post-11914","post","type-post","status-publish","format-standard","has-post-thumbnail","hentry","category-unkategorisiert","tag-klima","p4-page-type-story"],"acf":[],"_links":{"self":[{"href":"https:\/\/www.greenpeace.ch\/de\/wp-json\/wp\/v2\/posts\/11914","targetHints":{"allow":["GET"]}}],"collection":[{"href":"https:\/\/www.greenpeace.ch\/de\/wp-json\/wp\/v2\/posts"}],"about":[{"href":"https:\/\/www.greenpeace.ch\/de\/wp-json\/wp\/v2\/types\/post"}],"author":[{"embeddable":true,"href":"https:\/\/www.greenpeace.ch\/de\/wp-json\/wp\/v2\/users\/23"}],"replies":[{"embeddable":true,"href":"https:\/\/www.greenpeace.ch\/de\/wp-json\/wp\/v2\/comments?post=11914"}],"version-history":[{"count":0,"href":"https:\/\/www.greenpeace.ch\/de\/wp-json\/wp\/v2\/posts\/11914\/revisions"}],"wp:featuredmedia":[{"embeddable":true,"href":"https:\/\/www.greenpeace.ch\/de\/wp-json\/wp\/v2\/media\/11916"}],"wp:attachment":[{"href":"https:\/\/www.greenpeace.ch\/de\/wp-json\/wp\/v2\/media?parent=11914"}],"wp:term":[{"taxonomy":"category","embeddable":true,"href":"https:\/\/www.greenpeace.ch\/de\/wp-json\/wp\/v2\/categories?post=11914"},{"taxonomy":"post_tag","embeddable":true,"href":"https:\/\/www.greenpeace.ch\/de\/wp-json\/wp\/v2\/tags?post=11914"},{"taxonomy":"p4-page-type","embeddable":true,"href":"https:\/\/www.greenpeace.ch\/de\/wp-json\/wp\/v2\/p4-page-type?post=11914"},{"taxonomy":"gpch-article-type","embeddable":true,"href":"https:\/\/www.greenpeace.ch\/de\/wp-json\/wp\/v2\/gpch-article-type?post=11914"}],"curies":[{"name":"wp","href":"https:\/\/api.w.org\/{rel}","templated":true}]}}