{"id":119164,"date":"2025-04-16T14:22:07","date_gmt":"2025-04-16T12:22:07","guid":{"rendered":"https:\/\/www.greenpeace.ch\/?p=119164"},"modified":"2025-04-16T18:48:02","modified_gmt":"2025-04-16T16:48:02","slug":"time-kuert-cordelia-baehr-leitende-anwaeltin-der-klimaseniorinnen-zu-einer-der-100-einflussreichsten-personen","status":"publish","type":"post","link":"https:\/\/www.greenpeace.ch\/de\/medienmitteilung\/119164\/time-kuert-cordelia-baehr-leitende-anwaeltin-der-klimaseniorinnen-zu-einer-der-100-einflussreichsten-personen\/","title":{"rendered":"TIME k\u00fcrt Cordelia B\u00e4hr, leitende Anw\u00e4ltin der KlimaSeniorinnen, zu einer der 100 einflussreichsten Personen\u00a0"},"content":{"rendered":"\n<p><strong>TIME hat heute die j\u00e4hrliche Liste der 100 einflussreichsten Menschen der Welt ver\u00f6ffentlicht. <a href=\"https:\/\/time.com\/collections\/100-most-influential-people-2025\/7273742\/cordelia-bahr\/\" target=\"_blank\" rel=\"noreferrer noopener\">Auf der Liste steht auch die Schweizer Anw\u00e4ltin Cordelia B\u00e4hr<\/a>. B\u00e4hr leitet das Rechtsteam der KlimaSeniorinnen Schweiz. Ihre Arbeit hat massgeblich dazu gef\u00fchrt, dass der Europ\u00e4ische Gerichtshof f\u00fcr Menschenrechte (EGMR) im vergangenen Jahr ein bahnbrechendes Urteil f\u00e4llte: Klimaschutz ist ein Menschenrecht.<\/strong><\/p>\n\n<p>Die Laudatio f\u00fcr Cordelia B\u00e4hr schreibt die kanadische Klimawissenschaftlerin Katharine Hayhoe: \u00abMit Wissenschaft, Recht und unerbittlicher Entschlossenheit k\u00e4mpfte Cordelia B\u00e4hr nicht nur f\u00fcr die Gerechtigkeit \u2013 sie definierte sie neu.\u00bb<\/p>\n\n<p>\u00abIch f\u00fchle mich zutiefst geehrt. Ich habe neun Jahre lang f\u00fcr den Erfolg der KlimaSeniorinnen gek\u00e4mpft \u2013 mit jeder Faser meines Herzens. Das Urteil des EGMR hat Geschichte geschrieben. Zum ersten Mal hat ein internationales Gericht den Schutz der Menschenrechte und den Klimaschutz zusammengebracht \u2013 und erkl\u00e4rt: Klimaschutz ist ein Menschenrecht. Dieser Sieg vor dem EGMR war nur m\u00f6glich dank aussergew\u00f6hnlicher Teamarbeit. Mein Dank gilt insbesondere den inspirierenden und mutigen KlimaSeniorinnen und Greenpeace. Greenpeace hat an den Erfolg der Klage geglaubt, die Finanzierung sichergestellt und mit enormen Einsatz auf verschiedenen Ebenen mitgearbeitet\u00bb, sagt Cordelia B\u00e4hr.&nbsp;<\/p>\n\n<p>\u00abDie Bedeutung des KlimaSeniorinnen-Urteils wird weitum anerkannt. Bundesrat und Parlament hingehen versuchen, das Urteil zu ignorieren. Sie schrecken dabei nicht davor zur\u00fcck, den f\u00fcr die Wahrung der Menschenrechte so wichtige Gerichtshof zu diskreditieren. Das ist ein Armutszeugnis f\u00fcr unser Land. Die zunehmenden Folgen der Klimakrise zeigen, dass es dringend n\u00f6tig ist, diese gr\u00f6sste Gefahr f\u00fcr die Menschenrechte endlich resoluter anzupacken und entschlossener in L\u00f6sungen zu investieren. Umso mehr freuen wir uns \u00fcber diese internationale Ehrung von Cordelia B\u00e4hr\u00bb, sagt Georg Klingler, Projektverantwortlicher bei Greenpeace Schweiz.&nbsp;<\/p>\n\n<p>\u00abDie Anerkennung der Leistung unserer Anw\u00e4ltin freut uns riesig. Wir sind Cordelia B\u00e4hr dankbar f\u00fcr ihren unerm\u00fcdlichen Einsatz zur Wahrung unserer Menschenrechte. Wir h\u00e4tten uns keine bessere Anw\u00e4ltin w\u00fcnschen k\u00f6nnen\u00bb, sagt Rosmarie Wydler-W\u00e4lti, Co-Pr\u00e4sidentin der KlimaSeniorinnen.&nbsp;<\/p>\n\n<p>Die komplette Liste der 100 einflussreichsten Menschen 2025 sowie die dazugeh\u00f6rigen W\u00fcrdigungen sind hier ersichtlich: <a href=\"https:\/\/time.com\/collections\/100-most-influential-people-2025\/\" target=\"_blank\" rel=\"noreferrer noopener\">time.com\/time100<\/a>. Die Liste w\u00fcrdigt den Einfluss, die Innovation und die Leistungen der einflussreichsten Personen der Welt.&nbsp;<\/p>\n\n<h2 class=\"wp-block-heading\"><strong>Bilder<\/strong>&nbsp;<\/h2>\n\n<p>Bilder von Cordelia B\u00e4hr finden Sie in der <a href=\"https:\/\/media.greenpeace.org\/Share\/18776t5dxyjk56b2jxghoxo43ld44o5w\" target=\"_blank\" rel=\"noreferrer noopener\">Mediendatenbank<\/a>.&nbsp;<\/p>\n\n<hr class=\"wp-block-separator has-alpha-channel-opacity\"\/>\n\n<h2 class=\"wp-block-heading\"><strong>Weltweite Anerkennung<\/strong><\/h2>\n\n<p>Die Arbeit der KlimaSeniorinnen Schweiz sowie ihres Rechtsteams wird weit \u00fcber die Schweiz hinaus anerkannt.&nbsp;<\/p>\n\n<ul class=\"wp-block-list\">\n<li>\u00abThe Independent\u00bb nahm die KlimaSeniorinnen in die Liste \u00ab<a href=\"https:\/\/www.independent.co.uk\/climate-change\/climate-100\/climate-100-list-2024-nyc-b2613432.html?fbclid=IwZXh0bgNhZW0CMTAAAR0p2xkdmCxtgsU9mWGDTCjD2Kqj7yRDcRKSQQ-WX7Th4VG-HUqPwsk8ldo_aem_wsVI8X1HxeZG65nVrc7yCA\">The Independent Climate 100 List 2024<\/a>\u00bb auf.<\/li>\n\n\n\n<li>BBC z\u00e4hlte 2024 Rosmarie Wydler-W\u00e4lti, Co-Pr\u00e4sidentin der KlimaSeniorinnen Schweiz, als einzige Schweizerin zu den <a href=\"https:\/\/www.bbc.co.uk\/news\/resources\/idt-4f79d09b-655a-42f8-82b4-9b2ecebab611?fbclid=IwZXh0bgNhZW0CMTEAAR1hOmeuRPG_xd2RFm13BNrVVIZ4-MGdWR68g_jE6i5lxWje82Gc9CE1WO8_aem_4bRZVSTF1LoFvCYlNqIqpg#filter-butt\">100 inspirierendsten und einflussreichsten Frauen aus aller Welt<\/a>.<\/li>\n\n\n\n<li>F\u00fcr \u00abNature\u00bb geh\u00f6rt Cordelia B\u00e4hr als einzige Schweizerin zu den \u00ab<a href=\"https:\/\/www.nature.com\/articles\/d41586-024-03897-y\">10 Menschen, die die Wissenschaft 2024 gepr\u00e4gt haben<\/a>\u00bb.<\/li>\n\n\n\n<li>Die <a href=\"https:\/\/files.designer.hoststar.ch\/28\/ae\/28aea839-592b-4531-b622-de005f51d686.pdf\">Schweizer Stiftung Somazzi<\/a> zeichnete die KlimaSeniorinnen f\u00fcr ihr Engagement f\u00fcr die Menschenrechte aus.<\/li>\n\n\n\n<li>Die KlimaSeniorinnen erhielten 2024 am Literaturfestival Festa della Litteratura del Viaggio zusammen mit der Gruppe Giudizio Universale die Auszeichnung \u00ab<a href=\"https:\/\/www.festivaletteraturadiviaggio.it\/events\/premio-navicella-doro-per-lambiente-klima-seniorinnen-e-giudizio-universale-1\">Navicella d&#8217;oro per l&#8217;ambiente<\/a>\u00bb der Societ\u00e0 Geografica Italiana f\u00fcr ihr Engagement f\u00fcr Klimagerechtigkeit.<\/li>\n<\/ul>\n\n<hr class=\"wp-block-separator has-alpha-channel-opacity\"\/>\n\n<h2 class=\"wp-block-heading\"><strong>Kontakte<\/strong><\/h2>\n\n<ul class=\"wp-block-list\">\n<li>Cordelia B\u00e4hr, Rechtsanw\u00e4ltin der KlimaSeniorinnen, +41 78 801 70 34, <a href=\"mailto:baehr@ettwein.ch\">baehr@ettwein.ch<\/a>&nbsp;<\/li>\n\n\n\n<li>Rosmarie Wydler-W\u00e4lti, Co-Pr\u00e4sidentin des Vereins KlimaSeniorinnen, +41 79 567 67 73, <a href=\"mailto:rosmariewydler@sunrise.ch\">rosmariewydler@sunrise.ch<\/a>&nbsp;<\/li>\n\n\n\n<li>Georg Klingler, Klimaexperte Greenpeace Schweiz, +41 79 785 07 38, <a href=\"mailto:georg.klingler@greenpeace.org\">georg.klingler@greenpeace.org<\/a>&nbsp;<\/li>\n<\/ul>\n\n<p><\/p>\n","protected":false},"excerpt":{"rendered":"<p>TIME hat heute die j\u00e4hrliche Liste der 100 einflussreichsten Menschen der Welt ver\u00f6ffentlicht. Auf der Liste steht auch die Schweizerin Cordelia B\u00e4hr, die leitende Rechtsanw\u00e4ltin der KlimaSeniorinnen. <\/p>\n","protected":false},"author":39,"featured_media":119165,"comment_status":"closed","ping_status":"open","sticky":false,"template":"","format":"standard","meta":{"_acf_changed":false,"_planet4_optimize_post_is_variant":false,"_planet4_optimize_experiment_name":"","_planet4_optimize_variant_name":"","ep_exclude_from_search":false,"p4_og_title":"","p4_og_description":"","p4_og_image":"","p4_og_image_id":"","p4_seo_canonical_url":"","p4_campaign_name":"","p4_local_project":"","p4_basket_name":"","p4_department":"","footnotes":""},"categories":[1],"tags":[34,50],"p4-page-type":[71],"gpch-article-type":[],"class_list":["post-119164","post","type-post","status-publish","format-standard","has-post-thumbnail","hentry","category-unkategorisiert","tag-klimagerechtigkeit","tag-klima","p4-page-type-medienmitteilung"],"acf":[],"_links":{"self":[{"href":"https:\/\/www.greenpeace.ch\/de\/wp-json\/wp\/v2\/posts\/119164","targetHints":{"allow":["GET"]}}],"collection":[{"href":"https:\/\/www.greenpeace.ch\/de\/wp-json\/wp\/v2\/posts"}],"about":[{"href":"https:\/\/www.greenpeace.ch\/de\/wp-json\/wp\/v2\/types\/post"}],"author":[{"embeddable":true,"href":"https:\/\/www.greenpeace.ch\/de\/wp-json\/wp\/v2\/users\/39"}],"replies":[{"embeddable":true,"href":"https:\/\/www.greenpeace.ch\/de\/wp-json\/wp\/v2\/comments?post=119164"}],"version-history":[{"count":8,"href":"https:\/\/www.greenpeace.ch\/de\/wp-json\/wp\/v2\/posts\/119164\/revisions"}],"predecessor-version":[{"id":119216,"href":"https:\/\/www.greenpeace.ch\/de\/wp-json\/wp\/v2\/posts\/119164\/revisions\/119216"}],"wp:featuredmedia":[{"embeddable":true,"href":"https:\/\/www.greenpeace.ch\/de\/wp-json\/wp\/v2\/media\/119165"}],"wp:attachment":[{"href":"https:\/\/www.greenpeace.ch\/de\/wp-json\/wp\/v2\/media?parent=119164"}],"wp:term":[{"taxonomy":"category","embeddable":true,"href":"https:\/\/www.greenpeace.ch\/de\/wp-json\/wp\/v2\/categories?post=119164"},{"taxonomy":"post_tag","embeddable":true,"href":"https:\/\/www.greenpeace.ch\/de\/wp-json\/wp\/v2\/tags?post=119164"},{"taxonomy":"p4-page-type","embeddable":true,"href":"https:\/\/www.greenpeace.ch\/de\/wp-json\/wp\/v2\/p4-page-type?post=119164"},{"taxonomy":"gpch-article-type","embeddable":true,"href":"https:\/\/www.greenpeace.ch\/de\/wp-json\/wp\/v2\/gpch-article-type?post=119164"}],"curies":[{"name":"wp","href":"https:\/\/api.w.org\/{rel}","templated":true}]}}