{"id":11948,"date":"2013-10-17T00:00:00","date_gmt":"2013-10-16T22:00:00","guid":{"rendered":"https:\/\/master.greenpeace.ch\/beitrag\/11948\/wie-bitte-so-teuer-sind-atom-und-kohle-das-darf-nicht-sein\/"},"modified":"2025-06-25T15:37:10","modified_gmt":"2025-06-25T13:37:10","slug":"wie-bitte-so-teuer-sind-atom-und-kohle-das-darf-nicht-sein","status":"publish","type":"post","link":"https:\/\/www.greenpeace.ch\/de\/story\/11948\/wie-bitte-so-teuer-sind-atom-und-kohle-das-darf-nicht-sein\/","title":{"rendered":"Wie bitte? So teuer sind Atom und Kohle? Das DARF nicht sein&#8230;"},"content":{"rendered":"<p><b>Atom und Kohle kosten so viel, dass es EU Kommissar Oettinger nicht war haben will<\/b><\/p>\n<div class=\"post-content\">\n<div>\n<p><strong>Atom und Kohle kosten so viel, dass es EU Kommissar Oettinger nicht war haben will<\/strong><\/p>\n<p>In Deutschland wird wegen der k\u00fcrzlich bekannt gewordenen Erh\u00f6hung der Umlage f\u00fcr die F\u00f6rderung der erneuerbaren Energien wieder Mal heftig \u00fcber die Finanzierbarkeit der Energiewende gestritten.<\/p>\n<p>Dabei geht leider die Sicht auf die Fakten, darunter die Tatsache, dass Atom und Kohle weit mehr kosten als die Erneuerbaren, leicht verloren. Dass EU Kommissar Oettinger nun die Zahlen seiner eigenen Beamten zensuriert, ist sehr bedenklich. Denn seine Beamten liefern es schwarz auf weiss: von 130 Milliarden \u00f6ffentlichen Geldern gingen 2011 lediglich 30 Milliarden in die F\u00f6rderung von erneuerbaren Energien, ganze 100 Milliarden gehen an die dreckigen und riskanten Atom- und Kohlekraftwerke.\u00a0<\/p>\n<p><img loading=\"lazy\" decoding=\"async\" style=\"border: 1px solid black; float: left;\" src=\"https:\/\/www.greenpeace.ch\/static\/planet4-switzerland-stateless\/2019\/05\/2b1d9ea4-2b1d9ea4-882535_740028789344813_447554527_o.jpg\" alt=\"\" width=\"600\" height=\"381\"><\/p>\n<p>\u00a0<\/p>\n<p>Mehr dazu:\u00a0<span lang=\"EN-GB\"><a href=\"http:\/\/www.s\ueddeutsche.de\/wirtschaft\/foerderung-der-energiebranche-oettinger-schoent-subventionsbericht-1.1793957\"><span style=\"font-size: 8pt;\">http:\/\/www.s\ueddeutsche.de\/wirtschaft\/foerderung-der-energiebranche-oettinger-schoent-subventionsbericht-1.1793957<\/span><\/a><\/span><\/p>\n<p>Eine M\u00f6glichkeit, diesen Subventionswahnsinn zu stoppen ist, die Laufzeitbeschr\u00e4nkung f\u00fcr AKW festzulegen. <a href=\"http:\/\/www.greenpeace.ch\/40\" target=\"_blank\" rel=\"noopener noreferrer\">Hier gibts eine Petiton dazu!<\/a><\/p>\n<\/div>\n<\/div>\n","protected":false},"excerpt":{"rendered":"<p>Atom und Kohle kosten so viel, dass es EU Kommissar Oettinger nicht war haben will Atom und Kohle kosten so viel, dass es EU Kommissar Oettinger nicht war haben will&hellip;<\/p>\n","protected":false},"author":23,"featured_media":11950,"comment_status":"closed","ping_status":"open","sticky":false,"template":"","format":"standard","meta":{"_acf_changed":false,"_planet4_optimize_post_is_variant":false,"_planet4_optimize_experiment_name":"","_planet4_optimize_variant_name":"","ep_exclude_from_search":false,"p4_og_title":"","p4_og_description":"","p4_og_image":"","p4_og_image_id":"","p4_seo_canonical_url":"","p4_campaign_name":"","p4_local_project":"","p4_basket_name":"","p4_department":"","footnotes":""},"categories":[1],"tags":[50],"p4-page-type":[75],"gpch-article-type":[],"class_list":["post-11948","post","type-post","status-publish","format-standard","has-post-thumbnail","hentry","category-unkategorisiert","tag-klima","p4-page-type-story"],"acf":[],"_links":{"self":[{"href":"https:\/\/www.greenpeace.ch\/de\/wp-json\/wp\/v2\/posts\/11948","targetHints":{"allow":["GET"]}}],"collection":[{"href":"https:\/\/www.greenpeace.ch\/de\/wp-json\/wp\/v2\/posts"}],"about":[{"href":"https:\/\/www.greenpeace.ch\/de\/wp-json\/wp\/v2\/types\/post"}],"author":[{"embeddable":true,"href":"https:\/\/www.greenpeace.ch\/de\/wp-json\/wp\/v2\/users\/23"}],"replies":[{"embeddable":true,"href":"https:\/\/www.greenpeace.ch\/de\/wp-json\/wp\/v2\/comments?post=11948"}],"version-history":[{"count":1,"href":"https:\/\/www.greenpeace.ch\/de\/wp-json\/wp\/v2\/posts\/11948\/revisions"}],"predecessor-version":[{"id":122577,"href":"https:\/\/www.greenpeace.ch\/de\/wp-json\/wp\/v2\/posts\/11948\/revisions\/122577"}],"wp:featuredmedia":[{"embeddable":true,"href":"https:\/\/www.greenpeace.ch\/de\/wp-json\/wp\/v2\/media\/11950"}],"wp:attachment":[{"href":"https:\/\/www.greenpeace.ch\/de\/wp-json\/wp\/v2\/media?parent=11948"}],"wp:term":[{"taxonomy":"category","embeddable":true,"href":"https:\/\/www.greenpeace.ch\/de\/wp-json\/wp\/v2\/categories?post=11948"},{"taxonomy":"post_tag","embeddable":true,"href":"https:\/\/www.greenpeace.ch\/de\/wp-json\/wp\/v2\/tags?post=11948"},{"taxonomy":"p4-page-type","embeddable":true,"href":"https:\/\/www.greenpeace.ch\/de\/wp-json\/wp\/v2\/p4-page-type?post=11948"},{"taxonomy":"gpch-article-type","embeddable":true,"href":"https:\/\/www.greenpeace.ch\/de\/wp-json\/wp\/v2\/gpch-article-type?post=11948"}],"curies":[{"name":"wp","href":"https:\/\/api.w.org\/{rel}","templated":true}]}}