{"id":11961,"date":"2013-10-18T00:00:00","date_gmt":"2013-10-17T22:00:00","guid":{"rendered":"https:\/\/master.greenpeace.ch\/beitrag\/11961\/finnland-uebernimmt-vorreiterrolle\/"},"modified":"2019-05-30T11:17:39","modified_gmt":"2019-05-30T09:17:39","slug":"finnland-uebernimmt-vorreiterrolle","status":"publish","type":"post","link":"https:\/\/www.greenpeace.ch\/de\/story\/11961\/finnland-uebernimmt-vorreiterrolle\/","title":{"rendered":"Finnland \u00fcbernimmt Vorreiterrolle"},"content":{"rendered":"<p><b>Als erste arktische Nation fordert Finnland ein globales Schutzgebiet f\u00fcr die Arktis<\/b><\/p>\n<div class=\"post-content\">\n<div>\n<h2><span>Als erste arktische Nation fordert Finnland ein globales Schutzgebiet f\u00fcr die Arktis<\/span><\/h2>\n<p><span>Die acht Nationen des Arktischen Rats haben bislang auf ihrem Recht beharrt, die Arktis f\u00fcr ihre wirtschaftlichen Interessen nutzen zu k\u00f6nnen. Auf Dr\u00e4ngen der Bev\u00f6lkerung findet nun ein Umdenken statt. Letzte Woche hat die finnische Regierung eine neue Arktis Strategie verabschiedet, die ein globales Schutzgebiet um den Nordpol fordert.<\/span><\/p>\n<p><span><\/p>\n<div class=\"events-box middle-box right\">\n<div class=\"frame\">\n        <a class=\"open-img EnlargeImage\" href=\"https:\/\/www.greenpeace.ch\/static\/planet4-switzerland-stateless\/2019\/05\/d87bbaa3-d87bbaa3-erfolg_finnland_gp0432k.jpg\" title=\"\"><br \/>\n            <img decoding=\"async\" id=\"ctl00_cphContentArea_epiEntryContent_ctl00_ctl02_Image1\" class=\"Thumbnail\" src=\"https:\/\/www.greenpeace.ch\/static\/planet4-switzerland-stateless\/2019\/05\/d87bbaa3-d87bbaa3-erfolg_finnland_gp0432k.jpg\" alt=\"\" style=\"border-width:0px;\"><\/p>\n<p>        <\/a>\n    <\/div>\n<div class=\"events-content\">\n        <span class=\"date\">Freitag, 18. Oktober 2013<\/span><br \/>\n        <strong><\/strong><\/p>\n<p>\n            Save the Arctic Action in Helsinki \u00a9 Greenpeace \/ Matti Snellman\n        <\/p>\n<\/p>\n<\/div>\n<\/div>\n<p> <\/span><\/p>\n<p>Mit der <a class=\"zoom\" title=\"Save The Arctic\" href=\"http:\/\/www.savethearctic.org\/\" target=\"_blank\" rel=\"noopener noreferrer\">\u201aSave The Arctic\u2018-Kampagne<\/a> und damit verbundenen Aktionen auf finnischen Eisbrechern, konnte Greenpeace 2012 die finnische Bev\u00f6lkerung mobilisieren, sich f\u00fcr den Schutz der Arktis einzusetzen. Die Greenpeace-Aktionen fanden viele Unterst\u00fctzerInnen und inspirierten diese zu weiteren, spontanen und kreativen Aktionen. Diese neue Bewegung konnte sich nun in der Politik Geh\u00f6r verschaffen und die finnische Regierung von der Sensibilit\u00e4t des Themas \u00fcberzeugen.<\/p>\n<p>Allerdings ist auch in Finnlands neuer Strategie noch von \u00abneuen wirtschaftlichen M\u00f6glichkeiten innerhalb der Arktis\u00bb, zu lesen. Hier gibt es einen offenen Konflikt, der vorerst aber nicht diskutiert wird: \u00a0Einerseits erkennt man die Gefahren des Klimawandels f\u00fcr die Umwelt, andererseits wird an einem f\u00fcr das Klima unersetzbaren Ort, der Arktis, nach neuen M\u00f6glichkeiten der \u00d6l- und Gasentwicklung gesucht.<\/p>\n<p>Wir begr\u00fc\u00dfen jedoch den finnischen Ruf nach besseren \u00d6lbohrstandards f\u00fcr \u00d6lbohrungen und Erkundungsfahrten. Es darf nicht sein, dass Unternehmen f\u00fcr Unf\u00e4lle in der Arktis keine Haftung \u00fcbernehmen m\u00fcssen.<\/p>\n<p>Jetzt sind die anderen arktischen Nationen gefordert, ihren Worten auch Taten folgen zu lassen und die Notwendigkeit eines Schutzgebietes im arktischen Ozean anzuerkennen. Das existierende System von marinen Schutzgebieten reicht noch lange nicht aus.<\/p>\n<\/div>\n<\/div>\n","protected":false},"excerpt":{"rendered":"<p>Als erste arktische Nation fordert Finnland ein globales Schutzgebiet f\u00fcr die Arktis Als erste arktische Nation fordert Finnland ein globales Schutzgebiet f\u00fcr die Arktis Die acht Nationen des Arktischen Rats&hellip;<\/p>\n","protected":false},"author":23,"featured_media":11963,"comment_status":"closed","ping_status":"open","sticky":false,"template":"","format":"standard","meta":{"_acf_changed":false,"_planet4_optimize_post_is_variant":false,"_planet4_optimize_experiment_name":"","_planet4_optimize_variant_name":"","ep_exclude_from_search":false,"p4_og_title":"","p4_og_description":"","p4_og_image":"","p4_og_image_id":"","p4_seo_canonical_url":"","p4_campaign_name":"","p4_local_project":"","p4_basket_name":"","p4_department":"","footnotes":""},"categories":[1],"tags":[50],"p4-page-type":[75],"gpch-article-type":[],"class_list":["post-11961","post","type-post","status-publish","format-standard","has-post-thumbnail","hentry","category-unkategorisiert","tag-klima","p4-page-type-story"],"acf":[],"_links":{"self":[{"href":"https:\/\/www.greenpeace.ch\/de\/wp-json\/wp\/v2\/posts\/11961","targetHints":{"allow":["GET"]}}],"collection":[{"href":"https:\/\/www.greenpeace.ch\/de\/wp-json\/wp\/v2\/posts"}],"about":[{"href":"https:\/\/www.greenpeace.ch\/de\/wp-json\/wp\/v2\/types\/post"}],"author":[{"embeddable":true,"href":"https:\/\/www.greenpeace.ch\/de\/wp-json\/wp\/v2\/users\/23"}],"replies":[{"embeddable":true,"href":"https:\/\/www.greenpeace.ch\/de\/wp-json\/wp\/v2\/comments?post=11961"}],"version-history":[{"count":0,"href":"https:\/\/www.greenpeace.ch\/de\/wp-json\/wp\/v2\/posts\/11961\/revisions"}],"wp:featuredmedia":[{"embeddable":true,"href":"https:\/\/www.greenpeace.ch\/de\/wp-json\/wp\/v2\/media\/11963"}],"wp:attachment":[{"href":"https:\/\/www.greenpeace.ch\/de\/wp-json\/wp\/v2\/media?parent=11961"}],"wp:term":[{"taxonomy":"category","embeddable":true,"href":"https:\/\/www.greenpeace.ch\/de\/wp-json\/wp\/v2\/categories?post=11961"},{"taxonomy":"post_tag","embeddable":true,"href":"https:\/\/www.greenpeace.ch\/de\/wp-json\/wp\/v2\/tags?post=11961"},{"taxonomy":"p4-page-type","embeddable":true,"href":"https:\/\/www.greenpeace.ch\/de\/wp-json\/wp\/v2\/p4-page-type?post=11961"},{"taxonomy":"gpch-article-type","embeddable":true,"href":"https:\/\/www.greenpeace.ch\/de\/wp-json\/wp\/v2\/gpch-article-type?post=11961"}],"curies":[{"name":"wp","href":"https:\/\/api.w.org\/{rel}","templated":true}]}}