{"id":11971,"date":"2013-10-18T00:00:00","date_gmt":"2013-10-17T22:00:00","guid":{"rendered":"https:\/\/master.greenpeace.ch\/beitrag\/11971\/30-dinge-die-du-fuer-die-arctic-30-tun-kannst\/"},"modified":"2019-05-30T11:17:57","modified_gmt":"2019-05-30T09:17:57","slug":"30-dinge-die-du-fuer-die-arctic-30-tun-kannst","status":"publish","type":"post","link":"https:\/\/www.greenpeace.ch\/de\/story\/11971\/30-dinge-die-du-fuer-die-arctic-30-tun-kannst\/","title":{"rendered":"30 Dinge, die du f\u00fcr die Arctic 30 tun kannst"},"content":{"rendered":"<p><b>Seit 30 Tagen sitzen 30 M\u00e4nner und Frauen,\u00a0 28 Greenpeace-Aktivisten und zwei Journalisten, nach einem friedlichen Protest an einer \u00d6l-Plattform des russischen Konzerns GAZPROM in Russland in Haft. Alle 30 Arktissch\u00fctzerInnen sind wegen Piraterie angeklagt. Doch der Widerstand ist stark: Tausende Menschen demonstrieren weltweit f\u00fcr die sofortige Freilassung der inhaftierten Arktissch\u00fctzerinnen und Arktissch\u00fctzer und den sofortigen Stopp von \u00d6lbohrungen in der Arktis.<\/b><\/p>\n<div class=\"post-content\">\n<div>\n<p>Seit 30 Tagen sitzen 30 M\u00e4nner und Frauen,\u00a0 28 Greenpeace-Aktivisten und zwei Journalisten, nach einem friedlichen Protest an einer \u00d6l-Plattform des russischen Konzerns GAZPROM in Russland in Haft. Alle 30 Arktissch\u00fctzerInnen sind wegen Piraterie angeklagt. Doch der Widerstand ist stark: Tausende Menschen demonstrieren weltweit f\u00fcr die sofortige Freilassung der inhaftierten Arktissch\u00fctzerinnen und Arktissch\u00fctzer und den sofortigen Stopp von \u00d6lbohrungen in der Arktis.<\/p>\n<\/p>\n<div class=\"events-box big-box right\">\n<div class=\"frame\">\n        <a class=\"open-img EnlargeImage\" href=\"https:\/\/www.greenpeace.ch\/static\/planet4-switzerland-stateless\/2019\/05\/723bf54d-723bf54d-gp04umq.jpg\" title=\"\"><br \/>\n            <img decoding=\"async\" id=\"ctl00_cphContentArea_epiEntryContent_ctl00_ctl02_Image1\" class=\"Thumbnail\" src=\"https:\/\/www.greenpeace.ch\/static\/planet4-switzerland-stateless\/2019\/05\/723bf54d-723bf54d-gp04umq.jpg\" alt=\"\" style=\"border-width:0px;\"><\/p>\n<p>        <\/a>\n    <\/div>\n<div class=\"events-content\">\n        <span class=\"date\">Freitag, 18. Oktober 2013<\/span><br \/>\n        <strong><\/strong><\/p>\n<p>\n            &#8218;Arctic 30&#8216; Global Day of Solidarity \u00a9 Bence Jardany \/ Greenpeace\n        <\/p>\n<\/p>\n<\/div>\n<\/div>\n<p>\u00a0<\/p>\n<p>Wir sind \u00fcberw\u00e4ltigt von der Unterst\u00fctzung, den Briefen, Botschaften und Bildern, die ihr uns f\u00fcr die Arctic30 schickt. Uns erreichen viele Anfragen, was ihr noch machen k\u00f6nnt, um ihnen zu helfen \u2013 vor allem, wenn ihr nicht in der N\u00e4he einer der St\u00e4dte wohnt, in denen wir protestieren. Deswegen haben wir f\u00fcr euch eine Liste erstellt: 30 Dinge f\u00fcr die Arctic 30!<\/p>\n<p>Falls ihr weitere Ideen habt, schreibt sie gern in die Kommentare.<\/p>\n<ul>\n<li><a href=\"http:\/\/www.greenpeace.ch\/30\" target=\"_blank\" rel=\"noopener noreferrer\">Schreibt einen Brief an die russische Botschaft. <\/a><\/li>\n<li><a href=\"http:\/\/www.greenpeace.ch\/arctic30\" target=\"_blank\" rel=\"noopener noreferrer\">Lernt die Arctic 30 kennen \u2013 lest und teilt ihre Profile.<\/a><\/li>\n<li><a href=\"http:\/\/www.greenpeace.org\/switzerland\/de\/Themen\/Arktis\/Arctic-30-Timeline\/\" target=\"_blank\" rel=\"noopener noreferrer\">Lest die Chronologie der Arctic 30 und teilt sie mit eurenFreunden.<\/a><\/li>\n<li><a href=\"https:\/\/www.youtube.com\/watch?v=qJZluDeGI6c\" target=\"_blank\" rel=\"noopener noreferrer\">Schaut und teilt dieses Video \u00fcber Shell und Gazprom.<\/a><\/li>\n<li>Schreibt eine Mail an Familie und Freunde und bittte sie, einen Brief an die russische Botschaft zu schicken.<\/li>\n<li><a href=\"https:\/\/twitter.com\/intent\/tweet?hashtags=FreeTheArctic30&amp;original_referer=https%3A%2F%2Ftwitter.com%2Fabout%2Fresources%2Fbuttons&amp;text=Freiheit%20f%C3%BCr%20die%20Crew%20der%20Arctic%20Sunrise%21%20Unterst%C3%BCtze%20die%20Greenpeace-Aktivisten&amp;tw_p=tweetbutton&amp;url=%C2%B4https%3A%2F%2Fservice.greenpeace.de%2Fthemen%2Foel%2Fmitmach_aktionen%2Faktion%2Fprotest_e_mail%2Ffreilassung_der_greenpeace_aktivisten%2F&amp;via=greenpeace_de\" target=\"_blank\" rel=\"noopener noreferrer\">Twittert mit dem Hashtag #FreeTheArctic30 und teilt unsere Protestmail.<\/a><\/li>\n<li><a href=\"https:\/\/www.facebook.com\/sharer\/sharer.php?u=https:\/\/www.facebook.com\/greenpeace.ch?ref=hl\" target=\"_blank\" rel=\"noopener noreferrer\">Bittet eure Freunde auf Facebook, eine Mail an die russische Botschaft zu schicken.<\/a><\/li>\n<li><a href=\"http:\/\/twibbon.com\/support\/freethearctic30\">\u00c4ndert eureTwitterprofilbilder mit einem Twibbon.<\/a><\/li>\n<li><a href=\"http:\/\/www.greenpeace.org\/switzerland\/de\/Themen\/Arktis\/Free-our-Activists1\/\" target=\"_blank\" rel=\"noopener noreferrer\">Wechselt euer Facebook-Profilbild. <\/a><\/li>\n<li><a href=\"http:\/\/www.greenpeace.org\/switzerland\/de\/Themen\/Arktis\/Brief-an-Marco\/\" target=\"_blank\" rel=\"noopener noreferrer\">Schreibt einen Brief an Marco und die Arctic 30.<\/a><\/li>\n<li><a href=\"http:\/\/www.greenpeace.org\/switzerland\/de\/Themen\/Arktis\/I-am-an-Arctic-Defender\/Peace-Dove\/\" target=\"_blank\" rel=\"noopener noreferrer\">Ladet ein Poster herunter, druckt es aus und h\u00e4ngt es auf.<\/a><\/li>\n<li>Teilt das Poster auf Facebook und markiert eure Freunde darauf.<\/li>\n<li><a href=\"https:\/\/www.facebook.com\/Shell\" target=\"_blank\" rel=\"noopener noreferrer\">Fragt Shell auf Facebook nach den Artic 30.<\/a><\/li>\n<li><a href=\"https:\/\/www.facebook.com\/GazpromNewsEn\">Fragt Gazprom auf Facebook nach den Artic 30.<\/a><\/li>\n<li><a href=\"http:\/\/www.greenpeace.org\/international\/en\/campaigns\/climate-change\/arctic-impacts\/Call-Shell\/\" target=\"_blank\" rel=\"noopener noreferrer\">Ruft Shell an und fragt nach der Zusammenarbeit mit Gazprom.<\/a><\/li>\n<li>Schreibt einen Blog \u00fcber die Arctic30 und teilt ihn mit uns.<\/li>\n<li>Schreibt einen Song \u00fcber die Arctic30 und teilt ihn mit uns.<\/li>\n<li>Schreibt an die Bundesregierung und teilt eure Sorge \u00fcber die Arctic30 mit.<\/li>\n<li>Veranstaltet eine Nachtwache zusammen mit Freunden an einem \u00f6ffentlichen Platz.<\/li>\n<li>Schreibt einen Brief \u00fcber die Arctic 30 an die lokale Zeitung.<\/li>\n<li><a href=\"http:\/\/blog.greenpeace.de\/wp-content\/uploads\/2013\/10\/Lasst-unsere-Aktivisten-frei.pdf\">Druckt den Flyer \u00abLasst unsere Aktivisten frei\u00bb<\/a> und verteilt ihn.<\/li>\n<li>Schreibt positive Kommentare unter die Posts auf Facebook.<\/li>\n<li>Erstellt und teilt Bilder f\u00fcr Social Media.<\/li>\n<li><a href=\"http:\/\/www.greenpeace.org\/international\/Global\/international\/artwork\/climate\/2013\/freethearctic30\/free%20the%20arctic%2030%20letters%20ACTUAL%20SIZE.pdf\" target=\"_blank\" rel=\"noopener noreferrer\">Druckt diese Zeichen aus, schnappt euch 15 Freunde und macht ein Bild. <\/a><\/li>\n<li>F\u00fcgt eurer Email-Signatur ein Banner oder Bild hinzu.<\/li>\n<li>Wenn ihr Sch\u00fcler oder Student seid, redet im Kurs oder in der Klasse \u00fcber die Arctic 30.<\/li>\n<li>Gestaltet ein eigenes Poster.<\/li>\n<li>Helft den Arctic 30, die \u00d6lkonzerne zu besiegen: Wenn ihr normalerweise mit dem Auto zur Arbeit fahrst, versucht es an einem Tag mit dem Rad oder \u00f6ffentlichen Verkehrsmitteln.<\/li>\n<li><a href=\"http:\/\/www.greenpeace.de\/themen\/energie\/erneuerbare_energien\/artikel\/oekostromanbieter\/\" target=\"_blank\" rel=\"noopener noreferrer\">Steigt auf einen \u00d6kostromanbieter um. <\/a><\/li>\n<li>Teilt diese Liste mit drei Freunden.<\/li>\n<\/ul>\n<\/div>\n<\/div>\n","protected":false},"excerpt":{"rendered":"<p>Seit 30 Tagen sitzen 30 M\u00e4nner und Frauen,\u00a0 28 Greenpeace-Aktivisten und zwei Journalisten, nach einem friedlichen Protest an einer \u00d6l-Plattform des russischen Konzerns GAZPROM in Russland in Haft. Alle 30&hellip;<\/p>\n","protected":false},"author":23,"featured_media":11973,"comment_status":"closed","ping_status":"open","sticky":false,"template":"","format":"standard","meta":{"_acf_changed":false,"_planet4_optimize_post_is_variant":false,"_planet4_optimize_experiment_name":"","_planet4_optimize_variant_name":"","ep_exclude_from_search":false,"p4_og_title":"","p4_og_description":"","p4_og_image":"","p4_og_image_id":"","p4_seo_canonical_url":"","p4_campaign_name":"","p4_local_project":"","p4_basket_name":"","p4_department":"","footnotes":""},"categories":[1],"tags":[50],"p4-page-type":[75],"gpch-article-type":[],"class_list":["post-11971","post","type-post","status-publish","format-standard","has-post-thumbnail","hentry","category-unkategorisiert","tag-klima","p4-page-type-story"],"acf":[],"_links":{"self":[{"href":"https:\/\/www.greenpeace.ch\/de\/wp-json\/wp\/v2\/posts\/11971","targetHints":{"allow":["GET"]}}],"collection":[{"href":"https:\/\/www.greenpeace.ch\/de\/wp-json\/wp\/v2\/posts"}],"about":[{"href":"https:\/\/www.greenpeace.ch\/de\/wp-json\/wp\/v2\/types\/post"}],"author":[{"embeddable":true,"href":"https:\/\/www.greenpeace.ch\/de\/wp-json\/wp\/v2\/users\/23"}],"replies":[{"embeddable":true,"href":"https:\/\/www.greenpeace.ch\/de\/wp-json\/wp\/v2\/comments?post=11971"}],"version-history":[{"count":0,"href":"https:\/\/www.greenpeace.ch\/de\/wp-json\/wp\/v2\/posts\/11971\/revisions"}],"wp:featuredmedia":[{"embeddable":true,"href":"https:\/\/www.greenpeace.ch\/de\/wp-json\/wp\/v2\/media\/11973"}],"wp:attachment":[{"href":"https:\/\/www.greenpeace.ch\/de\/wp-json\/wp\/v2\/media?parent=11971"}],"wp:term":[{"taxonomy":"category","embeddable":true,"href":"https:\/\/www.greenpeace.ch\/de\/wp-json\/wp\/v2\/categories?post=11971"},{"taxonomy":"post_tag","embeddable":true,"href":"https:\/\/www.greenpeace.ch\/de\/wp-json\/wp\/v2\/tags?post=11971"},{"taxonomy":"p4-page-type","embeddable":true,"href":"https:\/\/www.greenpeace.ch\/de\/wp-json\/wp\/v2\/p4-page-type?post=11971"},{"taxonomy":"gpch-article-type","embeddable":true,"href":"https:\/\/www.greenpeace.ch\/de\/wp-json\/wp\/v2\/gpch-article-type?post=11971"}],"curies":[{"name":"wp","href":"https:\/\/api.w.org\/{rel}","templated":true}]}}