{"id":12013,"date":"2013-10-04T00:00:00","date_gmt":"2013-10-03T22:00:00","guid":{"rendered":"https:\/\/master.greenpeace.ch\/beitrag\/12013\/jugendsolar-in-derendingen\/"},"modified":"2019-05-30T11:19:09","modified_gmt":"2019-05-30T09:19:09","slug":"jugendsolar-in-derendingen","status":"publish","type":"post","link":"https:\/\/www.greenpeace.ch\/de\/story\/12013\/jugendsolar-in-derendingen\/","title":{"rendered":"Jugendsolar in Derendingen"},"content":{"rendered":"<p><b><\/b><\/p>\n<div class=\"post-content\">\n<div>\n<div class=\"events-box small-box left\">\n<div class=\"frame reset-padding\">\n        <a class=\"open-img EnlargeImage\" href=\"https:\/\/www.greenpeace.ch\/static\/planet4-switzerland-stateless\/2019\/05\/47c4cae2-47c4cae2-img_2681.jpg\" title=\"\"><br \/>\n            <img decoding=\"async\" id=\"ctl00_cphContentArea_epiEntryContent_ctl00_ctl02_Image1\" class=\"Thumbnail\" src=\"https:\/\/www.greenpeace.ch\/static\/planet4-switzerland-stateless\/2019\/05\/47c4cae2-47c4cae2-img_2681.jpg\" alt=\"\" style=\"border-width:0px;\"><\/p>\n<p>        <\/a>\n    <\/div>\n<div class=\"hidden\">\n        <span class=\"date\"><\/span><br \/>\n        <strong><\/strong><\/p>\n<\/p>\n<\/div>\n<\/div>\n<p>Bei herrlichem Sp\u00e4tsommerwetter war <a href=\"http:\/\/www.jugendsolar.ch\/\" target=\"_blank\" rel=\"noopener noreferrer\">jugendsolar<\/a> vom 23. \u2013 29. September zu Gast am <a href=\"http:\/\/www.ozdelu.ch\/thema02_05.php\" target=\"_blank\" rel=\"noopener noreferrer\">Oberstufenzentrum Derendingen-Luterbach<\/a> in Solothurn. Insgesamt 180 Sch\u00fclerinnen und Sch\u00fcler kamen w\u00e4hrend der intensiven Projektwoche in den Genuss, beim Bau der Photovoltaikanlage auf ihrem eigenen Schulhausdach mitzuhelfen.<\/p>\n<p>Die grosse Solaranlage mit gesamthaft 202 kWp Leistung verteilt auf drei Flachd\u00e4cher des Schulhauses, wurde durch die Solar-Genossenschaft <a href=\"http:\/\/www.optimasolar.ch\/optima-solar\/neue-anlagen\/delu-derendingen\/\" target=\"_blank\" rel=\"noopener noreferrer\">OptimaSolar<\/a> realisiert. Da gleichzeitig die Herbstmesse HESO in Solothurn stattfand, nutzte OptimaSolar die Gelegenheit, unter den Besuchern der Messe neue Interessenten f\u00fcr die Anteilscheine der Anlage zu gewinnen. Eine Drohne lieferte spektakul\u00e4re Bilder vom Bau der Anlage an die HESO. Durch die Zeichnung von Anteilscheinen ist die Genossenschaft in der Lage nachhaltigen Solarstrom zu verkaufen und neue Anlagen zu finanzieren.<\/p>\n<p>180 Sch\u00fclerinnen und Sch\u00fcler zu betreuen und auf dem Dach in die Arbeiten einzuweisen, ist eine Aufgabe, die viel Geduld und Fingerspitzengef\u00fchl erfordert. Das war auch f\u00fcr die Bauleiterin <a href=\"http:\/\/www.regioenergie.ch\/\" target=\"_blank\" rel=\"noopener noreferrer\">Regio Energie Solothurn<\/a> eine neue Erfahrung. Trotzdem, oder gerade deswegen, waren alle Beteiligten begeistert vom Einsatzwillen der tatkr\u00e4ftigen Helfer aus der Schule. Mit ein wenig professioneller Unterst\u00fctzung wurden die n\u00f6tigen Aufgaben ohne Tadel erledigt. So konnten alle Verantwortlichen am Ende der Woche eine durchweg positive Bilanz ziehen. Die zufriedenen Gesichter der Sch\u00fclerinnen und Sch\u00fcler nach getaner Arbeit, war Beweis genug f\u00fcr den Erfolg des Projekts.<\/p>\n<p><a href=\"http:\/\/www.optimasolar.ch\/optima-solar\/neue-anlagen\/delu-derendingen\/\" target=\"_blank\" rel=\"noopener noreferrer\">Informationen zur Solaranlage &amp; den Anteilscheinen<\/a><\/p>\n<p><a href=\"http:\/\/www.greenpeace.org\/switzerland\/de\/Themen\/Jugendsolar\/Projekte\/Fotos\/Jugendsolar-in-Derendingen\/\" target=\"_blank\" rel=\"noopener noreferrer\">Hier geht\u2019s zur Fotogalerie<\/a><\/p>\n<\/div>\n<\/div>\n","protected":false},"excerpt":{"rendered":"<p>Bei herrlichem Sp\u00e4tsommerwetter war jugendsolar vom 23. \u2013 29. September zu Gast am Oberstufenzentrum Derendingen-Luterbach in Solothurn. Insgesamt 180 Sch\u00fclerinnen und Sch\u00fcler kamen w\u00e4hrend der intensiven Projektwoche in den Genuss,&hellip;<\/p>\n","protected":false},"author":23,"featured_media":12015,"comment_status":"closed","ping_status":"open","sticky":false,"template":"","format":"standard","meta":{"_acf_changed":false,"_planet4_optimize_post_is_variant":false,"_planet4_optimize_experiment_name":"","_planet4_optimize_variant_name":"","ep_exclude_from_search":false,"p4_og_title":"","p4_og_description":"","p4_og_image":"","p4_og_image_id":"","p4_seo_canonical_url":"","p4_campaign_name":"","p4_local_project":"","p4_basket_name":"","p4_department":"","footnotes":""},"categories":[1],"tags":[50],"p4-page-type":[75],"gpch-article-type":[],"class_list":["post-12013","post","type-post","status-publish","format-standard","has-post-thumbnail","hentry","category-unkategorisiert","tag-klima","p4-page-type-story"],"acf":[],"_links":{"self":[{"href":"https:\/\/www.greenpeace.ch\/de\/wp-json\/wp\/v2\/posts\/12013","targetHints":{"allow":["GET"]}}],"collection":[{"href":"https:\/\/www.greenpeace.ch\/de\/wp-json\/wp\/v2\/posts"}],"about":[{"href":"https:\/\/www.greenpeace.ch\/de\/wp-json\/wp\/v2\/types\/post"}],"author":[{"embeddable":true,"href":"https:\/\/www.greenpeace.ch\/de\/wp-json\/wp\/v2\/users\/23"}],"replies":[{"embeddable":true,"href":"https:\/\/www.greenpeace.ch\/de\/wp-json\/wp\/v2\/comments?post=12013"}],"version-history":[{"count":0,"href":"https:\/\/www.greenpeace.ch\/de\/wp-json\/wp\/v2\/posts\/12013\/revisions"}],"wp:featuredmedia":[{"embeddable":true,"href":"https:\/\/www.greenpeace.ch\/de\/wp-json\/wp\/v2\/media\/12015"}],"wp:attachment":[{"href":"https:\/\/www.greenpeace.ch\/de\/wp-json\/wp\/v2\/media?parent=12013"}],"wp:term":[{"taxonomy":"category","embeddable":true,"href":"https:\/\/www.greenpeace.ch\/de\/wp-json\/wp\/v2\/categories?post=12013"},{"taxonomy":"post_tag","embeddable":true,"href":"https:\/\/www.greenpeace.ch\/de\/wp-json\/wp\/v2\/tags?post=12013"},{"taxonomy":"p4-page-type","embeddable":true,"href":"https:\/\/www.greenpeace.ch\/de\/wp-json\/wp\/v2\/p4-page-type?post=12013"},{"taxonomy":"gpch-article-type","embeddable":true,"href":"https:\/\/www.greenpeace.ch\/de\/wp-json\/wp\/v2\/gpch-article-type?post=12013"}],"curies":[{"name":"wp","href":"https:\/\/api.w.org\/{rel}","templated":true}]}}