{"id":12036,"date":"2013-09-27T00:00:00","date_gmt":"2013-09-26T22:00:00","guid":{"rendered":"https:\/\/master.greenpeace.ch\/beitrag\/12036\/weltklimarat-warnt-klima-wird-immer-waermer\/"},"modified":"2019-05-30T11:19:44","modified_gmt":"2019-05-30T09:19:44","slug":"weltklimarat-warnt-klima-wird-immer-waermer","status":"publish","type":"post","link":"https:\/\/www.greenpeace.ch\/de\/story\/12036\/weltklimarat-warnt-klima-wird-immer-waermer\/","title":{"rendered":"Weltklimarat warnt: Klima wird immer w\u00e4rmer"},"content":{"rendered":"<p><b>Der Klimawandel geht unvermindert weiter. Das ist ein zentrales Ergebnis des f\u00fcnften Berichtes des Weltklimarates\u00a0IPCC, der heute in Stockholm ver\u00f6ffentlicht wurde. Auf \u00fcber 2000 Seiten haben 850 Wissenschaftler aus aller Welt den Stand der Klimaforschung zusammengetragen.<\/b><\/p>\n<div class=\"post-content\">\n<div>\n<h2><strong>Der Klimawandel geht unvermindert weiter. Das ist ein zentrales Ergebnis des f\u00fcnften Berichtes des Weltklimarates\u00a0<abbr title=\"Intergovernmental Panel on Climate Change\">IPCC<\/abbr>, der heute in Stockholm ver\u00f6ffentlicht wurde. Auf \u00fcber 2000 Seiten haben 850 Wissenschaftler aus aller Welt den Stand der Klimaforschung zusammengetragen.<\/strong><\/h2>\n<p class=\"teaser\"><strong><\/p>\n<div class=\"events-box big-box left\">\n<div class=\"frame\">\n        <a class=\"open-img EnlargeImage\" href=\"https:\/\/www.greenpeace.ch\/static\/planet4-switzerland-stateless\/2019\/05\/46d74426-46d74426-gp04tjv-1.jpg\" title=\"\"><br \/>\n            <img decoding=\"async\" id=\"ctl00_cphContentArea_epiEntryContent_ctl00_ctl02_Image1\" class=\"Thumbnail\" src=\"https:\/\/www.greenpeace.ch\/static\/planet4-switzerland-stateless\/2019\/05\/46d74426-46d74426-gp04tjv-1.jpg\" alt=\"\" style=\"border-width:0px;\"><\/p>\n<p>        <\/a>\n    <\/div>\n<div class=\"events-content no-title\">\n        <span class=\"date\"><\/span><br \/>\n        <strong><\/strong><\/p>\n<p>\n            Greenpeace-Aktion in Stockholm: Die Arktis ist in Gefahr, weil der Klimawandel voranschreitet und verschiedene Konzerne die \u00d6lvorkommen n\u00f6rdlich der arktischen Eisgrenze kommerziell ausbeuten wollen.\n        <\/p>\n<\/p>\n<\/div>\n<\/div>\n<p>\u00a0<br \/><\/strong><\/p>\n<p>\u201eWir sind mittendrin im Klimawandel. Das Schmelzen des arktischen Eises, der Anstieg des Meeresspiegels und die Versauerung der Meere schreiten voran\u201c, sagt\u00a0<span lang=\"en\">Greenpeace<\/span>-Klimaexperte Karsten Smid. \u201eWir m\u00fcssen weg von der klimasch\u00e4dlichen Verbrennung von Kohle und \u00d6l\u00bb, so der Experte. Durch das Verbrennen von Kohle, Gas und \u00d6l steigen die Temperaturen. Jedes der drei letzten Jahrzehnte war w\u00e4rmer als alle vorangegangenen seit 1850.<\/p>\n<p>\u201eNoch schluckt das Meer einen Gro\u00dfteil der durch\u00a0<abbr title=\"Kohlendioxid\">CO2<\/abbr>\u00a0verursachten Temperaturerh\u00f6hung. Das kann die Ruhe vor dem Sturm sein. Wenn das Meer die gespeicherte Hitze wieder abgibt, werden die Folgen umso heftiger sein\u201c, sagt Smid. Aber einige L\u00e4nder agieren weiterhin als g\u00e4be es eine zweite Welt.<\/p>\n<p>Besonders Russland ignoriert die Warnungen des Weltklimarates und m\u00f6chte \u00d6l- und Gasvorkommen in den \u00f6kologisch sensiblen Gebieten der Arktis ausbeuten.\u00a0<span lang=\"en\">Greenpeace<\/span>\u00a0warnt schon seit Jahren vor \u00d6lbohrungen in dem Gebiet. Ausgerechnet den\u00a0<span lang=\"en\">Greenpeace<\/span>-Aktivisten, die dort friedlich protestiert haben, drohen derzeit in Russland lange Haftstrafen.<\/p>\n<p>Lesen Sie unsere ausf\u00fchrliche \u00dcbersicht zum\u00a0<abbr title=\"Intergovernmental Panel on Climate Change\">IPCC<\/abbr>-Bericht:\u00a0<\/p>\n<div class=\"external_fullview\">\n<p><a title=\"View Greenpeace-Analyse vom IPCC-Bericht on Scribd\" href=\"http:\/\/de.scribd.com\/doc\/171394067\/Greenpeace-Analyse-vom-IPCC-Bericht\"><span lang=\"en\">Greenpeace<\/span>-Analyse vom\u00a0<abbr title=\"Intergovernmental Panel on Climate Change\">IPCC<\/abbr>-Bericht<\/a>\u00a0by\u00a0<a title=\"View Greenpeace Germany's profile on Scribd\" href=\"http:\/\/www.scribd.com\/greenpeacede\"><span lang=\"en\">Greenpeace<\/span>\u00a0Germany<\/a><\/p>\n<\/div>\n<\/div>\n<\/div>\n","protected":false},"excerpt":{"rendered":"<p>Der Klimawandel geht unvermindert weiter. Das ist ein zentrales Ergebnis des f\u00fcnften Berichtes des Weltklimarates\u00a0IPCC, der heute in Stockholm ver\u00f6ffentlicht wurde. Auf \u00fcber 2000 Seiten haben 850 Wissenschaftler aus aller&hellip;<\/p>\n","protected":false},"author":23,"featured_media":12038,"comment_status":"closed","ping_status":"open","sticky":false,"template":"","format":"standard","meta":{"_acf_changed":false,"_planet4_optimize_post_is_variant":false,"_planet4_optimize_experiment_name":"","_planet4_optimize_variant_name":"","ep_exclude_from_search":false,"p4_og_title":"","p4_og_description":"","p4_og_image":"","p4_og_image_id":"","p4_seo_canonical_url":"","p4_campaign_name":"","p4_local_project":"","p4_basket_name":"","p4_department":"","footnotes":""},"categories":[1],"tags":[50],"p4-page-type":[75],"gpch-article-type":[],"class_list":["post-12036","post","type-post","status-publish","format-standard","has-post-thumbnail","hentry","category-unkategorisiert","tag-klima","p4-page-type-story"],"acf":[],"_links":{"self":[{"href":"https:\/\/www.greenpeace.ch\/de\/wp-json\/wp\/v2\/posts\/12036","targetHints":{"allow":["GET"]}}],"collection":[{"href":"https:\/\/www.greenpeace.ch\/de\/wp-json\/wp\/v2\/posts"}],"about":[{"href":"https:\/\/www.greenpeace.ch\/de\/wp-json\/wp\/v2\/types\/post"}],"author":[{"embeddable":true,"href":"https:\/\/www.greenpeace.ch\/de\/wp-json\/wp\/v2\/users\/23"}],"replies":[{"embeddable":true,"href":"https:\/\/www.greenpeace.ch\/de\/wp-json\/wp\/v2\/comments?post=12036"}],"version-history":[{"count":0,"href":"https:\/\/www.greenpeace.ch\/de\/wp-json\/wp\/v2\/posts\/12036\/revisions"}],"wp:featuredmedia":[{"embeddable":true,"href":"https:\/\/www.greenpeace.ch\/de\/wp-json\/wp\/v2\/media\/12038"}],"wp:attachment":[{"href":"https:\/\/www.greenpeace.ch\/de\/wp-json\/wp\/v2\/media?parent=12036"}],"wp:term":[{"taxonomy":"category","embeddable":true,"href":"https:\/\/www.greenpeace.ch\/de\/wp-json\/wp\/v2\/categories?post=12036"},{"taxonomy":"post_tag","embeddable":true,"href":"https:\/\/www.greenpeace.ch\/de\/wp-json\/wp\/v2\/tags?post=12036"},{"taxonomy":"p4-page-type","embeddable":true,"href":"https:\/\/www.greenpeace.ch\/de\/wp-json\/wp\/v2\/p4-page-type?post=12036"},{"taxonomy":"gpch-article-type","embeddable":true,"href":"https:\/\/www.greenpeace.ch\/de\/wp-json\/wp\/v2\/gpch-article-type?post=12036"}],"curies":[{"name":"wp","href":"https:\/\/api.w.org\/{rel}","templated":true}]}}